{"id":32843,"date":"2023-07-26T01:12:40","date_gmt":"2023-07-25T23:12:40","guid":{"rendered":"http:\/\/www.infokuryr.cz\/n\/?p=32843"},"modified":"2023-07-25T19:31:02","modified_gmt":"2023-07-25T17:31:02","slug":"jiri-paroubek-kdyz-dva-delaji-totez-neni-to-totez-aneb-tridni-spravedlnost","status":"publish","type":"post","link":"https:\/\/www.infokuryr.cz\/n\/2023\/07\/26\/jiri-paroubek-kdyz-dva-delaji-totez-neni-to-totez-aneb-tridni-spravedlnost\/","title":{"rendered":"Ji\u0159\u00ed Paroubek: Kdy\u017e dva d\u011blaj\u00ed tot\u00e9\u017e, nen\u00ed to tot\u00e9\u017e. Aneb t\u0159\u00eddn\u00ed spravedlnost?"},"content":{"rendered":"<div id=\"fb-root\"><\/div>\n<p><strong>Ned\u00e1vno byl odsouzen na p\u011bt a p\u016fl roku natvrdo jak\u00fdsi Tom\u00e1\u0161 \u010cerm\u00e1k za n\u00e1sleduj\u00edc\u00ed v\u00fdrok: \u201eMus\u00edme t\u011bm dobytk\u016fm zarazit tipec, vyneseme je za ryp\u00e1ky a nah\u00e1z\u00edme je do \u0159eky.\u201c<\/strong><\/p>\n<p>Jestli jsem z kontextu dob\u0159e pochopil, pak pokud jde o ty \u201edobytky\u201c, myslel t\u00edm asi p\u00e1ny z vl\u00e1dy a ty ostatn\u00ed vulgarity u\u017e nebudu ani komentovat.<\/p>\n<p>V tomto p\u0159\u00edpad\u011b byla policie, org\u00e1ny \u010dinn\u00e9 v trestn\u00edm \u0159\u00edzen\u00ed a soud velmi rychl\u00e9 a \u00fa\u010dinn\u00e9. Nem\u00e1m d\u016fvodu p\u0159\u00edli\u0161 zpochyb\u0148ovat tento soudn\u00ed verdikt. I kdy\u017e je to n\u011bco takov\u00e9ho, pokud jde o \u010dleny vl\u00e1dy, jako ur\u00e1\u017eka majest\u00e1tu\u2026<\/p>\n<p><strong>Starosta \u0158eporyj\u00ed Pavel Novotn\u00fd, d\u016fle\u017eit\u00e1 figura vl\u00e1dn\u00ed ODS<\/strong>, ve kter\u00e9 dokonce kandidoval na m\u00edstop\u0159edsedu strany (a z\u00edskal pom\u011brn\u011b dost hlas\u016f), se ve\u0159ejn\u011b vyj\u00e1d\u0159il n\u00e1sleduj\u00edc\u00edm zp\u016fsobem: <strong>\u201e\u010ce\u0161i by pot\u0159ebovali v\u00e1lku. Vyhnat je v noci z bar\u00e1ku, zab\u00edt d\u00edt\u011b, \u017eenu, pod\u0159\u00edznout a zap\u00e1lit bar\u00e1k.\u201c<\/strong><\/p>\n<p>Krev mn\u011b stydne v \u017eil\u00e1ch, kdy\u017e \u010dtu takov\u00e1to n\u00e1rod a ob\u010dany ur\u00e1\u017eej\u00edc\u00ed vyj\u00e1d\u0159en\u00ed. Nech\u00e1pu, v \u010dem se oba dva v\u00fdroky vlastn\u011b li\u0161\u00ed. To Novotn\u00e9ho vyj\u00e1d\u0159en\u00ed je opravdu d\u011bsupln\u00e9 a j\u00e1 nevid\u00edm \u017e\u00e1dn\u00fdch velk\u00fdch kvalitativn\u00edch rozd\u00edl\u016f mezi ob\u011bma t\u011bmito v\u00fdroky.<\/p>\n<p>\u010cerm\u00e1k\u016fv v\u00fdrok se t\u00fdk\u00e1 pom\u011brn\u011b \u00fazk\u00e9 skupiny lid\u00ed (vl\u00e1da). Novotn\u00e9ho v\u00fdrok ur\u00e1\u017e\u00ed \u010desk\u00fd n\u00e1rod jako celek. Rozd\u00edl je ale zcela z\u00e1sadn\u00ed v jedn\u00e9 v\u011bci. \u010cerm\u00e1k\u016fv v\u00fdrok byl potrest\u00e1n soudn\u00edm rozhodnut\u00edm a u Novotn\u00e9ho v\u00fdroku ticho po p\u011b\u0161in\u011b. Mo\u017en\u00e1, \u017ee Novotn\u00e9mu jeho l\u00e9ka\u0159 jen zv\u00fd\u0161il d\u00e1vku uklid\u0148uj\u00edc\u00edch prost\u0159edk\u016f&#8230;<\/p>\n<p><a href=\"https:\/\/vasevec.info\/domaci-politika\/kdyz-dva-delaji-totez-neni-totez-aneb-tridni-spravedlnost\">Ji\u0159\u00ed Paroubek<\/a><\/p>\n<p><img decoding=\"async\" loading=\"lazy\" class=\"alignnone size-medium wp-image-2342\" src=\"http:\/\/www.infokuryr.cz\/n\/wp-content\/uploads\/2021\/06\/paroubek-300x208.jpg\" alt=\"\" width=\"300\" height=\"208\" srcset=\"https:\/\/www.infokuryr.cz\/n\/wp-content\/uploads\/2021\/06\/paroubek-300x208.jpg 300w, https:\/\/www.infokuryr.cz\/n\/wp-content\/uploads\/2021\/06\/paroubek.jpg 318w\" sizes=\"(max-width: 300px) 100vw, 300px\" \/><\/p>\n<p>&nbsp;<\/p>\n<p>&nbsp;<\/p>\n<p><a href=\"https:\/\/stranapro.cz\/\"><img decoding=\"async\" loading=\"lazy\" class=\"wp-image-30218 aligncenter\" src=\"http:\/\/www.infokuryr.cz\/n\/wp-content\/uploads\/2023\/06\/PRO-banner-300x36.png\" alt=\"\" width=\"1367\" height=\"164\" srcset=\"https:\/\/www.infokuryr.cz\/n\/wp-content\/uploads\/2023\/06\/PRO-banner-300x36.png 300w, https:\/\/www.infokuryr.cz\/n\/wp-content\/uploads\/2023\/06\/PRO-banner-768x93.png 768w, https:\/\/www.infokuryr.cz\/n\/wp-content\/uploads\/2023\/06\/PRO-banner.png 849w\" sizes=\"(max-width: 1367px) 100vw, 1367px\" \/><\/a><\/p>\n<p>&nbsp;<\/p>\n<p>&nbsp;<\/p>\n<p>&nbsp;<\/p>\n","protected":false},"excerpt":{"rendered":"<p>Ned\u00e1vno byl odsouzen na p\u011bt a p\u016fl roku natvrdo jak\u00fdsi Tom\u00e1\u0161 \u010cerm\u00e1k za n\u00e1sleduj\u00edc\u00ed v\u00fdrok:&#8230;<\/p>\n","protected":false},"author":2,"featured_media":24220,"comment_status":"closed","ping_status":"closed","sticky":false,"template":"","format":"standard","meta":[],"categories":[6],"tags":[506,33,29,86,520],"_links":{"self":[{"href":"https:\/\/www.infokuryr.cz\/n\/wp-json\/wp\/v2\/posts\/32843"}],"collection":[{"href":"https:\/\/www.infokuryr.cz\/n\/wp-json\/wp\/v2\/posts"}],"about":[{"href":"https:\/\/www.infokuryr.cz\/n\/wp-json\/wp\/v2\/types\/post"}],"author":[{"embeddable":true,"href":"https:\/\/www.infokuryr.cz\/n\/wp-json\/wp\/v2\/users\/2"}],"replies":[{"embeddable":true,"href":"https:\/\/www.infokuryr.cz\/n\/wp-json\/wp\/v2\/comments?post=32843"}],"version-history":[{"count":1,"href":"https:\/\/www.infokuryr.cz\/n\/wp-json\/wp\/v2\/posts\/32843\/revisions"}],"predecessor-version":[{"id":32844,"href":"https:\/\/www.infokuryr.cz\/n\/wp-json\/wp\/v2\/posts\/32843\/revisions\/32844"}],"wp:featuredmedia":[{"embeddable":true,"href":"https:\/\/www.infokuryr.cz\/n\/wp-json\/wp\/v2\/media\/24220"}],"wp:attachment":[{"href":"https:\/\/www.infokuryr.cz\/n\/wp-json\/wp\/v2\/media?parent=32843"}],"wp:term":[{"taxonomy":"category","embeddable":true,"href":"https:\/\/www.infokuryr.cz\/n\/wp-json\/wp\/v2\/categories?post=32843"},{"taxonomy":"post_tag","embeddable":true,"href":"https:\/\/www.infokuryr.cz\/n\/wp-json\/wp\/v2\/tags?post=32843"}],"curies":[{"name":"wp","href":"https:\/\/api.w.org\/{rel}","templated":true}]}}