{"id":3282,"date":"2021-07-13T04:27:22","date_gmt":"2021-07-13T02:27:22","guid":{"rendered":"http:\/\/www.infokuryr.cz\/n\/?p=3282"},"modified":"2021-07-13T04:27:22","modified_gmt":"2021-07-13T02:27:22","slug":"jak-je-mozne-podlehnout-tak-pruhledne-lzi","status":"publish","type":"post","link":"https:\/\/www.infokuryr.cz\/n\/2021\/07\/13\/jak-je-mozne-podlehnout-tak-pruhledne-lzi\/","title":{"rendered":"Jak je mo\u017en\u00e9 podlehnout tak pr\u016fhledn\u00e9 l\u017ei"},"content":{"rendered":"<div id=\"fb-root\"><\/div>\n<p>Od doby, co m\u011b \u00fapln\u011b a nadobro p\u0159e\u0161lo p\u0159esv\u011bd\u010dov\u00e1n\u00ed ovc\u00ed, jsem se hloub\u011bji za\u010dal zab\u00fdvat anal\u00fdzou jejich my\u0161len\u00ed. Jak je mo\u017en\u00e9 podlehnout tak pr\u016fhledn\u00e9 l\u017ei, i kdy\u017e m\u00e1 dan\u00e1 ovce v\u0161echny kognitivn\u00ed funkce v po\u0159\u00e1dku, IQ vy\u0161\u0161\u00ed ne\u017e 100 a dokonce i n\u011bjak\u00fd ten titul.<\/p>\n<p>Kdy\u017e jsem je\u0161t\u011b p\u0159edn\u00e1\u0161el o psychologii marketingu, jako jednu z hlavn\u00edch strategii jsem uv\u00e1d\u011bl vyu\u017eit\u00ed autorit &#8211; bu\u010f odborn\u00fdch, nebo laick\u00fdch (celebrity).<\/p>\n<p>Doch\u00e1z\u00edm postupn\u011b k n\u00e1zoru, \u017ee davov\u00e1 hypn\u00f3za s te\u010dkou se projevuje zejm\u00e9na u jedinc\u016f, kte\u0159\u00ed snadno podl\u00e9haj\u00ed autorit\u00e1m a maj\u00ed v n\u011b bezmeznou a iracion\u00e1ln\u00ed d\u016fv\u011bru (a to \u010dasto selektivn\u011b na z\u00e1klad\u011b confirmation bias &#8211; tj. za autority cyklicky pova\u017euji jen ty, kter\u00e9 jim potvrzuj\u00ed jejich n\u00e1zor, ty co maj\u00ed jin\u00fd n\u00e1zor \u0161mahem zavrhnou jako konspir\u00e1tory, a to bez sebemen\u0161\u00edho ohledu na jejich titul, odborn\u00e9 vzd\u011bl\u00e1n\u00ed nebo re\u00e1lnou zku\u0161enost).<\/p>\n<p>K tomu se p\u0159id\u00e1v\u00e1 fenom\u00e9n narcismu (tak skv\u011bl\u00fd \u010dlov\u011bk jako j\u00e1 p\u0159ece nem\u016f\u017ee jen tak zem\u0159\u00edt, co by si sv\u011bt po\u010dal), obsedantn\u011b kompulzivn\u00ed porucha (neust\u00e1l\u00e9 no\u0161en\u00ed rou\u0161ky i po vakcinaci, koup\u00e1n\u00ed se v dezinfekci) a hypochondrie. Nakonec pak strach z vnit\u0159n\u00edho obvi\u0148ov\u00e1n\u00ed se za p\u0159\u00edpadnou smrt, kterou by zp\u016fsobili sv\u00fdm nejbli\u017e\u0161\u00edm nebo \u0161ir\u0161\u00edmu okoli, kdyby podobn\u00e9 ritu\u00e1ly neabsolvovali, co\u017e je op\u011bt v\u00fdraz kognitivn\u00ed disonance &#8211; jedn\u00edm dechem dod\u00e1vaj\u00ed, \u017ee jejich odborn\u00edci v\u011bd\u00ed a maj\u00ed pravdu, ti ale zase jasn\u011b \u0159\u00edkaj\u00ed, \u017ee &#8222;nikdo nic nev\u00ed&#8220; (tak\u017ee vakcina je \u0159e\u0161en\u00ed, ale z\u00e1rove\u0148 vakcinovan\u00ed m\u016f\u017eou d\u00e1le \u0161\u00ed\u0159it i dostat CVD, takze rad\u011bji d\u00e1le ty rou\u0161ky a 2 metry, dv\u011b vachc\u00edny asi nesta\u010d\u00ed, tak t\u0159i, nebo mo\u017en\u00e1 4 atd).<\/p>\n<p>K tomu je t\u0159eba p\u0159i\u010d\u00edst Maslowovu pyramidu hodnot &#8211; lid\u00e9 nejv\u00edc tou\u017e\u00ed nikoli po pen\u011bz\u00edch, ale po uzn\u00e1n\u00ed. Pokud p\u0159evl\u00e1dne n\u00e1zor, \u017ee te\u010dka je spr\u00e1vn\u00e1 v\u011bc, oni se st\u00e1vaj\u00ed sou\u010d\u00e1st\u00ed t\u011bch spr\u00e1vn\u00fdch a je jim tlesk\u00e1no. U\u017e jsou dost dob\u0159e vytr\u00e9novan\u00ed progresivistickymi soci\u00e1ln\u00edmi bod\u00edky &#8211; tzn u\u017e automaticky nepou\u017e\u00edvaj\u00ed slova jako negr nebo buzerant, te\u010f se jen pro zmenu fot\u00ed na Insta a p\u00ed\u0161ou si hashtag &#8222;holka na Phizeru&#8220; ov\u0161em anglicky, aby to bylo in.<\/p>\n<p>Jedna se o tzv social signalling, cesky masturbace nad sv\u00fdm dobro\u010dlov\u011b\u010denstv\u00edm. Touha po uzn\u00e1n\u00ed je u t\u011bchto jedinc\u016f siln\u011bj\u0161\u00ed ne\u017e pud sebezachovy. Proto i lid\u00e9, kte\u0159\u00ed skon\u010dili na voz\u00edku ihned po aplikaci vakc\u00edny, d\u00e1le vyb\u00edzej\u00ed ostatn\u00ed, a\u0165 se t\u00edm nenechaj\u00ed odradit. Je to stejn\u00e9, jako kdy\u017e b\u00edlou d\u00edvku zn\u00e1siln\u00ed gang z jin\u00e9 kulturn\u00ed oblasti, ale ona nep\u0159izn\u00e1 jejich identitu, proto\u017ee nebude podporovat rasismus.<\/p>\n<p>ROMAN MOSKOWSKY<\/p>\n<p>&nbsp;<\/p>\n","protected":false},"excerpt":{"rendered":"<p>Od doby, co m\u011b \u00fapln\u011b a nadobro p\u0159e\u0161lo p\u0159esv\u011bd\u010dov\u00e1n\u00ed ovc\u00ed, jsem se hloub\u011bji za\u010dal zab\u00fdvat&#8230;<\/p>\n","protected":false},"author":2,"featured_media":3283,"comment_status":"closed","ping_status":"closed","sticky":false,"template":"","format":"standard","meta":[],"categories":[6],"tags":[29],"_links":{"self":[{"href":"https:\/\/www.infokuryr.cz\/n\/wp-json\/wp\/v2\/posts\/3282"}],"collection":[{"href":"https:\/\/www.infokuryr.cz\/n\/wp-json\/wp\/v2\/posts"}],"about":[{"href":"https:\/\/www.infokuryr.cz\/n\/wp-json\/wp\/v2\/types\/post"}],"author":[{"embeddable":true,"href":"https:\/\/www.infokuryr.cz\/n\/wp-json\/wp\/v2\/users\/2"}],"replies":[{"embeddable":true,"href":"https:\/\/www.infokuryr.cz\/n\/wp-json\/wp\/v2\/comments?post=3282"}],"version-history":[{"count":0,"href":"https:\/\/www.infokuryr.cz\/n\/wp-json\/wp\/v2\/posts\/3282\/revisions"}],"wp:featuredmedia":[{"embeddable":true,"href":"https:\/\/www.infokuryr.cz\/n\/wp-json\/wp\/v2\/media\/3283"}],"wp:attachment":[{"href":"https:\/\/www.infokuryr.cz\/n\/wp-json\/wp\/v2\/media?parent=3282"}],"wp:term":[{"taxonomy":"category","embeddable":true,"href":"https:\/\/www.infokuryr.cz\/n\/wp-json\/wp\/v2\/categories?post=3282"},{"taxonomy":"post_tag","embeddable":true,"href":"https:\/\/www.infokuryr.cz\/n\/wp-json\/wp\/v2\/tags?post=3282"}],"curies":[{"name":"wp","href":"https:\/\/api.w.org\/{rel}","templated":true}]}}