{"id":3280,"date":"2021-07-13T04:23:24","date_gmt":"2021-07-13T02:23:24","guid":{"rendered":"http:\/\/www.infokuryr.cz\/n\/?p=3280"},"modified":"2021-07-13T04:23:24","modified_gmt":"2021-07-13T02:23:24","slug":"jak-dlouho-uz-nas-vodi-za-nos","status":"publish","type":"post","link":"https:\/\/www.infokuryr.cz\/n\/2021\/07\/13\/jak-dlouho-uz-nas-vodi-za-nos\/","title":{"rendered":"Jak dlouho u\u017e n\u00e1s vod\u00ed za nos?"},"content":{"rendered":"<div id=\"fb-root\"><\/div>\n<p>Dnes se s v\u00e1mi chci pod\u011blit o jednu malou \u00favahu. Nebo sp\u00ed\u0161 ot\u00e1zku. Jak dlouho u\u017e n\u00e1s vod\u00ed za nos? V\u010dera jsem se pod\u00edvala na dokument Me\u010diar. \u017dila jsem v dob\u011b jeho n\u00e1stupu a nejv\u011bt\u0161\u00ed sl\u00e1vy na Slovensku, tak m\u011b t\u00e9ma o pozad\u00ed jeho vl\u00e1dy zaj\u00edm\u00e1.<\/p>\n<p>Kdy\u017e dnes v\u00edm to, co v\u00edm, d\u00edv\u00e1m se na jeho \u00e9ru u\u017e trochu jinak. Tehdy jsem ho taky nem\u011bla r\u00e1da, ale m\u016fj nesouhlas s n\u00edm byl sp\u00ed\u0161e ur\u010den\u00fd t\u00edm, \u017ee mi byl nesympatick\u00fd. V dokumentu, kter\u00fd nebyl a\u017e tak \u00fato\u010dn\u00fd, bylo jasn\u011b vid\u011bt, \u017ee z\u00e1padn\u00ed struktury a &#8222;bidenovsk\u00e1 a obamovsk\u00e1&#8220; Amerika Me\u010diara nesn\u00e1\u0161ely a necht\u011bly ho.<\/p>\n<p>Napad\u00e1 m\u011b, pro\u010d ho tak moc necht\u011bli? A co kdy\u017e proti n\u011bmu d\u011blali podvratn\u00e9 akce? \u010c\u00edm jim tak moc vadil? Nepom\u00e1hali jen jeho konkurenci (proz\u00e1padn\u00edm liber\u00e1l\u016fm), kte\u0159\u00ed se cht\u011bli dostat k moci? Sam\u00e9 ot\u00e1zky&#8230;<\/p>\n<p>D\u00e1le byl v dokumentu rozhovor i se slovensk\u00fdm &#8222;Prchalem&#8220; &#8211; Fedorem Fla\u0161\u00edkem. A je jasn\u00e9, \u017ee \u017e\u00e1dn\u00e1 kampa\u0148, \u017e\u00e1dn\u00e9 miliony pen\u011bz, nenahrad\u00ed siln\u00e9 charisma politika. A to charisma mus\u00ed vych\u00e1zet z \u010dlov\u011bka, ned\u00e1 se to nau\u010dit. Je tvo\u0159en\u00e9 schopnost\u00ed poslouchat n\u00e1lady ve\u0159ejnosti, m\u00edt o lidi skute\u010dn\u00fd z\u00e1jem a taky se neb\u00e1t n\u011bco pro ty lidi d\u011blat.<\/p>\n<p>Re\u00e1ln\u011b a uv\u011b\u0159iteln\u011b. Nesta\u010d\u00ed jen mluvit. Jednozna\u010dn\u011b n\u00e1m p\u0159\u00edklad Slovenska ukazuje, \u017ee odporovat Z\u00e1padu se nevypl\u00e1c\u00ed. A mo\u017en\u00e1 je i m\u011b\u0159\u00edtkem. Politik, kter\u00e9ho maj\u00ed r\u00e1di v Bruselu a v bidenovsk\u00e9m B\u00edl\u00e9m dom\u011b, nen\u00ed pro ob\u010dany dobr\u00fdm politikem!<\/p>\n<p>B\u016fhv\u00ed, jak v\u0161e na Slovensku tehdy bylo. Rozhodn\u011b to nebylo tak, jak n\u00e1m to m\u00e9dia tehdy ukazovala. Interpretace Me\u010diara jako nejv\u011bt\u0161\u00edho zla Slovenska je fale\u0161n\u00e1. Stejn\u011b tak, jak je fale\u0161n\u00e9 za nejv\u011bt\u0161\u00ed zlo na Slovensku dnes vyd\u00e1vat Fica.<\/p>\n<p>Eva Hrindov\u00e1<\/p>\n<p>&nbsp;<\/p>\n","protected":false},"excerpt":{"rendered":"<p>Dnes se s v\u00e1mi chci pod\u011blit o jednu malou \u00favahu. Nebo sp\u00ed\u0161 ot\u00e1zku. Jak dlouho&#8230;<\/p>\n","protected":false},"author":2,"featured_media":3281,"comment_status":"closed","ping_status":"closed","sticky":false,"template":"","format":"standard","meta":[],"categories":[6],"tags":[636,29,874,203],"_links":{"self":[{"href":"https:\/\/www.infokuryr.cz\/n\/wp-json\/wp\/v2\/posts\/3280"}],"collection":[{"href":"https:\/\/www.infokuryr.cz\/n\/wp-json\/wp\/v2\/posts"}],"about":[{"href":"https:\/\/www.infokuryr.cz\/n\/wp-json\/wp\/v2\/types\/post"}],"author":[{"embeddable":true,"href":"https:\/\/www.infokuryr.cz\/n\/wp-json\/wp\/v2\/users\/2"}],"replies":[{"embeddable":true,"href":"https:\/\/www.infokuryr.cz\/n\/wp-json\/wp\/v2\/comments?post=3280"}],"version-history":[{"count":0,"href":"https:\/\/www.infokuryr.cz\/n\/wp-json\/wp\/v2\/posts\/3280\/revisions"}],"wp:featuredmedia":[{"embeddable":true,"href":"https:\/\/www.infokuryr.cz\/n\/wp-json\/wp\/v2\/media\/3281"}],"wp:attachment":[{"href":"https:\/\/www.infokuryr.cz\/n\/wp-json\/wp\/v2\/media?parent=3280"}],"wp:term":[{"taxonomy":"category","embeddable":true,"href":"https:\/\/www.infokuryr.cz\/n\/wp-json\/wp\/v2\/categories?post=3280"},{"taxonomy":"post_tag","embeddable":true,"href":"https:\/\/www.infokuryr.cz\/n\/wp-json\/wp\/v2\/tags?post=3280"}],"curies":[{"name":"wp","href":"https:\/\/api.w.org\/{rel}","templated":true}]}}