{"id":32765,"date":"2023-07-25T01:10:01","date_gmt":"2023-07-24T23:10:01","guid":{"rendered":"http:\/\/www.infokuryr.cz\/n\/?p=32765"},"modified":"2023-07-24T19:32:11","modified_gmt":"2023-07-24T17:32:11","slug":"kreml-vyjadruje-hlubokou-soustrast-rodine-a-pratelum-vojenskeho-zpravodaje-rostislava-zuravljova","status":"publish","type":"post","link":"https:\/\/www.infokuryr.cz\/n\/2023\/07\/25\/kreml-vyjadruje-hlubokou-soustrast-rodine-a-pratelum-vojenskeho-zpravodaje-rostislava-zuravljova\/","title":{"rendered":"Kreml vyjad\u0159uje hlubokou soustrast rodin\u011b a p\u0159\u00e1tel\u016fm vojensk\u00e9ho zpravodaje Rostislava \u017duravljova"},"content":{"rendered":"<div id=\"fb-root\"><\/div>\n<p><strong>Kreml vyjad\u0159uje hlubokou soustrast rodin\u011b a p\u0159\u00e1tel\u016fm vojensk\u00e9ho zpravodaje Rostislava \u017duravljova, kter\u00fd zahynul v z\u00f3n\u011b speci\u00e1ln\u00ed vojensk\u00e9 operace, a cel\u00e9mu \u0161t\u00e1bu agentury RIA Novosti, uvedl kremelsk\u00fd mluv\u010d\u00ed Dmitrij Peskov.<\/strong><\/p>\n<p>Prohl\u00e1sil, \u017ee do\u0161lo k z\u00e1m\u011brn\u00e9mu \u00fatoku na novin\u00e1\u0159e a za tento \u00fatok nese odpov\u011bdnost kyjevsk\u00fd re\u017eim.<\/p>\n<p>\u201eMy v\u0161ichni hluboce souc\u00edt\u00edme s rodinou i p\u0159\u00e1teli Rostislava \u017duravljova. P\u0159ejeme brzk\u00e9 uzdraven\u00ed ostatn\u00edm chlapc\u016fm, kte\u0159\u00ed byli v d\u016fsledku tohoto \u00fatoku zran\u011bni,\u201c \u0159ekl Peskov.<\/p>\n<p><img decoding=\"async\" loading=\"lazy\" class=\"alignnone size-full wp-image-1185\" src=\"http:\/\/www.infokuryr.cz\/n\/wp-content\/uploads\/2021\/04\/kuryr-podpis.png\" alt=\"\" width=\"84\" height=\"24\" \/><\/p>\n<p>&nbsp;<\/p>\n<p><a href=\"https:\/\/stranapro.cz\/\"><img decoding=\"async\" loading=\"lazy\" class=\"wp-image-30218 aligncenter\" src=\"http:\/\/www.infokuryr.cz\/n\/wp-content\/uploads\/2023\/06\/PRO-banner-300x36.png\" alt=\"\" width=\"1350\" height=\"162\" srcset=\"https:\/\/www.infokuryr.cz\/n\/wp-content\/uploads\/2023\/06\/PRO-banner-300x36.png 300w, https:\/\/www.infokuryr.cz\/n\/wp-content\/uploads\/2023\/06\/PRO-banner-768x93.png 768w, https:\/\/www.infokuryr.cz\/n\/wp-content\/uploads\/2023\/06\/PRO-banner.png 849w\" sizes=\"(max-width: 1350px) 100vw, 1350px\" \/><\/a><\/p>\n<p>&nbsp;<\/p>\n<p>&nbsp;<\/p>\n<p>&nbsp;<\/p>\n","protected":false},"excerpt":{"rendered":"<p>Kreml vyjad\u0159uje hlubokou soustrast rodin\u011b a p\u0159\u00e1tel\u016fm vojensk\u00e9ho zpravodaje Rostislava \u017duravljova, kter\u00fd zahynul v z\u00f3n\u011b&#8230;<\/p>\n","protected":false},"author":2,"featured_media":32766,"comment_status":"closed","ping_status":"closed","sticky":false,"template":"","format":"standard","meta":[],"categories":[7],"tags":[3274,1065,1304],"_links":{"self":[{"href":"https:\/\/www.infokuryr.cz\/n\/wp-json\/wp\/v2\/posts\/32765"}],"collection":[{"href":"https:\/\/www.infokuryr.cz\/n\/wp-json\/wp\/v2\/posts"}],"about":[{"href":"https:\/\/www.infokuryr.cz\/n\/wp-json\/wp\/v2\/types\/post"}],"author":[{"embeddable":true,"href":"https:\/\/www.infokuryr.cz\/n\/wp-json\/wp\/v2\/users\/2"}],"replies":[{"embeddable":true,"href":"https:\/\/www.infokuryr.cz\/n\/wp-json\/wp\/v2\/comments?post=32765"}],"version-history":[{"count":0,"href":"https:\/\/www.infokuryr.cz\/n\/wp-json\/wp\/v2\/posts\/32765\/revisions"}],"wp:featuredmedia":[{"embeddable":true,"href":"https:\/\/www.infokuryr.cz\/n\/wp-json\/wp\/v2\/media\/32766"}],"wp:attachment":[{"href":"https:\/\/www.infokuryr.cz\/n\/wp-json\/wp\/v2\/media?parent=32765"}],"wp:term":[{"taxonomy":"category","embeddable":true,"href":"https:\/\/www.infokuryr.cz\/n\/wp-json\/wp\/v2\/categories?post=32765"},{"taxonomy":"post_tag","embeddable":true,"href":"https:\/\/www.infokuryr.cz\/n\/wp-json\/wp\/v2\/tags?post=32765"}],"curies":[{"name":"wp","href":"https:\/\/api.w.org\/{rel}","templated":true}]}}