{"id":32760,"date":"2023-07-25T01:07:08","date_gmt":"2023-07-24T23:07:08","guid":{"rendered":"http:\/\/www.infokuryr.cz\/n\/?p=32760"},"modified":"2023-07-24T19:06:19","modified_gmt":"2023-07-24T17:06:19","slug":"orban-slibuje-ze-bude-bojovat-za-demokracii-narodniho-statu-navzdory-slabe-eu","status":"publish","type":"post","link":"https:\/\/www.infokuryr.cz\/n\/2023\/07\/25\/orban-slibuje-ze-bude-bojovat-za-demokracii-narodniho-statu-navzdory-slabe-eu\/","title":{"rendered":"Orb\u00e1n slibuje, \u017ee bude bojovat za demokracii n\u00e1rodn\u00edho st\u00e1tu navzdory \u201eslab\u00e9\u201c EU"},"content":{"rendered":"<div id=\"fb-root\"><\/div>\n<p><span style=\"font-size: 18pt;\"><strong>Orb\u00e1n slibuje, \u017ee bude bojovat za demokracii n\u00e1rodn\u00edho st\u00e1tu navzdory \u201eslab\u00e9\u201c EU up\u0159ednost\u0148uj\u00edc\u00ed federalismus v boji proti z\u00e1niku v glob\u00e1ln\u00edm postaven\u00ed<\/strong><\/span><\/p>\n<p><strong>Ma\u010farsk\u00fd v\u016fdce diskutoval o probl\u00e9mech, kter\u00fdm Evropa \u010del\u00ed, v sobotn\u00edm rozs\u00e1hl\u00e9m projevu v Rumunsku<\/strong><\/p>\n<p><span>\u201eSlab\u00e1\u201c Evropsk\u00e1 unie je pekeln\u011b naklon\u011bna sv\u00e9mu sm\u011bru k federalismu a pokou\u0161\u00ed se zru\u0161it vl\u00e1dy, kter\u00e9 maj\u00ed v \u00famyslu zachovat demokracii n\u00e1rodn\u00edho st\u00e1tu, varoval ma\u010farsk\u00fd premi\u00e9r Viktor Orb\u00e1n v sobotn\u00edm velk\u00e9m projevu.<\/span><\/p>\n<p><span>Ma\u010farsk\u00fd v\u016fdce nab\u00eddl sv\u016fj pohled na sou\u010dasn\u00fd stav evropsk\u00e9 politiky na B\u00e1lv\u00e1nyos Free Summer University v rumunsk\u00e9m m\u011bst\u011b Tusn\u00e1df\u00fcrd\u0151 a kritizoval Brusel za jeho neust\u00e1l\u00fd \u00fatok na ma\u010farskou demokracii, p\u0159i\u010dem\u017e uvedl dlouhotrvaj\u00edc\u00ed boj za uvoln\u011bn\u00ed financov\u00e1n\u00ed pandemie Covid-19 a dal\u0161\u00ed probl\u00e9my, v\u010detn\u011b kritiky ze strany EU v\u016f\u010di medi\u00e1ln\u00edm a soudn\u00edm reform\u00e1m ma\u010farsk\u00e9 vl\u00e1dy.<\/span><\/p>\n<p><span>&#8222;EU je bu\u010f imp\u00e9rium, nebo n\u00e1rody, nem\u011bli bychom si d\u011blat iluze: federalist\u00e9 se n\u00e1s sna\u017e\u00ed vytla\u010dit,&#8220; \u0159ekl Orb\u00e1n.<\/span><\/p>\n<p><span>Zd\u016fraznil, \u017ee zat\u00edmco n\u011bkter\u00e9 vl\u00e1dy podepisovaly touhu Bruselu po \u201est\u00e1le u\u017e\u0161\u00ed unii\u201c, voli\u010di v \u0159ad\u011b \u010dlensk\u00fdch st\u00e1t\u016f to ost\u0159e odm\u00edtli, p\u0159i\u010dem\u017e uvedl konzervativn\u00ed volebn\u00ed v\u00edt\u011bzstv\u00ed v It\u00e1lii za Giorgia Meloni, pravd\u011bpodobn\u00e9 v\u00edt\u011bzstv\u00ed konzervativn\u00ed Lidov\u00e9 strany ve volb\u00e1ch ve \u0160pan\u011blsku o v\u00edkendu a n\u00e1r\u016fst popularity euroskeptick\u00e9 rakousk\u00e9 Strany svobody.<\/span><\/p>\n<p><img decoding=\"async\" loading=\"lazy\" class=\"alignnone size-full wp-image-1185\" src=\"http:\/\/www.infokuryr.cz\/n\/wp-content\/uploads\/2021\/04\/kuryr-podpis.png\" alt=\"\" width=\"84\" height=\"24\" \/><\/p>\n<p>&nbsp;<\/p>\n<p><a href=\"https:\/\/stranapro.cz\/\"><img decoding=\"async\" loading=\"lazy\" class=\"wp-image-30218 aligncenter\" src=\"http:\/\/www.infokuryr.cz\/n\/wp-content\/uploads\/2023\/06\/PRO-banner-300x36.png\" alt=\"\" width=\"1367\" height=\"164\" srcset=\"https:\/\/www.infokuryr.cz\/n\/wp-content\/uploads\/2023\/06\/PRO-banner-300x36.png 300w, https:\/\/www.infokuryr.cz\/n\/wp-content\/uploads\/2023\/06\/PRO-banner-768x93.png 768w, https:\/\/www.infokuryr.cz\/n\/wp-content\/uploads\/2023\/06\/PRO-banner.png 849w\" sizes=\"(max-width: 1367px) 100vw, 1367px\" \/><\/a><\/p>\n<p>&nbsp;<\/p>\n<p>&nbsp;<\/p>\n<p>&nbsp;<\/p>\n","protected":false},"excerpt":{"rendered":"<p>Orb\u00e1n slibuje, \u017ee bude bojovat za demokracii n\u00e1rodn\u00edho st\u00e1tu navzdory \u201eslab\u00e9\u201c EU up\u0159ednost\u0148uj\u00edc\u00ed federalismus v&#8230;<\/p>\n","protected":false},"author":2,"featured_media":32761,"comment_status":"closed","ping_status":"closed","sticky":false,"template":"","format":"standard","meta":[],"categories":[7],"tags":[41,1884,439],"_links":{"self":[{"href":"https:\/\/www.infokuryr.cz\/n\/wp-json\/wp\/v2\/posts\/32760"}],"collection":[{"href":"https:\/\/www.infokuryr.cz\/n\/wp-json\/wp\/v2\/posts"}],"about":[{"href":"https:\/\/www.infokuryr.cz\/n\/wp-json\/wp\/v2\/types\/post"}],"author":[{"embeddable":true,"href":"https:\/\/www.infokuryr.cz\/n\/wp-json\/wp\/v2\/users\/2"}],"replies":[{"embeddable":true,"href":"https:\/\/www.infokuryr.cz\/n\/wp-json\/wp\/v2\/comments?post=32760"}],"version-history":[{"count":1,"href":"https:\/\/www.infokuryr.cz\/n\/wp-json\/wp\/v2\/posts\/32760\/revisions"}],"predecessor-version":[{"id":32762,"href":"https:\/\/www.infokuryr.cz\/n\/wp-json\/wp\/v2\/posts\/32760\/revisions\/32762"}],"wp:featuredmedia":[{"embeddable":true,"href":"https:\/\/www.infokuryr.cz\/n\/wp-json\/wp\/v2\/media\/32761"}],"wp:attachment":[{"href":"https:\/\/www.infokuryr.cz\/n\/wp-json\/wp\/v2\/media?parent=32760"}],"wp:term":[{"taxonomy":"category","embeddable":true,"href":"https:\/\/www.infokuryr.cz\/n\/wp-json\/wp\/v2\/categories?post=32760"},{"taxonomy":"post_tag","embeddable":true,"href":"https:\/\/www.infokuryr.cz\/n\/wp-json\/wp\/v2\/tags?post=32760"}],"curies":[{"name":"wp","href":"https:\/\/api.w.org\/{rel}","templated":true}]}}