{"id":3276,"date":"2021-07-13T03:37:59","date_gmt":"2021-07-13T01:37:59","guid":{"rendered":"http:\/\/www.infokuryr.cz\/n\/?p=3276"},"modified":"2021-07-13T03:37:59","modified_gmt":"2021-07-13T01:37:59","slug":"od-zari-uz-nebudou-zdarma-provadeny-preventivni-testy-pro-zabavu-a-cestovani-planuje-vojtech","status":"publish","type":"post","link":"https:\/\/www.infokuryr.cz\/n\/2021\/07\/13\/od-zari-uz-nebudou-zdarma-provadeny-preventivni-testy-pro-zabavu-a-cestovani-planuje-vojtech\/","title":{"rendered":"Od z\u00e1\u0159\u00ed u\u017e nebudou zdarma prov\u00e1d\u011bny preventivn\u00ed testy pro z\u00e1bavu a cestov\u00e1n\u00ed, pl\u00e1nuje Vojt\u011bch"},"content":{"rendered":"<div id=\"fb-root\"><\/div>\n<p><strong>Ke zm\u011bn\u00e1m v \u00fahrad\u011b preventivn\u00edch test\u016f na koronavirus by podle pl\u00e1n\u016f ministerstva zdravotnictv\u00ed m\u011blo doj\u00edt v z\u00e1\u0159\u00ed. V rozhovoru pro Radio\u017eurn\u00e1l ministr Adam Vojt\u011bch sd\u011blil, \u017ee lid\u00e9 budou m\u00edt zdarma pouze testy p\u0159edepsan\u00e9 l\u00e9ka\u0159em nebo hygienickou stanic\u00ed. Od poloviny \u010dervence bude tak\u00e9 krat\u0161\u00ed obdob\u00ed mezi prvn\u00ed a druhou d\u00e1vkou vakc\u00edny, a to 21 dn\u00ed.<\/strong><\/p>\n<p>\u201eN\u011bco jin\u00e9ho je zkr\u00e1tka indikovan\u00e9 testy l\u00e9ka\u0159em, to je jasn\u00e9, ale tyto testy, kter\u00e9 jsou vyu\u017e\u00edv\u00e1ny pro z\u00e1bavu a cestov\u00e1n\u00ed, tady si mysl\u00edme, \u017ee to na m\u00edst\u011b nen\u00ed, a od toho 1. 9. pl\u00e1nujeme, \u017ee by se ta \u00fahrada zru\u0161ila,\u201d\u00a0vysv\u011btlil\u00a0Vojt\u011bch b\u011bhem rozhovoru pro Radio\u017eurn\u00e1l.<\/p>\n<p>Nyn\u00ed se mohou lid\u00e9 nechat zdarma testovat \u0161estkr\u00e1t b\u011bhem jednoho m\u011bs\u00edce &#8211; \u010dty\u0159ikr\u00e1t antigenn\u00ed metodou a dvakr\u00e1t PCR. V srpnu to tak m\u00e1 je\u0161t\u011b z\u016fstat, p\u0159edpokl\u00e1d\u00e1 ministr Vojt\u011bch. Zm\u011bny zaveden\u00e9 od z\u00e1\u0159\u00ed od\u016fvod\u0148uje t\u00edm, \u017ee testy jsou finan\u010dn\u011b velmi n\u00e1kladn\u00e9 pro syst\u00e9m ve\u0159ejn\u00e9ho\u00a0zdravotn\u00edho poji\u0161t\u011bn\u00ed.<\/p>\n<p>\u201eTo u\u017e bude doba, kdy skute\u010dn\u011b ka\u017ed\u00fd, kdo se cht\u011bl nechat nao\u010dkovat, se nao\u010dkovat mohl. Je jasn\u00e9, \u017ee ty preventivn\u00ed testy byla alternativa k o\u010dkov\u00e1n\u00ed,\u00a0byly hrazeny\u00a0z ve\u0159ejn\u00e9ho zdravotn\u00edho poji\u0161t\u011bn\u00ed, jsou to v\u00fdrazn\u00e9 n\u00e1klady a jsou to testy, kter\u00e9 jsou ve vztahu k cestov\u00e1n\u00ed. Nemysl\u00edm si, \u017ee je dlouhodob\u011b udr\u017eiteln\u00e9, abychom takov\u00e9to testy hradili z ve\u0159ejn\u00e9ho zdravotn\u00edho poji\u0161t\u011bn\u00ed,\u201d dodal ministr zdravotnictv\u00ed.<\/p>\n<p>David \u0160vehl\u00edk, poradce ministra a \u010dlen spr\u00e1vn\u00ed rady pro VZP, up\u0159esnil, \u017ee se jedn\u00e1 \u0159\u00e1dov\u011b o stamiliony korun m\u011bs\u00ed\u010dn\u011b, kter\u00e9 st\u00e1t poji\u0161\u0165ovn\u00e1m propl\u00e1c\u00ed.<\/p>\n<p>\u201eSt\u00e1t v sou\u010dasn\u00e9 dob\u011b hrad\u00ed \u010dty\u0159i antigenn\u00ed testy a dva PCR testy m\u011bs\u00ed\u010dn\u011b, panuje ov\u0161em p\u0159edpoklad, \u017ee se to brzy zm\u011bn\u00ed a st\u00e1t ji\u017e testov\u00e1n\u00ed hradit nebude. O\u010dkov\u00e1n\u00ed je obrovsk\u00e1 v\u00fdhoda, lid\u00e9 nemus\u00ed chodit na testov\u00e1n\u00ed,\u201c \u0159ekl je\u0161t\u011b p\u0159edt\u00edm premi\u00e9r Andrej Babi\u0161 u p\u0159\u00edle\u017eitosti otev\u0159en\u00ed dvou o\u010dkovac\u00edch center v Praze, kde nen\u00ed t\u0159eba se registrovat.<\/p>\n<p>\u201eDoufejme, \u017ee se od prvn\u00edho z\u00e1\u0159\u00ed vr\u00e1t\u00ed do \u0161kol na\u0161e d\u011bti a \u017ee budeme fungovat norm\u00e1ln\u011b. Jedin\u00e9 \u0159e\u0161en\u00ed covidu-19 je\u00a0o\u010dkov\u00e1n\u00ed, \u017e\u00e1dn\u00e9 jin\u00e9 \u0159e\u0161en\u00ed neexistuje,\u201c dodal.<\/p>\n<p>Ministr zdravotnictv\u00ed Adam Vojt\u011bch na pond\u011bln\u00ed tiskov\u00e9 konferenci poznamenal, \u017ee s p\u0159ib\u00fdvaj\u00edc\u00edm po\u010dtem nao\u010dkovan\u00fdch lid\u00ed se uvol\u0148uj\u00ed kapacity testovac\u00edch m\u00edst. Nicm\u00e9n\u011b zopakoval, \u017ee jednozna\u010dn\u011b nejbezpe\u010dn\u011bj\u0161\u00ed cestou je o\u010dkov\u00e1n\u00ed.<\/p>\n<p>Od 15. \u010dervence se zkr\u00e1t\u00ed doba mezi prvn\u00ed a druhou d\u00e1vkou o\u010dkov\u00e1n\u00ed vakc\u00ednou od firem Pfizer\/BioNTech, a to z 34 na 21 dn\u00ed.<\/p>\n<p>Krom\u011b toho vl\u00e1da b\u011bhem pond\u011bln\u00edho zased\u00e1n\u00ed vynesla rozhodnut\u00ed, \u017ee po\u0159adatel\u00e9 hromadn\u00fdch akc\u00ed jsou povinni ohl\u00e1sit krajsk\u00e9 hygienick\u00e9 stanici takov\u00e9 akce, kter\u00fdch se z\u00fa\u010dastn\u00ed v\u00edce ne\u017e tis\u00edc lid\u00ed.<\/p>\n<p><a href=\"https:\/\/cz.sputniknews.com\/20210712\/od-zari-uz-nebudou-zdarma-provadeny-preventivni-testy-pro-zabavu-a-cestovani-planuje-vojtech-15128580.html\">ZDROJ<\/a><\/p>\n<p>&nbsp;<\/p>\n","protected":false},"excerpt":{"rendered":"<p>Ke zm\u011bn\u00e1m v \u00fahrad\u011b preventivn\u00edch test\u016f na koronavirus by podle pl\u00e1n\u016f ministerstva zdravotnictv\u00ed m\u011blo doj\u00edt&#8230;<\/p>\n","protected":false},"author":2,"featured_media":763,"comment_status":"closed","ping_status":"closed","sticky":false,"template":"","format":"standard","meta":[],"categories":[6],"tags":[213,110,21],"_links":{"self":[{"href":"https:\/\/www.infokuryr.cz\/n\/wp-json\/wp\/v2\/posts\/3276"}],"collection":[{"href":"https:\/\/www.infokuryr.cz\/n\/wp-json\/wp\/v2\/posts"}],"about":[{"href":"https:\/\/www.infokuryr.cz\/n\/wp-json\/wp\/v2\/types\/post"}],"author":[{"embeddable":true,"href":"https:\/\/www.infokuryr.cz\/n\/wp-json\/wp\/v2\/users\/2"}],"replies":[{"embeddable":true,"href":"https:\/\/www.infokuryr.cz\/n\/wp-json\/wp\/v2\/comments?post=3276"}],"version-history":[{"count":0,"href":"https:\/\/www.infokuryr.cz\/n\/wp-json\/wp\/v2\/posts\/3276\/revisions"}],"wp:featuredmedia":[{"embeddable":true,"href":"https:\/\/www.infokuryr.cz\/n\/wp-json\/wp\/v2\/media\/763"}],"wp:attachment":[{"href":"https:\/\/www.infokuryr.cz\/n\/wp-json\/wp\/v2\/media?parent=3276"}],"wp:term":[{"taxonomy":"category","embeddable":true,"href":"https:\/\/www.infokuryr.cz\/n\/wp-json\/wp\/v2\/categories?post=3276"},{"taxonomy":"post_tag","embeddable":true,"href":"https:\/\/www.infokuryr.cz\/n\/wp-json\/wp\/v2\/tags?post=3276"}],"curies":[{"name":"wp","href":"https:\/\/api.w.org\/{rel}","templated":true}]}}