{"id":32759,"date":"2023-07-25T01:06:05","date_gmt":"2023-07-24T23:06:05","guid":{"rendered":"http:\/\/www.infokuryr.cz\/n\/?p=32759"},"modified":"2023-07-24T19:02:47","modified_gmt":"2023-07-24T17:02:47","slug":"italie-zacina-odstranovat-nebiologicke-rodice-z-rodnych-listu","status":"publish","type":"post","link":"https:\/\/www.infokuryr.cz\/n\/2023\/07\/25\/italie-zacina-odstranovat-nebiologicke-rodice-z-rodnych-listu\/","title":{"rendered":"It\u00e1lie za\u010d\u00edn\u00e1 odstra\u0148ovat nebiologick\u00e9 rodi\u010de z rodn\u00fdch list\u016f"},"content":{"rendered":"<div id=\"fb-root\"><\/div>\n<p><span style=\"font-size: 18pt;\"><strong>Na p\u0159\u00edkaz italsk\u00e9 vl\u00e1dy mohou nyn\u00ed v rodn\u00fdch listech figurovat pouze biologi\u010dt\u00ed rodi\u010de<\/strong><\/span><\/p>\n<p><span>Severoitalsk\u00e9 m\u011bsto Padova za\u010dalo odstra\u0148ovat\u00a0<\/span><a class=\"ek-link\" href=\"https:\/\/www.magyarhirlap.hu\/kulfold\/20230723-mostantol-csak-egy-anya-es-egy-apa-lesz-az-anyakonyvekben\"><span>jm\u00e9na<\/span><\/a><span>\u00a0nebiologick\u00fdch rodi\u010d\u016f z rodn\u00fdch list\u016f na z\u00e1klad\u011b nov\u00e9ho z\u00e1kona, kter\u00fd schv\u00e1lila konzervativn\u00ed administrativa Giorgia Meloni.<\/span><\/p>\n<p><span>Podle ofici\u00e1ln\u00edch \u00fadaj\u016f tyto rodn\u00e9 listy pat\u0159\u00ed 33 d\u011btem italsk\u00fdch lesbick\u00fdch \u017een, kter\u00e9 byly v roce 2017 registrov\u00e1ny jako rodi\u010de pod m\u011bstskou vl\u00e1dou Sergia Giordaniho.\u00a0Ke \u010dtvrtku bylo 27 z t\u011bchto dokument\u016f upraveno tak, aby byla odstran\u011bna jm\u00e9na nebiologick\u00fdch rodi\u010d\u016f.<\/span><\/p>\n<p><span>Giordani byl zvolen starostou v roce 2017 na z\u00e1klad\u011b slibu, \u017ee zru\u0161\u00ed tradi\u010dn\u00ed ozna\u010den\u00ed \u201ematka\u201c a \u201eotec\u201c v rodn\u00fdch listech, ale to bylo zru\u0161eno, kdy\u017e Meloniho vl\u00e1da na\u0159\u00eddila m\u00edstn\u00edm \u00fa\u0159ad\u016fm, aby p\u0159estaly registrovat d\u011bti rodi\u010d\u016f stejn\u00e9ho pohlav\u00ed se jm\u00e9ny obou rodi\u010d\u016f.<\/span><\/p>\n<p><span>To znamen\u00e1, \u017ee v rodn\u00fdch listech m\u016f\u017ee b\u00fdt uveden pouze biologick\u00fd rodi\u010d d\u00edt\u011bte.\u00a0N\u00e1hradn\u00ed mate\u0159stv\u00ed je v It\u00e1lii nez\u00e1konn\u00e9 a dokonce nebyly legalizov\u00e1ny ani s\u0148atky homosexu\u00e1l\u016f.<\/span><\/p>\n<p><img decoding=\"async\" loading=\"lazy\" class=\"alignnone size-full wp-image-1185\" src=\"http:\/\/www.infokuryr.cz\/n\/wp-content\/uploads\/2021\/04\/kuryr-podpis.png\" alt=\"\" width=\"84\" height=\"24\" \/><\/p>\n<p>&nbsp;<\/p>\n<p><a href=\"https:\/\/stranapro.cz\/\"><img decoding=\"async\" loading=\"lazy\" class=\"wp-image-30218 aligncenter\" src=\"http:\/\/www.infokuryr.cz\/n\/wp-content\/uploads\/2023\/06\/PRO-banner-300x36.png\" alt=\"\" width=\"1358\" height=\"163\" srcset=\"https:\/\/www.infokuryr.cz\/n\/wp-content\/uploads\/2023\/06\/PRO-banner-300x36.png 300w, https:\/\/www.infokuryr.cz\/n\/wp-content\/uploads\/2023\/06\/PRO-banner-768x93.png 768w, https:\/\/www.infokuryr.cz\/n\/wp-content\/uploads\/2023\/06\/PRO-banner.png 849w\" sizes=\"(max-width: 1358px) 100vw, 1358px\" \/><\/a><\/p>\n<p>&nbsp;<\/p>\n<p>&nbsp;<\/p>\n<p>&nbsp;<\/p>\n","protected":false},"excerpt":{"rendered":"<p>Na p\u0159\u00edkaz italsk\u00e9 vl\u00e1dy mohou nyn\u00ed v rodn\u00fdch listech figurovat pouze biologi\u010dt\u00ed rodi\u010de Severoitalsk\u00e9 m\u011bsto&#8230;<\/p>\n","protected":false},"author":2,"featured_media":15717,"comment_status":"closed","ping_status":"closed","sticky":false,"template":"","format":"standard","meta":[],"categories":[7],"tags":[191,1107,5543,99],"_links":{"self":[{"href":"https:\/\/www.infokuryr.cz\/n\/wp-json\/wp\/v2\/posts\/32759"}],"collection":[{"href":"https:\/\/www.infokuryr.cz\/n\/wp-json\/wp\/v2\/posts"}],"about":[{"href":"https:\/\/www.infokuryr.cz\/n\/wp-json\/wp\/v2\/types\/post"}],"author":[{"embeddable":true,"href":"https:\/\/www.infokuryr.cz\/n\/wp-json\/wp\/v2\/users\/2"}],"replies":[{"embeddable":true,"href":"https:\/\/www.infokuryr.cz\/n\/wp-json\/wp\/v2\/comments?post=32759"}],"version-history":[{"count":0,"href":"https:\/\/www.infokuryr.cz\/n\/wp-json\/wp\/v2\/posts\/32759\/revisions"}],"wp:featuredmedia":[{"embeddable":true,"href":"https:\/\/www.infokuryr.cz\/n\/wp-json\/wp\/v2\/media\/15717"}],"wp:attachment":[{"href":"https:\/\/www.infokuryr.cz\/n\/wp-json\/wp\/v2\/media?parent=32759"}],"wp:term":[{"taxonomy":"category","embeddable":true,"href":"https:\/\/www.infokuryr.cz\/n\/wp-json\/wp\/v2\/categories?post=32759"},{"taxonomy":"post_tag","embeddable":true,"href":"https:\/\/www.infokuryr.cz\/n\/wp-json\/wp\/v2\/tags?post=32759"}],"curies":[{"name":"wp","href":"https:\/\/api.w.org\/{rel}","templated":true}]}}