{"id":32754,"date":"2023-07-25T01:04:36","date_gmt":"2023-07-24T23:04:36","guid":{"rendered":"http:\/\/www.infokuryr.cz\/n\/?p=32754"},"modified":"2023-07-24T18:53:01","modified_gmt":"2023-07-24T16:53:01","slug":"ukrajinci-hlasi-pokles-moralky","status":"publish","type":"post","link":"https:\/\/www.infokuryr.cz\/n\/2023\/07\/25\/ukrajinci-hlasi-pokles-moralky\/","title":{"rendered":"Ukrajinci hl\u00e1s\u00ed pokles mor\u00e1lky"},"content":{"rendered":"<div id=\"fb-root\"><\/div>\n<p><span>Ukrajin\u0161t\u00ed frontov\u00ed voj\u00e1ci \u0159ekli listu\u00a0<\/span><a href=\"https:\/\/www.kyivpost.com\/post\/19707\" rel=\"noopener\"><span>Kyiv Post<\/span><\/a><span>\u00a0, \u017ee jejich jednotky maj\u00ed \u0161patnou mor\u00e1lku kv\u016fli neust\u00e1l\u00fdm a hromad\u00edc\u00edm se ztr\u00e1t\u00e1m, \u010dasto slab\u00e9 podpo\u0159e a omezen\u00e9mu \u00fasp\u011bchu letn\u00ed ofenz\u00edvy.<\/span><\/p>\n<p><span>Kritizovali tak\u00e9 pomalou taktiku c\u00edlen\u00e9ho \u00fatoku ukrajinsk\u00e9 arm\u00e1dy.\u00a0V d\u016fsledku toho se boj\u00ed, \u017ee budou zran\u011bni nebo zabiti dlouho p\u0159edt\u00edm, ne\u017e dojde k pr\u016flomu v prvn\u00ed linii.<\/span><\/p>\n<p><em><span>&#8222;Situace je velmi obt\u00ed\u017en\u00e1.\u00a0Rusov\u00e9 dostali p\u0159\u00edli\u0161 mnoho \u010dasu na p\u0159\u00edpravu na \u0161iroce ohla\u0161ovanou ukrajinskou protiofenz\u00edvu.\u00a0<\/span><\/em><em><span>V\u011bd\u011bli tedy, \u017ee jedn\u00edm ze sm\u011br\u016f ukrajinsk\u00e9ho \u00fatoku, ne-li hlavn\u00edm, bude Z\u00e1poro\u017e\u00ed.<\/span><\/em><span>&#8211; takov\u00fd anonymn\u00ed voj\u00e1k.<\/span><\/p>\n<p><span>Jeho jednotka bude st\u00e1le p\u0159ipravena k boji, ale mor\u00e1lka klesla.<\/span><\/p>\n<p><em><span>\u201eZa m\u011bs\u00edc jsme postoupili jen o kilometr a p\u016fl.\u00a0Jdeme centimetr po centimetru.\u00a0<\/span><\/em><em><span>Nemysl\u00edm si, \u017ee to stoj\u00ed za v\u0161echny lidsk\u00e9 zdroje a materi\u00e1l, kter\u00e9 ob\u011btujeme.\u201c<\/span><\/em><\/p>\n<p><span>Dal\u0161\u00ed ukrajinsk\u00fd voj\u00e1k \u0159ekl, \u017ee na ka\u017ed\u00fdch 100 metr\u016f zisku bude ob\u011btov\u00e1no 4-5 \u017eivot\u016f.<\/span><\/p>\n<p><em><span>\u201e\u00a0<\/span><\/em><em><span>Ztr\u00e1ta p\u016fl jednotky na kilometr.\u00a0A ani potom nen\u00ed zaru\u010deno, \u017ee ten kilometr pozd\u011bji uraz\u00edme.\u201c<\/span><\/em><\/p>\n<p><img decoding=\"async\" loading=\"lazy\" class=\"alignnone size-full wp-image-1185\" src=\"http:\/\/www.infokuryr.cz\/n\/wp-content\/uploads\/2021\/04\/kuryr-podpis.png\" alt=\"\" width=\"84\" height=\"24\" \/><\/p>\n<p>&nbsp;<\/p>\n<p><a href=\"https:\/\/stranapro.cz\/\"><img decoding=\"async\" loading=\"lazy\" class=\"wp-image-30218 aligncenter\" src=\"http:\/\/www.infokuryr.cz\/n\/wp-content\/uploads\/2023\/06\/PRO-banner-300x36.png\" alt=\"\" width=\"1358\" height=\"163\" srcset=\"https:\/\/www.infokuryr.cz\/n\/wp-content\/uploads\/2023\/06\/PRO-banner-300x36.png 300w, https:\/\/www.infokuryr.cz\/n\/wp-content\/uploads\/2023\/06\/PRO-banner-768x93.png 768w, https:\/\/www.infokuryr.cz\/n\/wp-content\/uploads\/2023\/06\/PRO-banner.png 849w\" sizes=\"(max-width: 1358px) 100vw, 1358px\" \/><\/a><\/p>\n<p>&nbsp;<\/p>\n<p>&nbsp;<\/p>\n<p>&nbsp;<\/p>\n","protected":false},"excerpt":{"rendered":"<p>Ukrajin\u0161t\u00ed frontov\u00ed voj\u00e1ci \u0159ekli listu\u00a0Kyiv Post\u00a0, \u017ee jejich jednotky maj\u00ed \u0161patnou mor\u00e1lku kv\u016fli neust\u00e1l\u00fdm a&#8230;<\/p>\n","protected":false},"author":2,"featured_media":32755,"comment_status":"closed","ping_status":"closed","sticky":false,"template":"","format":"standard","meta":[],"categories":[7],"tags":[371,3744,26,321],"_links":{"self":[{"href":"https:\/\/www.infokuryr.cz\/n\/wp-json\/wp\/v2\/posts\/32754"}],"collection":[{"href":"https:\/\/www.infokuryr.cz\/n\/wp-json\/wp\/v2\/posts"}],"about":[{"href":"https:\/\/www.infokuryr.cz\/n\/wp-json\/wp\/v2\/types\/post"}],"author":[{"embeddable":true,"href":"https:\/\/www.infokuryr.cz\/n\/wp-json\/wp\/v2\/users\/2"}],"replies":[{"embeddable":true,"href":"https:\/\/www.infokuryr.cz\/n\/wp-json\/wp\/v2\/comments?post=32754"}],"version-history":[{"count":0,"href":"https:\/\/www.infokuryr.cz\/n\/wp-json\/wp\/v2\/posts\/32754\/revisions"}],"wp:featuredmedia":[{"embeddable":true,"href":"https:\/\/www.infokuryr.cz\/n\/wp-json\/wp\/v2\/media\/32755"}],"wp:attachment":[{"href":"https:\/\/www.infokuryr.cz\/n\/wp-json\/wp\/v2\/media?parent=32754"}],"wp:term":[{"taxonomy":"category","embeddable":true,"href":"https:\/\/www.infokuryr.cz\/n\/wp-json\/wp\/v2\/categories?post=32754"},{"taxonomy":"post_tag","embeddable":true,"href":"https:\/\/www.infokuryr.cz\/n\/wp-json\/wp\/v2\/tags?post=32754"}],"curies":[{"name":"wp","href":"https:\/\/api.w.org\/{rel}","templated":true}]}}