{"id":3268,"date":"2021-07-12T12:20:06","date_gmt":"2021-07-12T10:20:06","guid":{"rendered":"http:\/\/www.infokuryr.cz\/n\/?p=3268"},"modified":"2021-07-12T12:20:06","modified_gmt":"2021-07-12T10:20:06","slug":"toto-jsou-tvare-vice-nez-50-lidi-kteri-si-prozili-peklo-kvuli-ockovani-proti-covidu-chceme-byt-slyseni","status":"publish","type":"post","link":"https:\/\/www.infokuryr.cz\/n\/2021\/07\/12\/toto-jsou-tvare-vice-nez-50-lidi-kteri-si-prozili-peklo-kvuli-ockovani-proti-covidu-chceme-byt-slyseni\/","title":{"rendered":"Toto jsou tv\u00e1\u0159e v\u00edce ne\u017e 50 lid\u00ed, kte\u0159\u00ed si pro\u017eili peklo kv\u016fli o\u010dkov\u00e1n\u00ed proti Covidu: \u201eChceme b\u00fdt sly\u0161eni\u201c"},"content":{"rendered":"<div id=\"fb-root\"><\/div>\n<p><span>Ve videoklipu, kter\u00fd koluje po internetu, lze vid\u011bt o\u010dkov\u00e1n\u00ed des\u00edtek Ameri\u010dan\u016f, proto\u017ee cht\u011bj\u00ed pomoci ukon\u010dit \u201ekoronovou pandemii\u201c.\u00a0Po pod\u00e1n\u00ed injekce zaznamenali velmi z\u00e1va\u017en\u00e9 ne\u017e\u00e1douc\u00ed \u00fa\u010dinky a nyn\u00ed se sna\u017e\u00ed prolomit ml\u010den\u00ed.<\/span><\/p>\n<p><span>Ve videu ka\u017ed\u00e1 posti\u017een\u00e1 osoba \u0159\u00edk\u00e1, kterou koronovou vakc\u00ednu dostala.\u00a0<strong>&#8222;Pot\u0159ebujeme pomoc.\u00a0Chceme b\u00fdt sly\u0161eni,\u201c<\/strong> \u0159\u00edkaj\u00ed unisono. Na tvorb\u011b videa se pod\u00edlelo v\u00edce ne\u017e 50 lid\u00ed.<\/span><\/p>\n<p><span>\u010c\u00edm trp\u00ed?\u00a0\u00danava, bolesti kloub\u016f a sval\u016f, k\u0159e\u010de, z\u00e1\u0161kuby sval\u016f, t\u0159es, neuropatie, paral\u00fdza, parest\u00e9zie, bolesti hlavy, tinnitus, z\u00e1vrat\u011b, \u017ealude\u010dn\u00ed pot\u00ed\u017ee, probl\u00e9my se srdcem, vyr\u00e1\u017eky, ztr\u00e1ta pam\u011bti a probl\u00e9my s krevn\u00edm tlakem.<\/span><\/p>\n<p><span>Tato skupina je jen \u0161pi\u010dkou pov\u011bstn\u00e9ho ledovce.\u00a0Jen v USA utrp\u011bly za posledn\u00edch n\u011bkolik m\u011bs\u00edc\u016f des\u00edtky tis\u00edc lid\u00ed nao\u010dkovan\u00fdch touto vakc\u00ednou. V\u00edce informac\u00ed o posti\u017een\u00fdch najdete\u00a0na\u00a0<\/span><a href=\"https:\/\/www.vaxlonghaulers.com\/\" target=\"_blank\" rel=\"noreferrer noopener\"><strong><span>tomto webu<\/span><\/strong><\/a><span>\u00a0.<\/span><\/p>\n<figure class=\"wp-block-embed is-type-video is-provider-youtube wp-block-embed-youtube wp-embed-aspect-16-9 wp-has-aspect-ratio\">\n<div class=\"wp-block-embed__wrapper\"><iframe loading=\"lazy\" title=\"Chceme, aby n\u00e1s n\u011bkdo sly\u0161el - prosba dlouhosrst\u00fdch vakc\u00edn\" src=\"https:\/\/www.youtube.com\/embed\/ZuaVkvdRldk?feature=oembed\" width=\"800\" height=\"450\" frameborder=\"0\" allowfullscreen=\"allowfullscreen\" data-mce-fragment=\"1\"><\/iframe><\/div>\n<\/figure>\n<p><strong>P\u0159ipadalo mi to, jako by \u201ej\u00ed srdce vyrvalo hrdlo\u201c.<\/strong><\/p>\n<p><span>Debatu o po\u0161kozen\u00ed vakc\u00ednami vyvolal sen\u00e1tor Rob Johnson, kter\u00fd koncem minul\u00e9ho m\u011bs\u00edce uspo\u0159\u00e1dal tiskovou konferenci s lidmi, kte\u0159\u00ed po pod\u00e1n\u00ed koronov\u00e9 vakc\u00edny zaznamenali z\u00e1va\u017en\u00e9 ne\u017e\u00e1douc\u00ed \u00fa\u010dinky. Sen\u00e1tor\u00a0<\/span><a href=\"https:\/\/uncutnews.ch\/traurige-schicksale-von-kindern-die-den-corona-impfstoff-von-pfizer-erhalten-haben-eins-davon-sitzt-nun-im-rollstuhl-und-wird-ueber-eine-sonde-ernaehrt\/\" target=\"_blank\" rel=\"noreferrer noopener\"><strong><span>distribuoval novin\u00e1\u0159\u016fm dokumenty o mnoha tis\u00edc\u00edch \u00famrt\u00ed a stovk\u00e1ch tis\u00edc p\u0159\u00edpad\u016f ne\u017e\u00e1douc\u00edch \u00fa\u010dink\u016f po o\u010dkov\u00e1n\u00ed\u00a0 ve Spojen\u00fdch st\u00e1tech.<\/span><\/strong><\/a><\/p>\n<p><span>Jednou z ob\u011bt\u00ed je\u00a0<\/span><a href=\"https:\/\/uncutnews.ch\/traurige-schicksale-von-kindern-die-den-corona-impfstoff-von-pfizer-erhalten-haben-eins-davon-sitzt-nun-im-rollstuhl-und-wird-ueber-eine-sonde-ernaehrt\/\" target=\"_blank\" rel=\"noreferrer noopener\"><strong><span>dvan\u00e1ctilet\u00e1 Maddie<\/span><\/strong><\/a><span>\u00a0, kter\u00e1 se loni pod\u00edlela na v\u00fdzkumu vakc\u00edn spole\u010dnosti Pfizer.\u00a0Nyn\u00ed je na invalidn\u00edm voz\u00edku a je krmena hadi\u010dkou.\u00a0Po o\u010dkov\u00e1n\u00ed Maddie poc\u00edtila nesnesitelnou bolest v b\u0159i\u0161e a na hrudi.\u00a0P\u0159ipadalo mi to, jako by \u201ej\u00ed srdce vyrvalo hrdlo\u201c.<\/span><\/p>\n<p><img decoding=\"async\" loading=\"lazy\" class=\"alignnone size-full wp-image-1185\" src=\"http:\/\/www.infokuryr.cz\/n\/wp-content\/uploads\/2021\/04\/kuryr-podpis.png\" alt=\"\" width=\"84\" height=\"24\" \/><\/p>\n<p>&nbsp;<\/p>\n","protected":false},"excerpt":{"rendered":"<p>Ve videoklipu, kter\u00fd koluje po internetu, lze vid\u011bt o\u010dkov\u00e1n\u00ed des\u00edtek Ameri\u010dan\u016f, proto\u017ee cht\u011bj\u00ed pomoci ukon\u010dit&#8230;<\/p>\n","protected":false},"author":2,"featured_media":3269,"comment_status":"closed","ping_status":"closed","sticky":false,"template":"","format":"standard","meta":[],"categories":[7],"tags":[23,871,213,37,651],"_links":{"self":[{"href":"https:\/\/www.infokuryr.cz\/n\/wp-json\/wp\/v2\/posts\/3268"}],"collection":[{"href":"https:\/\/www.infokuryr.cz\/n\/wp-json\/wp\/v2\/posts"}],"about":[{"href":"https:\/\/www.infokuryr.cz\/n\/wp-json\/wp\/v2\/types\/post"}],"author":[{"embeddable":true,"href":"https:\/\/www.infokuryr.cz\/n\/wp-json\/wp\/v2\/users\/2"}],"replies":[{"embeddable":true,"href":"https:\/\/www.infokuryr.cz\/n\/wp-json\/wp\/v2\/comments?post=3268"}],"version-history":[{"count":0,"href":"https:\/\/www.infokuryr.cz\/n\/wp-json\/wp\/v2\/posts\/3268\/revisions"}],"wp:featuredmedia":[{"embeddable":true,"href":"https:\/\/www.infokuryr.cz\/n\/wp-json\/wp\/v2\/media\/3269"}],"wp:attachment":[{"href":"https:\/\/www.infokuryr.cz\/n\/wp-json\/wp\/v2\/media?parent=3268"}],"wp:term":[{"taxonomy":"category","embeddable":true,"href":"https:\/\/www.infokuryr.cz\/n\/wp-json\/wp\/v2\/categories?post=3268"},{"taxonomy":"post_tag","embeddable":true,"href":"https:\/\/www.infokuryr.cz\/n\/wp-json\/wp\/v2\/tags?post=3268"}],"curies":[{"name":"wp","href":"https:\/\/api.w.org\/{rel}","templated":true}]}}