{"id":32662,"date":"2023-07-23T00:58:17","date_gmt":"2023-07-22T22:58:17","guid":{"rendered":"http:\/\/www.infokuryr.cz\/n\/?p=32662"},"modified":"2023-07-22T17:27:51","modified_gmt":"2023-07-22T15:27:51","slug":"a-mohl-bych-ty-dezinformatory-videt","status":"publish","type":"post","link":"https:\/\/www.infokuryr.cz\/n\/2023\/07\/23\/a-mohl-bych-ty-dezinformatory-videt\/","title":{"rendered":"A mohl bych ty dezinform\u00e1tory vid\u011bt?"},"content":{"rendered":"<div id=\"fb-root\"><\/div>\n<p><em><strong>Na sn\u00edmku protiukrajinsk\u00e1 demonstrace Rom\u016f v\u00a0Krupce<\/strong><\/em><\/p>\n<p class=\"has-drop-cap\">Tak n\u00e1m tu prob\u00edhaj\u00ed protiukrajinsk\u00e9 pochody, na kter\u00fdch se k\u0159i\u010d\u00ed docela slu\u0161n\u011b provokativn\u00ed hesla. Jako \u017ee Ukrajinci tady nejsou doma, \u017ee se jim brzy postav\u00ed \u010dern\u00e1 s\u00edla, \u017ee Putin je nejlep\u0161\u00ed\u2026. Policie si z\u00e1rove\u0148 pochvaluje, jak to\u00a0 bylo klidn\u00e9 a\u00a0bezpe\u010dn\u00e9, ten stejn\u00fd ministr, kter\u00fd pr\u00fd nebude m\u00edt slitov\u00e1n\u00ed s\u00a0t\u011bmi, co se na demonstrac\u00edch chovali slu\u0161n\u011b, je tentokr\u00e1t s\u00a0prac\u00ed pom\u00e1ha\u010d\u016f a\u00a0chr\u00e1ni\u010d\u016f nadm\u00edru spokojen a\u00a0je r\u00e1d, \u017ee policie nebyla p\u0159\u00edtomna, aby se n\u00e1lada je\u0161t\u011b nevyeskalovala\u2026<\/p>\n<p>Samoz\u0159ejm\u011b to nepro\u0161lo\u2026 jak s\u00a0oblibou \u0159\u00edk\u00e1m, dneska je ka\u017ed\u00fd report\u00e9r a\u00a0tak jsme si v\u0161ichni mohli prohl\u00e9dnout videa p\u0159\u00edmo z\u00a0centra d\u011bn\u00ed v\u00a0Krupce. Tentokr\u00e1t ov\u0161em Raku\u0161an netvrdil, \u017ee jde o\u00a0dezinforma\u010dn\u00ed video, narozd\u00edl od z\u00e1sahu na schodech do N\u00e1rodn\u00edho muzea\u2026 Kdy\u017e se pak uk\u00e1zalo, \u017ee romsk\u00e1 demonstrace byla asi tak stokr\u00e1t radik\u00e1ln\u011bj\u0161\u00ed ne\u017e Rajchlova demonstrace, za\u010dalo b\u00fdt mezi pravdomluvn\u00fdmi \u010desk\u00fdmi intervjuky \u017eivo\u2026 Sakra, jak se to mohlo st\u00e1t, \u017ee?<\/p>\n<p>Oni na to v\u00a0souladu se sv\u00fdmi konsenzu\u00e1ln\u00edmi narativy hned p\u0159i\u0161li. Romov\u00e9 podlehli dezinformac\u00edm, kter\u00e9 se mezi nimi \u0161\u00ed\u0159\u00ed tak rychle, \u017ee to budou muset \u0159e\u0161it experti\u2026 Mazan\u00ed dezinform\u00e1to\u0159i vyu\u017eili situace, \u017ee jist\u00fd Ukrajinec ubodal jist\u00e9ho Roma a\u00a0u\u017e v\u00a0romsk\u00e9 komunit\u011b \u0161\u00ed\u0159\u00ed svoje popla\u0161n\u00e9 zpr\u00e1vy\u2026<\/p>\n<p>Tedy\u2026 nechci b\u00fdt j\u00edzliv\u00fd, ale n\u011bco je \u0161patn\u011b, ne? V\u0161ichni ti usv\u011bd\u010den\u00ed dezinform\u00e1to\u0159i, co jimi Novinky posledn\u00edho p\u016fl roku stra\u0161\u00ed ve\u0159ejnost, se na t\u011bchto pochodech v\u016fbec nevyskytuj\u00ed. Tedy, pravda je, \u017ee jak\u00fdsi pravdomluvn\u00fd libtard m\u011b p\u0159ikreslil k\u00a0fotce s\u00a0Romy, ale sm\u016fla, v\u016fbec jsem tam nebyl, nikdo m\u011b ani neoslovil, nemluvil jsem tam a\u00a0ned\u00e1val jsem na\u0161im spoluob\u010dan\u016fm z\u00a0ghet ani \u017e\u00e1dn\u00e9 pansk\u00e9 rady.<\/p>\n<p>Jindra Rajchl tak\u00e9 n\u011bjak ml\u010d\u00ed a\u00a0to je p\u0159ece dezinform\u00e1torsk\u00fd arci\u010f\u00e1bel, Hitler, Stalin a\u00a0Putin v\u00a0jednom. Hovorkov\u00e1 od \u0160afra tam u\u017e ur\u010dit\u011b krou\u017eila kolem a\u00a0moc r\u00e1da by zase ud\u011blala n\u011bjakou Jindrovu karikaturu\u2026 ale on tam sakra jaksi nep\u0159i\u0161el, nevyjad\u0159uje se k\u00a0tomu, jeho lid\u00e9 tak\u00e9 ne, maxim\u00e1ln\u011b tu a\u00a0tam n\u011bkdo j\u00edzliv\u011b poznamen\u00e1, \u017ee n\u00e1m chr\u00e1n\u011bn\u00fd \u017eivo\u010dich \u017eere chr\u00e1n\u011bnou rostlinu a\u00a0v\u0161ichni ti aktivisti najednou nev\u011bd\u00ed, co s\u00a0t\u00edm\u2026<\/p>\n<p><a href=\"https:\/\/stranapro.cz\/\"><img decoding=\"async\" loading=\"lazy\" class=\"wp-image-30218 aligncenter\" src=\"http:\/\/www.infokuryr.cz\/n\/wp-content\/uploads\/2023\/06\/PRO-banner-300x36.png\" alt=\"\" width=\"1367\" height=\"164\" srcset=\"https:\/\/www.infokuryr.cz\/n\/wp-content\/uploads\/2023\/06\/PRO-banner-300x36.png 300w, https:\/\/www.infokuryr.cz\/n\/wp-content\/uploads\/2023\/06\/PRO-banner-768x93.png 768w, https:\/\/www.infokuryr.cz\/n\/wp-content\/uploads\/2023\/06\/PRO-banner.png 849w\" sizes=\"(max-width: 1367px) 100vw, 1367px\" \/><\/a><\/p>\n<p>Sa\u0161a Uhlov\u00e1 spustila n\u00e1\u0159ek, \u017ee Romov\u00e9 se te\u010f spojuj\u00ed s\u00a0t\u011bmi, kte\u0159\u00ed je nemaj\u00ed r\u00e1di a\u00a0nas\u00edraj\u00ed ty, kte\u0159\u00ed se jich zast\u00e1vali. To je p\u0159ekvapen\u00ed Sa\u0161enko, vid? Romov\u00e9 jdou najednou v\u00a0jednom \u0161iku se skiny a\u00a0pro v\u0161echny ty profesion\u00e1ln\u00ed romsk\u00e9 neziskovky maj\u00ed jen velmi \u0161\u0165avnat\u00e9 nad\u00e1vky. Kde se stala chyba?<\/p>\n<p>Kde jsou ti dezinform\u00e1to\u0159i, co te\u010f aktivizuj\u00ed romskou komunitu? J\u00e1 myslel, \u017ee na\u0161e Evropsk\u00e9 hodnoty, Manipul\u00e1to\u0159i, Demagogov\u00e9, Reflex, Respekt a\u00a0\u010cesk\u00e1 televize spolu s\u00a0K.R.I.T.em u\u017e d\u00e1vno v\u0161echny Putinovy slouhy odhalili. Minim\u00e1ln\u011b o\u00a0tom nev\u00e1hali ps\u00e1t, sestavovali jejich seznamy, vl\u00e1\u010deli je bahnem, lhali o\u00a0nich, a\u017e se jim od huby pr\u00e1\u0161ilo\u2026 a\u00a0ejhle, najednou to vypad\u00e1, \u017ee v\u00a0mezi\u010dase tu mezi Romy b\u011bhala n\u011bjak\u00e1 \u00fapln\u011b jin\u00e1, dote\u010f nezmapovan\u00e1 parta Putinov\u00fdch agent\u016f, kte\u0159\u00ed hezky potichu agitovali tak \u0161ikovn\u011b, \u017ee te\u010f Romov\u00e9 klidn\u011b volaj\u00ed nahlas, jak miluj\u00ed Rusko a\u00a0jeho v\u016fdce.<\/p>\n<p>P\u0159itom mezi Romy p\u0159ece p\u016fsob\u00ed henty pokrokov\u00e9 neziskovky, ne? U\u017e t\u0159icet let mezi nimi pracuj\u00ed, aby nevznikala gheta, aby m\u011bli lep\u0161\u00ed \u017eivot, aby se z\u00a0nep\u0159izp\u016fsobiv\u00e9 men\u0161iny stala p\u0159izp\u016fsobiv\u00e1 men\u0161ina\u2026 pravda, v\u016fbec se jim to neda\u0159\u00ed, ghet u\u00a0n\u00e1s p\u0159ib\u00fdv\u00e1 a\u00a0Romov\u00e9 jsou na tom h\u016f\u0159 a\u00a0h\u016f\u0159, ale sakra, tak alespo\u0148 sv\u016fj raj\u00f3n mohli m\u00edt zm\u00e1knut\u00fd, aby jim tam nelezla n\u011bjak\u00e1 jin\u00e1 parta a\u00a0brala jim jejich skv\u011bl\u00fd byznys s\u00a0ciz\u00edm ne\u0161t\u011bst\u00edm. A\u00a0ani to nezvl\u00e1dli. Putinovi agenti, nevid\u011bni a\u00a0ne\u010dek\u00e1ni, to n\u011bjak zm\u00e1kli a\u00a0je\u0161t\u011b udr\u017eeli v\u00a0tajnosti a\u017e do t\u00e9to chv\u00edle, kdy si Velk\u00fd \u0161\u00e9f usmyslel, \u017ee je \u010das, za\u010d\u00edt s\u00a0protiukrajinsk\u00fdmi pogromy\u2026 A\u00a0z\u0159ejm\u011b to bude docela slu\u0161n\u00fd odd\u00edl, Jindra Rajchl je proti nim docela b\u0159\u00eddil, proto\u017ee po\u0159\u00e1d mluv\u00ed o\u00a0\u010desk\u00fdch z\u00e1jmech, \u010desk\u00e9 cest\u011b, z\u0159ejm\u011b je n\u00e1vnada pro debiln\u00ed novin\u00e1\u0159e a\u00a0je\u0161t\u011b debiln\u011bj\u0161\u00ed vy\u0161et\u0159ovatele a\u00a0\u00fapln\u011b nejdebiln\u011bj\u0161\u00ed ministry vnitra a\u00a0spravedlnosti, aby jim unikl \u010cepiga s\u00a0My\u0161kinem, kte\u0159\u00ed od Vrb\u011btic agituj\u00ed mezi Romy.<\/p>\n<p>J\u00e1 tedy nejsem \u017e\u00e1dn\u00fd odborn\u00edk, ale nev\u0161iml jsem si, \u017ee by zrovna Romov\u00e9 byli piln\u00fdmi p\u0159epos\u00edlateli \u0159et\u011bzov\u00fdch mail\u016f. Mezi p\u0159\u00e1teli a\u00a0sleduj\u00edc\u00edmi na fejsb\u016fku nem\u00e1m moc lid\u00ed s\u00a0romsk\u00fdm p\u0159\u00edjmen\u00edm. Diskut\u00e9\u0159i u\u00a0m\u011b na Kydech se tak\u00e9 zrovna nejmenuj\u00ed Gi\u0148a, Lakato\u0161 nebo Horv\u00e1th. Jsem p\u016fvodem od Sokolova, tak\u017ee m\u00e1m spoustu romsk\u00fdch p\u0159\u00e1tel, ale pokud v\u00edm, jen jeden z\u00a0nich m\u00e1 n\u011bjak\u00e9 pov\u011bdom\u00ed o\u00a0m\u00e9m bloga\u0159en\u00ed a\u00a0to jen proto, \u017ee pracuje jako program\u00e1tor pro m\u00e9ho bratra.<\/p>\n<p><a href=\"https:\/\/stranapro.cz\/\"><img decoding=\"async\" loading=\"lazy\" class=\"wp-image-30218 aligncenter\" src=\"http:\/\/www.infokuryr.cz\/n\/wp-content\/uploads\/2023\/06\/PRO-banner-300x36.png\" alt=\"\" width=\"1367\" height=\"164\" srcset=\"https:\/\/www.infokuryr.cz\/n\/wp-content\/uploads\/2023\/06\/PRO-banner-300x36.png 300w, https:\/\/www.infokuryr.cz\/n\/wp-content\/uploads\/2023\/06\/PRO-banner-768x93.png 768w, https:\/\/www.infokuryr.cz\/n\/wp-content\/uploads\/2023\/06\/PRO-banner.png 849w\" sizes=\"(max-width: 1367px) 100vw, 1367px\" \/><\/a><\/p>\n<p>Tak\u00e9 bych \u0159ekl, \u017ee v\u011bt\u0161ina Rom\u016f m\u00e1 doma televizi a\u00a0sleduj\u00ed \u010ceskou televizi stejn\u011b piln\u011b, jako b\u011b\u017en\u00ed libtardi\u2026 Dokonce mo\u017en\u00e1 i\u00a0o\u00a0dost v\u00edce\u2026 to v\u00edte, nezam\u011bstnanost\u2026 to m\u00e1te na kouk\u00e1n\u00ed do bedny v\u00edc \u010dasu. Ale n\u011bjak ta re\u017eimn\u00ed propaganda asi nefunguje\u2026 I\u00a0kdy\u017e mezi Ordinaci v\u00a0r\u016f\u017eov\u00e9 zahrad\u011b a\u00a0V\u00fdm\u011bnu man\u017eelek cpou kr\u00e1tk\u00e9 zpr\u00e1vy o\u00a0tom, jak milujeme Evropskou unii, mezi Romy je n\u011bjak m\u00e1lo pra\u017esk\u00fdch kav\u00e1rn\u00edk\u016f.<\/p>\n<p>Tak\u017ee si to shrneme\u2026 Romov\u00e9 ne\u010dtou henty dezinforma\u010dn\u00ed blogy. Prakticky \u017e\u00e1dn\u00fd st\u00e1tem ocejchovan\u00fd dezinform\u00e1tor mezi nimi nep\u016fsob\u00ed a\u00a0nem\u00e1 u\u00a0nich \u017e\u00e1dn\u00e9 slovo. Naopak tam u\u017e t\u0159icet let p\u016fsob\u00ed ty nejspr\u00e1vn\u011bj\u0161\u00ed neziskovky, kter\u00e9 jsou stejn\u011b dobr\u00e9 jako lidi od Boba Kartouze, Jana \u010cul\u00edka a\u00a0dal\u0161\u00edch liber\u00e1ln\u00edch imbecil\u016f, kte\u0159\u00ed m\u011bli v\u017edycky plnou hubu l\u00e1sky k\u00a0na\u0161\u00ed rasov\u011b pron\u00e1sledovan\u00e9 minorit\u011b. Pou\u017eila se pozitivn\u00ed diskriminace, nalily se mraky pen\u011bz, aby gheta nebyla, dokonce i\u00a0pam\u00e1tn\u00edk v\u00a0Letech dostali\u2026 a\u00a0oni te\u010f d\u011blaj\u00ed pochody, kter\u00fdmi projevuj\u00ed l\u00e1sku k\u00a0Putinovi a\u00a0vyslovenou nel\u00e1sku ke v\u0161em t\u011bm, kte\u0159\u00ed se o\u00a0n\u011b t\u0159icet let \u201emoc hezky\u201c starali.<\/p>\n<p>A jedin\u00e9, co na\u0161i experti dok\u00e1\u017e\u00ed vymyslet, \u017ee za to m\u016f\u017eou dezinform\u00e1to\u0159i o\u00a0kter\u00fdch p\u0159edt\u00edm nikdo nesly\u0161el a\u00a0kter\u00e9 nikdo nevid\u011bl\u2026<\/p>\n<p>Ho\u0161i, ono je to celkem jednoduch\u00e9, jen se to pro samou korektnost nesm\u00ed \u0159\u00edkat\u2026 Za t\u0159icet let Rom\u016fm ve skute\u010dnosti nikdo nepomohl, jen si hodn\u011b b\u00edl\u00fdch ud\u011blalo z\u00a0jejich chudoby byznys. A\u0165 u\u017e jako majitel\u00e9 ubytoven, exekuto\u0159i nebo pracovn\u00edci neziskovek. Ghet p\u0159ib\u00fdv\u00e1, Rom\u016fm se \u017eije h\u016f\u0159 a\u00a0h\u016f\u0159, maj\u00ed u\u017e ztracen\u00e9 dv\u011b generace.<\/p>\n<p>A i\u00a0kdy\u017e se k\u00a0nim dostanou p\u0159edev\u0161\u00edm kecy z\u00a0\u010cesk\u00e9 televize, Novy a\u00a0Primy, jsou to pro n\u011b takov\u00e9 \u017ev\u00e1sty, \u017ee nepot\u0159ebuj\u00ed vzd\u011bl\u00e1n\u00ed, aby v\u011bd\u011bli, \u017ee jim prost\u011b l\u017eou. Jejich realita se od t\u00e9 televizn\u00ed li\u0161\u00ed tak moc, \u017ee pova\u017euj\u00ed za pravdu sp\u00ed\u0161 opak toho, \u010d\u00edm se vykec\u00e1v\u00e1 Tabery, \u0160\u00eddlo a\u00a0jejich poh\u016fnci. Nebylo zapot\u0159eb\u00ed \u017e\u00e1dn\u00fdch Putinov\u00fdch agent\u016f. Tady si ojrohodnotn\u00ed novin\u00e1\u0159i a\u00a0pravdomluvn\u00ed Chvilka\u0159i vysta\u010dili sami. Mleli prost\u011b takov\u00e9 kraviny a\u00a0rom\u0161t\u00ed pracovn\u00edci se chovali tak pov\u00fd\u0161en\u011b, r\u016fzn\u00ed deale\u0159i tak li\u0161\u00e1cky zneu\u017eili jejich prostoty a\u00a0vnutili jim nev\u00fdhodn\u00e9 \u00fav\u011bry, majitel\u00e9 ubytoven byli takov\u00e9 svin\u011b a\u00a0exekuto\u0159i takov\u00e1 hovada, \u017ee si takov\u00fd Rom prost\u011b \u0159ekl, \u017ee ne\u017e m\u00edt takovou demokracii, to u\u017e rad\u011bji Putina.<\/p>\n<p>Ne, nejsem odborn\u00edk na romskou ot\u00e1zku. Ale pro\u017eil jsem v\u011bt\u0161\u00ed p\u016flku \u017eivota hned vedle romsk\u00fdch ghet. \u017dil jsem vedle nich, \u017eil jsem mezi nimi, nebral jsem za to pen\u00edze a\u00a0tak jsem m\u011bl \u010das se rozhl\u00ed\u017eet. Jednu v\u011bc v\u00edm jist\u011b\u2026 dezinformace m\u016f\u017eou mezi Romy hledat od nevid\u00edm do nevid\u00edm, ale nikam to nepovede.<\/p>\n<p>Ale bude to rozhodn\u011b levn\u011bj\u0161\u00ed, ne\u017e se skute\u010dn\u011b sna\u017eit v\u011bc \u0159e\u0161it.<\/p>\n<p><em>Autor:\u00a0<strong>Daniel Sterzik \u2013 Vidl\u00e1k<\/strong>, zdroj:\u00a0<a href=\"https:\/\/www.litterate.cz\/a-mohl-bych-ty-dezinformatory-videt\/\"><strong>Litterate<\/strong><\/a><\/em><\/p>\n<p>&nbsp;<\/p>\n<p><a href=\"https:\/\/stranapro.cz\/\"><img decoding=\"async\" loading=\"lazy\" class=\"wp-image-30218 aligncenter\" src=\"http:\/\/www.infokuryr.cz\/n\/wp-content\/uploads\/2023\/06\/PRO-banner-300x36.png\" alt=\"\" width=\"1367\" height=\"164\" srcset=\"https:\/\/www.infokuryr.cz\/n\/wp-content\/uploads\/2023\/06\/PRO-banner-300x36.png 300w, https:\/\/www.infokuryr.cz\/n\/wp-content\/uploads\/2023\/06\/PRO-banner-768x93.png 768w, https:\/\/www.infokuryr.cz\/n\/wp-content\/uploads\/2023\/06\/PRO-banner.png 849w\" sizes=\"(max-width: 1367px) 100vw, 1367px\" \/><\/a><\/p>\n<p>&nbsp;<\/p>\n<p>&nbsp;<\/p>\n<p>&nbsp;<\/p>\n","protected":false},"excerpt":{"rendered":"<p>Na sn\u00edmku protiukrajinsk\u00e1 demonstrace Rom\u016f v\u00a0Krupce Tak n\u00e1m tu prob\u00edhaj\u00ed protiukrajinsk\u00e9 pochody, na kter\u00fdch se&#8230;<\/p>\n","protected":false},"author":2,"featured_media":32663,"comment_status":"closed","ping_status":"closed","sticky":false,"template":"","format":"standard","meta":[],"categories":[6],"tags":[5320,29,5528,86,807],"_links":{"self":[{"href":"https:\/\/www.infokuryr.cz\/n\/wp-json\/wp\/v2\/posts\/32662"}],"collection":[{"href":"https:\/\/www.infokuryr.cz\/n\/wp-json\/wp\/v2\/posts"}],"about":[{"href":"https:\/\/www.infokuryr.cz\/n\/wp-json\/wp\/v2\/types\/post"}],"author":[{"embeddable":true,"href":"https:\/\/www.infokuryr.cz\/n\/wp-json\/wp\/v2\/users\/2"}],"replies":[{"embeddable":true,"href":"https:\/\/www.infokuryr.cz\/n\/wp-json\/wp\/v2\/comments?post=32662"}],"version-history":[{"count":1,"href":"https:\/\/www.infokuryr.cz\/n\/wp-json\/wp\/v2\/posts\/32662\/revisions"}],"predecessor-version":[{"id":32664,"href":"https:\/\/www.infokuryr.cz\/n\/wp-json\/wp\/v2\/posts\/32662\/revisions\/32664"}],"wp:featuredmedia":[{"embeddable":true,"href":"https:\/\/www.infokuryr.cz\/n\/wp-json\/wp\/v2\/media\/32663"}],"wp:attachment":[{"href":"https:\/\/www.infokuryr.cz\/n\/wp-json\/wp\/v2\/media?parent=32662"}],"wp:term":[{"taxonomy":"category","embeddable":true,"href":"https:\/\/www.infokuryr.cz\/n\/wp-json\/wp\/v2\/categories?post=32662"},{"taxonomy":"post_tag","embeddable":true,"href":"https:\/\/www.infokuryr.cz\/n\/wp-json\/wp\/v2\/tags?post=32662"}],"curies":[{"name":"wp","href":"https:\/\/api.w.org\/{rel}","templated":true}]}}