{"id":3266,"date":"2021-07-12T12:09:33","date_gmt":"2021-07-12T10:09:33","guid":{"rendered":"http:\/\/www.infokuryr.cz\/n\/?p=3266"},"modified":"2021-07-12T12:09:33","modified_gmt":"2021-07-12T10:09:33","slug":"manzel-predsedkyne-evropske-komise-ursuly-von-der-leyen-je-lekarskym-reditelem-nove-biotechnologicke-spolecnosti","status":"publish","type":"post","link":"https:\/\/www.infokuryr.cz\/n\/2021\/07\/12\/manzel-predsedkyne-evropske-komise-ursuly-von-der-leyen-je-lekarskym-reditelem-nove-biotechnologicke-spolecnosti\/","title":{"rendered":"Man\u017eel p\u0159edsedkyn\u011b Evropsk\u00e9 komise Ursuly von der Leyen je l\u00e9ka\u0159sk\u00fdm \u0159editelem nov\u00e9 biotechnologick\u00e9 spole\u010dnosti"},"content":{"rendered":"<div id=\"fb-root\"><\/div>\n<p><strong><span style=\"color: #ff0000;\">To je ale p\u0159ekvapen\u00ed? Konflikt z\u00e1jm\u016f?<\/span><\/strong><\/p>\n<p><span>Man\u017eel p\u0159edsedkyn\u011b Evropsk\u00e9 komise Ursuly von der Leyen, Heiko von der Leyen, je l\u00e9ka\u0159sk\u00fdm \u0159editelem nov\u00e9 spole\u010dnosti BioTech: Orgenesis!<\/span><\/p>\n<p><a href=\"https:\/\/web.archive.org\/web\/20210118202715\/https:\/\/orgenesis.com\/team\" target=\"_blank\" rel=\"noreferrer noopener\"><strong><span>Naleznete jej zde na<\/span><\/strong><\/a><span>\u00a0seznamem mana\u017eersk\u00e9ho t\u00fdmu\u00a0.<\/span><\/p>\n<p><span>Orgenesis oznamuje bun\u011b\u010dnou vakc\u00ednovou platformu zam\u011b\u0159enou na COVID-19 a dal\u0161\u00ed existuj\u00edc\u00ed a objevuj\u00edc\u00ed se virov\u00e1 onemocn\u011bn\u00ed a m\u00e1 z<\/span><span>ah\u00e1jit nov\u00fd program zam\u011b\u0159en\u00fd na virus a bu\u0148ky infikovan\u00e9 virem pomoc\u00ed vakc\u00edn na b\u00e1zi cel\u00fdch bun\u011bk.<\/span><\/p>\n<p><span>Je zaj\u00edmav\u00e9, \u017ee to nen\u00ed zm\u00edn\u011bno v jeho str\u00e1nk\u00e1ch na Wikipedii, ani si\u00a0 Heiko von der Leyen do sv\u00e9ho profilu nezaznamenal nov\u00e9 zam\u011bstn\u00e1n\u00ed , a\u010dkoli tam pracuje od roku 2020.<\/span><\/p>\n<p>Tak zvesela, prav\u00e1, lev\u00e1 a vst\u0159\u00edc o\u010dkovac\u00edm l\u00e1tk\u00e1m, p\u0159eci tahle vykut\u00e1len\u00e1 rodinka mus\u00ed z n\u011b\u010deho \u017e\u00edt a finance jsou p\u0159eci od t\u011bch evropsk\u00fdch ov\u010dan\u016f pot\u0159ebn\u00e9.<\/p>\n<p><img decoding=\"async\" loading=\"lazy\" class=\"alignnone size-full wp-image-1185\" src=\"http:\/\/www.infokuryr.cz\/n\/wp-content\/uploads\/2021\/04\/kuryr-podpis.png\" alt=\"\" width=\"84\" height=\"24\" \/><\/p>\n<p>&nbsp;<\/p>\n","protected":false},"excerpt":{"rendered":"<p>To je ale p\u0159ekvapen\u00ed? Konflikt z\u00e1jm\u016f? Man\u017eel p\u0159edsedkyn\u011b Evropsk\u00e9 komise Ursuly von der Leyen, Heiko&#8230;<\/p>\n","protected":false},"author":2,"featured_media":3267,"comment_status":"closed","ping_status":"closed","sticky":false,"template":"","format":"standard","meta":[],"categories":[7],"tags":[223,90,651,870],"_links":{"self":[{"href":"https:\/\/www.infokuryr.cz\/n\/wp-json\/wp\/v2\/posts\/3266"}],"collection":[{"href":"https:\/\/www.infokuryr.cz\/n\/wp-json\/wp\/v2\/posts"}],"about":[{"href":"https:\/\/www.infokuryr.cz\/n\/wp-json\/wp\/v2\/types\/post"}],"author":[{"embeddable":true,"href":"https:\/\/www.infokuryr.cz\/n\/wp-json\/wp\/v2\/users\/2"}],"replies":[{"embeddable":true,"href":"https:\/\/www.infokuryr.cz\/n\/wp-json\/wp\/v2\/comments?post=3266"}],"version-history":[{"count":0,"href":"https:\/\/www.infokuryr.cz\/n\/wp-json\/wp\/v2\/posts\/3266\/revisions"}],"wp:featuredmedia":[{"embeddable":true,"href":"https:\/\/www.infokuryr.cz\/n\/wp-json\/wp\/v2\/media\/3267"}],"wp:attachment":[{"href":"https:\/\/www.infokuryr.cz\/n\/wp-json\/wp\/v2\/media?parent=3266"}],"wp:term":[{"taxonomy":"category","embeddable":true,"href":"https:\/\/www.infokuryr.cz\/n\/wp-json\/wp\/v2\/categories?post=3266"},{"taxonomy":"post_tag","embeddable":true,"href":"https:\/\/www.infokuryr.cz\/n\/wp-json\/wp\/v2\/tags?post=3266"}],"curies":[{"name":"wp","href":"https:\/\/api.w.org\/{rel}","templated":true}]}}