{"id":32658,"date":"2023-07-23T01:15:14","date_gmt":"2023-07-22T23:15:14","guid":{"rendered":"http:\/\/www.infokuryr.cz\/n\/?p=32658"},"modified":"2023-07-22T17:12:46","modified_gmt":"2023-07-22T15:12:46","slug":"rusti-vojaci-predvadeji-hrbitov-americkych-bradleyu","status":"publish","type":"post","link":"https:\/\/www.infokuryr.cz\/n\/2023\/07\/23\/rusti-vojaci-predvadeji-hrbitov-americkych-bradleyu\/","title":{"rendered":"Ru\u0161t\u00ed voj\u00e1ci p\u0159edv\u00e1d\u011bj\u00ed \u201eh\u0159bitov\u201c americk\u00fdch Bradley\u016f"},"content":{"rendered":"<div id=\"fb-root\"><\/div>\n<p><span style=\"font-size: 18pt;\"><strong>Ukrajina podle klip\u016f na soci\u00e1ln\u00edch s\u00edt\u00edch ztratila n\u011bkolik bojov\u00fdch vozidel p\u011bchoty a tank v jedin\u00e9m st\u0159etu<\/strong><\/span><\/p>\n<p><span>Ukrajinsk\u00e1 obrn\u011bn\u00e1 skupina, v\u010detn\u011b nejm\u00e9n\u011b \u010dty\u0159 bojov\u00fdch vozidel p\u011bchoty Bradley dodan\u00fdch Spojen\u00fdmi st\u00e1ty, byla zni\u010dena, vypl\u00fdv\u00e1 z videa, kter\u00e9 kolovalo na soci\u00e1ln\u00edch s\u00edt\u00edch a kter\u00e9 nebylo mo\u017en\u00e9 nez\u00e1visle ov\u011b\u0159it.<\/span><\/p>\n<p><span>V sobotu n\u011bkolik telegramov\u00fdch kan\u00e1l\u016f sd\u00edlelo nedatovan\u00fd 12sekundov\u00fd klip ukazuj\u00edc\u00ed rusk\u00fd tank proj\u00ed\u017ed\u011bj\u00edc\u00ed kolem \u00fadajn\u00e9ho\u00a0<\/span><em><span>\u201eh\u0159bitovu\u201c<\/span><\/em><span>\u00a0ukrajinsk\u00e9 t\u011b\u017ek\u00e9 vojensk\u00e9 techniky.\u00a0Video bylo \u00fadajn\u011b nato\u010deno pobl\u00ed\u017e osady Rabotino v rusk\u00e9 Z\u00e1poro\u017esk\u00e9 oblasti, asi 50 km v\u00fdchodn\u011b od \u0159eky Dn\u011bpr.<\/span><\/p>\n<p><span>Video p\u0159edstavuje n\u011bco, co se zd\u00e1 b\u00fdt pevn\u011b sbalen\u00e1 skupina \u010dty\u0159 t\u011b\u017ece po\u0161kozen\u00fdch a opu\u0161t\u011bn\u00fdch Bradley\u016f na rovn\u00e9m ter\u00e9nu, s dal\u0161\u00edm vozidlem \u2013 z\u0159ejm\u011b zmrza\u010den\u00fdm ukrajinsk\u00fdm tankem sov\u011btsk\u00e9 konstrukce \u2013 viditeln\u00fdm v d\u00e1lce.\u00a0Nen\u00ed jasn\u00e9, jak p\u0159esn\u011b byla obrn\u011bn\u00e1 skupina zni\u010dena.<\/span><\/p>\n<p><strong>VIDEO:<\/strong><\/p>\n<div class=\"rtcode\">\n<div><iframe loading=\"lazy\" id=\"telegram-post-militaryZmediaa-17672\" src=\"https:\/\/t.me\/militaryZmediaa\/17672?embed=1\" width=\"100%\" height=\"\" frameborder=\"0\" scrolling=\"no\" data-mce-fragment=\"1\"><\/iframe><\/div>\n<\/div>\n<p><span>Podle Pentagonu dodaly USA Ukrajin\u011b t\u00e9m\u011b\u0159 200 Bradley\u016f, kter\u00e9 m\u011bly pos\u00edlit tolik medializovanou protiofenz\u00edvu Kyjeva proti Rusku, kter\u00e9 se podle Moskvy zat\u00edm nepoda\u0159ilo z\u00edskat \u017e\u00e1dnou pozici.<\/span><\/p>\n<p><span>N\u011bkolik zpr\u00e1v ze z\u00e1padn\u00edch m\u00e9di\u00ed nazna\u010dovalo, \u017ee Ukrajina utrp\u011bla b\u011bhem \u00fatoku zna\u010dn\u00e9 ztr\u00e1ty na panc\u00ed\u0159i, p\u0159i\u010dem\u017e Business Insider minul\u00fd t\u00fdden uvedl, \u017ee nejm\u00e9n\u011b 34 Bradley\u016f \u201ebylo\u00a0<\/span><em><span>nyn\u00ed vizu\u00e1ln\u011b potvrzeno jako opu\u0161t\u011bn\u00e9, po\u0161kozen\u00e9 nebo zni\u010den\u00e9\u201c.<\/span><\/em><\/p>\n<p><span>Ve \u010dtvrtek Washington Post s odvol\u00e1n\u00edm na zdroje uvedl, \u017ee asi tucet Bradley\u016f bylo zni\u010deno tak, \u017ee se nedalo opravit, p\u0159i\u010dem\u017e mnoho dal\u0161\u00edch utrp\u011blo r\u016fzn\u00e9 stupn\u011b po\u0161kozen\u00ed.\u00a0\u00dasil\u00ed ukrajinsk\u00fdch \u010dlen\u016f slu\u017eby o opravy v\u0161ak pr\u00fd brzdil nedostatek n\u00e1hradn\u00edch d\u00edl\u016f, co\u017e vedlo k tomu, \u017ee n\u011bkter\u00e9 Bradley byly kanibalizov\u00e1ny a odesl\u00e1ny do sousedn\u00edho Polska na rozs\u00e1hlej\u0161\u00ed opravy.<\/span><\/p>\n<p><span>Minul\u00fd t\u00fdden se na soci\u00e1ln\u00edch s\u00edt\u00edch roz\u0161\u00ed\u0159ilo dal\u0161\u00ed video ukazuj\u00edc\u00ed rusk\u00e9 voj\u00e1ky stoj\u00edc\u00ed p\u0159ed zajat\u00fdm Bradleym, p\u0159i\u010dem\u017e n\u011bkte\u0159\u00ed \u010dlenov\u00e9 slu\u017eby d\u011bkovali ukrajinsk\u00e9mu prezidentovi Vladimiru Zelensk\u00e9mu za \u201edar\u00a0<\/span><em><span>\u201c.\u00a0<\/span><\/em><span>Pozd\u011bji rusk\u00fd prezident Vladimir Putin poznamenal, \u017ee moskev\u0161t\u00ed specialist\u00e9 by mohli prozkoumat uko\u0159ist\u011bn\u00e9 zbran\u011b, aby se pono\u0159ili do z\u00e1padn\u00edho know-how.<\/span><\/p>\n<p><span>Minul\u00fd t\u00fdden rusk\u00fd ministr obrany Sergej \u0160ojgu odhadl ztr\u00e1ty Ukrajiny od \u010dervnov\u00e9ho zah\u00e1jen\u00ed protiofenz\u00edvy na zhruba 3000 kus\u016f vojensk\u00e9 techniky a des\u00edtky tis\u00edc p\u0159\u00edslu\u0161n\u00edk\u016f slu\u017eby.<\/span><\/p>\n<p><img decoding=\"async\" loading=\"lazy\" class=\"alignnone size-full wp-image-1185\" src=\"http:\/\/www.infokuryr.cz\/n\/wp-content\/uploads\/2021\/04\/kuryr-podpis.png\" alt=\"\" width=\"84\" height=\"24\" \/><\/p>\n<p>&nbsp;<\/p>\n<p><a href=\"https:\/\/stranapro.cz\/\"><img decoding=\"async\" loading=\"lazy\" class=\"wp-image-30218 aligncenter\" src=\"http:\/\/www.infokuryr.cz\/n\/wp-content\/uploads\/2023\/06\/PRO-banner-300x36.png\" alt=\"\" width=\"1367\" height=\"164\" srcset=\"https:\/\/www.infokuryr.cz\/n\/wp-content\/uploads\/2023\/06\/PRO-banner-300x36.png 300w, https:\/\/www.infokuryr.cz\/n\/wp-content\/uploads\/2023\/06\/PRO-banner-768x93.png 768w, https:\/\/www.infokuryr.cz\/n\/wp-content\/uploads\/2023\/06\/PRO-banner.png 849w\" sizes=\"(max-width: 1367px) 100vw, 1367px\" \/><\/a><\/p>\n<p>&nbsp;<\/p>\n<p>&nbsp;<\/p>\n<p>&nbsp;<\/p>\n","protected":false},"excerpt":{"rendered":"<p>Ukrajina podle klip\u016f na soci\u00e1ln\u00edch s\u00edt\u00edch ztratila n\u011bkolik bojov\u00fdch vozidel p\u011bchoty a tank v jedin\u00e9m&#8230;<\/p>\n","protected":false},"author":2,"featured_media":32659,"comment_status":"closed","ping_status":"closed","sticky":false,"template":"","format":"standard","meta":[],"categories":[7],"tags":[5328,805,1080,26,2782],"_links":{"self":[{"href":"https:\/\/www.infokuryr.cz\/n\/wp-json\/wp\/v2\/posts\/32658"}],"collection":[{"href":"https:\/\/www.infokuryr.cz\/n\/wp-json\/wp\/v2\/posts"}],"about":[{"href":"https:\/\/www.infokuryr.cz\/n\/wp-json\/wp\/v2\/types\/post"}],"author":[{"embeddable":true,"href":"https:\/\/www.infokuryr.cz\/n\/wp-json\/wp\/v2\/users\/2"}],"replies":[{"embeddable":true,"href":"https:\/\/www.infokuryr.cz\/n\/wp-json\/wp\/v2\/comments?post=32658"}],"version-history":[{"count":0,"href":"https:\/\/www.infokuryr.cz\/n\/wp-json\/wp\/v2\/posts\/32658\/revisions"}],"wp:featuredmedia":[{"embeddable":true,"href":"https:\/\/www.infokuryr.cz\/n\/wp-json\/wp\/v2\/media\/32659"}],"wp:attachment":[{"href":"https:\/\/www.infokuryr.cz\/n\/wp-json\/wp\/v2\/media?parent=32658"}],"wp:term":[{"taxonomy":"category","embeddable":true,"href":"https:\/\/www.infokuryr.cz\/n\/wp-json\/wp\/v2\/categories?post=32658"},{"taxonomy":"post_tag","embeddable":true,"href":"https:\/\/www.infokuryr.cz\/n\/wp-json\/wp\/v2\/tags?post=32658"}],"curies":[{"name":"wp","href":"https:\/\/api.w.org\/{rel}","templated":true}]}}