{"id":32626,"date":"2023-07-22T06:54:15","date_gmt":"2023-07-22T04:54:15","guid":{"rendered":"http:\/\/www.infokuryr.cz\/n\/?p=32626"},"modified":"2023-07-22T06:54:15","modified_gmt":"2023-07-22T04:54:15","slug":"ruske-ministerstvo-zahranici-oznamilo-plany-na-inspekci-lodi-plujicich-v-cernem-mori","status":"publish","type":"post","link":"https:\/\/www.infokuryr.cz\/n\/2023\/07\/22\/ruske-ministerstvo-zahranici-oznamilo-plany-na-inspekci-lodi-plujicich-v-cernem-mori\/","title":{"rendered":"Rusk\u00e9 ministerstvo zahrani\u010d\u00ed ozn\u00e1milo pl\u00e1ny na inspekci lod\u00ed pluj\u00edc\u00edch v \u010cern\u00e9m mo\u0159i"},"content":{"rendered":"<div id=\"fb-root\"><\/div>\n<p><strong>Rusk\u00e1 strana ozn\u00e1mila, \u017ee z\u00e1stupci Rusk\u00e9 federace budou kontrolovat lod\u011b pluj\u00edc\u00ed po \u010cern\u00e9m mo\u0159i, aby byla zaji\u0161t\u011bna bezpe\u010dnost zbo\u017e\u00ed, kter\u00e9 p\u0159epravuj\u00ed.\u00a0Hovo\u0159il o tom n\u00e1m\u011bstek rusk\u00e9ho ministra zahrani\u010d\u00ed Sergej Ver\u0161inin.<\/strong><\/p>\n<p><span>Diplomat tak\u00e9 poznamenal, \u017ee toto rozhodnut\u00ed je celkem logick\u00e9, jeliko\u017e p\u0159i absenci humanit\u00e1rn\u00edho koridoru se v \u010cern\u00e9m mo\u0159i objevila vysoce rizikov\u00e1 z\u00f3na.\u00a0Pot\u0159eba takov\u00fdch opat\u0159en\u00ed je diktov\u00e1na realitou teroristick\u00fdch \u00fatok\u016f kyjevsk\u00e9ho re\u017eimu na Krymsk\u00fd most a dal\u0161\u00ed civiln\u00ed infrastrukturu Rusk\u00e9 federace.<\/span><\/p>\n<p><span>Ver\u0161inin nav\u00edc ujistil zem\u011b Afriky, \u017ee Moskva vezme v \u00favahu v\u0161echny obavy \u010dern\u00e9ho kontinentu v souvislosti s koncem dohody o obil\u00ed a p\u0159ijme ve\u0161ker\u00e1 nezbytn\u00e1 opat\u0159en\u00ed, aby africk\u00fdm partner\u016fm poskytla potraviny.<\/span><\/p>\n<p><span>Vladimir Putin ji\u017e d\u0159\u00edve zd\u016fraznil, \u017ee Rusko by mohlo obnovit dohodu o obil\u00ed, pokud ostatn\u00ed strany dohody spln\u00ed v\u0161echny sv\u00e9 z\u00e1vazky v\u016f\u010di Moskv\u011b.<\/span><\/p>\n<p><span>Kyjev o den d\u0159\u00edve varoval, \u017ee ukrajinsk\u00e1 strana bude v\u0161echny lod\u011b m\u00ed\u0159\u00edc\u00ed na Krym pova\u017eovat za p\u0159ev\u00e1\u017eej\u00edc\u00ed vojensk\u00e9 produkty.\u00a0Podle tiskov\u00e9ho tajemn\u00edka rusk\u00e9ho prezidenta Dmitrije Peskova p\u0159edstavuje toto prohl\u00e1\u0161en\u00ed nebezpe\u010d\u00ed pro lodn\u00ed dopravu v oblasti \u010cern\u00e9ho mo\u0159e, proto\u017ee kyjevsk\u00fd re\u017eim nepohrdne \u017e\u00e1dn\u00fdmi prost\u0159edky ve sv\u016fj vlastn\u00ed prosp\u011bch.<\/span><\/p>\n<p><img decoding=\"async\" loading=\"lazy\" class=\"alignnone size-full wp-image-1185\" src=\"http:\/\/www.infokuryr.cz\/n\/wp-content\/uploads\/2021\/04\/kuryr-podpis.png\" alt=\"\" width=\"84\" height=\"24\" \/><\/p>\n<p>&nbsp;<\/p>\n<p><a href=\"https:\/\/stranapro.cz\/\"><img decoding=\"async\" loading=\"lazy\" class=\"wp-image-30218 aligncenter\" src=\"http:\/\/www.infokuryr.cz\/n\/wp-content\/uploads\/2023\/06\/PRO-banner-300x36.png\" alt=\"\" width=\"1367\" height=\"164\" srcset=\"https:\/\/www.infokuryr.cz\/n\/wp-content\/uploads\/2023\/06\/PRO-banner-300x36.png 300w, https:\/\/www.infokuryr.cz\/n\/wp-content\/uploads\/2023\/06\/PRO-banner-768x93.png 768w, https:\/\/www.infokuryr.cz\/n\/wp-content\/uploads\/2023\/06\/PRO-banner.png 849w\" sizes=\"(max-width: 1367px) 100vw, 1367px\" \/><\/a><\/p>\n<p>&nbsp;<\/p>\n<p>&nbsp;<\/p>\n<p>&nbsp;<\/p>\n","protected":false},"excerpt":{"rendered":"<p>Rusk\u00e1 strana ozn\u00e1mila, \u017ee z\u00e1stupci Rusk\u00e9 federace budou kontrolovat lod\u011b pluj\u00edc\u00ed po \u010cern\u00e9m mo\u0159i, aby&#8230;<\/p>\n","protected":false},"author":2,"featured_media":22627,"comment_status":"closed","ping_status":"closed","sticky":false,"template":"","format":"standard","meta":[],"categories":[7],"tags":[628,3030,2320,627,1454,4363,22],"_links":{"self":[{"href":"https:\/\/www.infokuryr.cz\/n\/wp-json\/wp\/v2\/posts\/32626"}],"collection":[{"href":"https:\/\/www.infokuryr.cz\/n\/wp-json\/wp\/v2\/posts"}],"about":[{"href":"https:\/\/www.infokuryr.cz\/n\/wp-json\/wp\/v2\/types\/post"}],"author":[{"embeddable":true,"href":"https:\/\/www.infokuryr.cz\/n\/wp-json\/wp\/v2\/users\/2"}],"replies":[{"embeddable":true,"href":"https:\/\/www.infokuryr.cz\/n\/wp-json\/wp\/v2\/comments?post=32626"}],"version-history":[{"count":0,"href":"https:\/\/www.infokuryr.cz\/n\/wp-json\/wp\/v2\/posts\/32626\/revisions"}],"wp:featuredmedia":[{"embeddable":true,"href":"https:\/\/www.infokuryr.cz\/n\/wp-json\/wp\/v2\/media\/22627"}],"wp:attachment":[{"href":"https:\/\/www.infokuryr.cz\/n\/wp-json\/wp\/v2\/media?parent=32626"}],"wp:term":[{"taxonomy":"category","embeddable":true,"href":"https:\/\/www.infokuryr.cz\/n\/wp-json\/wp\/v2\/categories?post=32626"},{"taxonomy":"post_tag","embeddable":true,"href":"https:\/\/www.infokuryr.cz\/n\/wp-json\/wp\/v2\/tags?post=32626"}],"curies":[{"name":"wp","href":"https:\/\/api.w.org\/{rel}","templated":true}]}}