{"id":32623,"date":"2023-07-22T06:38:35","date_gmt":"2023-07-22T04:38:35","guid":{"rendered":"http:\/\/www.infokuryr.cz\/n\/?p=32623"},"modified":"2023-07-22T06:43:30","modified_gmt":"2023-07-22T04:43:30","slug":"monika-hrabakova-cermak-dostal-55-roku-a-co-lang-nebo-reporyjec","status":"publish","type":"post","link":"https:\/\/www.infokuryr.cz\/n\/2023\/07\/22\/monika-hrabakova-cermak-dostal-55-roku-a-co-lang-nebo-reporyjec\/","title":{"rendered":"MONIKA HRAB\u00c1KOV\u00c1: \u010cERM\u00c1K DOSTAL 5,5 ROKU \u2026 A CO LANG NEBO \u0158EPORYJEC?"},"content":{"rendered":"<div id=\"fb-root\"><\/div>\n<p><em><strong>V\u00edt Raku\u0161an v reakci na odsouzen\u00ed \u010cerm\u00e1ka \u0159ekl, \u017ee na\u0161e spole\u010dnost takov\u00e9 chov\u00e1n\u00ed nebude tolerovat\u00a0a to nez\u00e1visle na tom, kdo se jej bude dopou\u0161t\u011bt. Sna\u017eil se tak pochv\u00e1lit na\u0161i \u00fadajn\u011b spravedlivou a nez\u00e1vislou justici.<\/strong><\/em><\/p>\n<p><strong>\u010cerm\u00e1k byl v\u010dera odsouzen na\u00a05,5 rok\u016f do v\u011bzen\u00ed za to, \u017ee vyhro\u017eoval n\u00e1sil\u00edm v\u016f\u010di politik\u016fm, tou\u017eil po podp\u00e1len\u00ed Sen\u00e1tu\u00a0\u2026 ve v\u00fd\u010dtu jeho \u010din\u016f bychom jist\u011b na\u0161li dal\u0161\u00ed lib\u016fstky.<\/strong><\/p>\n<p>I tak si mysl\u00edm, \u017ee trest pro \u010cerm\u00e1ka je p\u0159\u00edli\u0161 vysok\u00fd.\u00a0 5,5 roku za to, \u017ee \u0159ekne, \u017ee by politiky nah\u00e1zel do Vltavy, se mi zd\u00e1 p\u0159emr\u0161t\u011bn\u00e9 i na na\u0161e \u010desk\u00e9 kon\u010diny.<\/p>\n<p><strong>\u0158\u00edkat to samoz\u0159ejm\u011b nem\u011bl;<\/strong>\u00a0vy, kdo m\u011b zn\u00e1te, v\u00edte, \u017ee nesn\u00e1\u0161\u00edm vol\u00e1n\u00ed po n\u00e1sil\u00ed, \u010dtvrt\u00e9 pra\u017esk\u00e9 defenestraci a lyn\u010di politik\u016f. N\u00e1sil\u00ed v m\u00e9m pohledu nen\u00ed v po\u0159\u00e1dku v jak\u00e9koli form\u011b, do civilizovan\u00e9 spole\u010dnosti zkr\u00e1tka nepat\u0159\u00ed.<\/p>\n<p>I kdyby \u010cerm\u00e1k dostal jen p\u016fl roku, m\u016f\u017ee si za to s\u00e1m svou prosto\u0159ekost\u00ed, neschopnost\u00ed vid\u011bt d\u016fsledky sv\u00fdch \u010din\u016f a mo\u017en\u00e1 i svou agresivn\u00ed n\u00e1turou.<\/p>\n<p><strong>Tweet, kter\u00fd zve\u0159ejnil ministr vnitra, je uk\u00e1zkov\u00fdm p\u0159\u00edkladem toho, jak moc mimo realitu Raku\u0161an \u017eije.<\/strong>\u00a0Chv\u00e1l\u00ed soud za jeho rozsudek a jedn\u00edm dechem dod\u00e1v\u00e1, \u017ee my takov\u00e9 chov\u00e1n\u00ed tolerovat nebudem, a\u0165 u\u017e se jej dopust\u00ed kdokoli.<\/p>\n<p><span style=\"font-size: 18pt;\"><strong>V\u00fdborn\u011b, pane minist\u0159e. Kone\u010dn\u011b z v\u00e1s vypadlo n\u011bco rozumn\u00e9ho.<\/strong><\/span><\/p>\n<ul>\n<li>S nap\u011bt\u00edm poskakuju na \u017eidli a \u010dek\u00e1m,\u00a0<span style=\"color: #993366;\"><strong>a\u017e bude souzeno \u0158eporyjsk\u00e9 prase pro svoje v\u00fdroky pln\u00e9 nen\u00e1visti<\/strong>,<\/span> a\u017e bude odsouzen za vol\u00e1n\u00ed po \u00fato\u010dn\u00e9 v\u00e1lce a ne-li genocid\u011b.<\/li>\n<li>S tich\u00fdm o\u010dek\u00e1v\u00e1n\u00edm \u010dek\u00e1m okam\u017eit\u00e9<strong>\u00a0<span style=\"color: #993366;\">uv\u011bzn\u011bn\u00ed pana Martina Langa, kter\u00fd ve\u0159ejn\u011b vyz\u00fdval k vra\u017ed\u011b Milo\u0161e Zemana<\/span>,<\/strong>\u00a0kter\u00fd by se podle n\u011bj m\u011bl \u201cpod\u0159\u00edznout\u201d. A nejen to. M\u011bla by se mu pr\u00fd \u201cu\u0159\u00edznout hlava a sra\u010dky, co zbydou, p\u00e1lit\u201d.<\/li>\n<li>S vyp\u011bt\u00edm \u010dek\u00e1m, \u017ee bude odsouzen prim\u00e1\u0159 nemocnice, kter\u00fd napsal, \u017ee by m\u011bl n\u011bkdo\u00a0<span style=\"color: #993366;\"><strong>Okamurovi p\u0159idat do pit\u00ed cyank\u00e1li.<\/strong><\/span><\/li>\n<\/ul>\n<p>Proto\u017ee pokud se tak po slovech ministra vnitra\u00a0<span style=\"color: #993366;\"><strong>V\u00edta Raku\u0161ana nestane, va\u0161e slova o nez\u00e1visl\u00e9 a spravedliv\u00e9 justici jsou \u2026 ano, jsou to opravdu jenom pr\u00e1zdn\u00e1, nicne\u0159\u00edkaj\u00edc\u00ed slova.<\/strong><\/span><\/p>\n<p>&nbsp;<\/p>\n<div class='videoWrapper'>\r\n\t            <iframe src='https:\/\/rumble.com\/embed\/pj.v2aaz2u\/' frameborder='0' allowfullscreen><\/iframe>\r\n\t        <\/div>\n<p>&nbsp;<\/p>\n<p><a href=\"https:\/\/www.facebook.com\/profile.php?id=100008042985445&amp;__cft__%5b0%5d=AZVMRmOPoWD6yQIw_gIuO9jE5aWXjdlAg2-JA8UnvAQ9kx6yXGHgNcdNKszCAnQ7w0U_TheGR3wGzWiYhkKDEnH9Fmh_pEfZnMRH6lvD1KaI7G8hxT22zxL1b-NgjPYgusaHlzq5gGqB_C3UgSJvOCVx8hS6fIqitW-5kYDVe7tSPtSEBHN6ziyUCsTk3BJ0JkA&amp;__tn__=-UC%2CP-R\">Monika Hrab\u00e1kov\u00e1<\/a><\/p>\n<p><em>\u00davodn\u00ed obr\u00e1zek: https:\/\/www.arfa.cz\/tag\/novotny-tv\/<\/em><\/p>\n<p>&nbsp;<\/p>\n<p><a href=\"https:\/\/stranapro.cz\/\"><img decoding=\"async\" loading=\"lazy\" class=\"wp-image-30218 aligncenter\" src=\"http:\/\/www.infokuryr.cz\/n\/wp-content\/uploads\/2023\/06\/PRO-banner-300x36.png\" alt=\"\" width=\"1367\" height=\"164\" srcset=\"https:\/\/www.infokuryr.cz\/n\/wp-content\/uploads\/2023\/06\/PRO-banner-300x36.png 300w, https:\/\/www.infokuryr.cz\/n\/wp-content\/uploads\/2023\/06\/PRO-banner-768x93.png 768w, https:\/\/www.infokuryr.cz\/n\/wp-content\/uploads\/2023\/06\/PRO-banner.png 849w\" sizes=\"(max-width: 1367px) 100vw, 1367px\" \/><\/a><\/p>\n<p>&nbsp;<\/p>\n<p>&nbsp;<\/p>\n<p>&nbsp;<\/p>\n","protected":false},"excerpt":{"rendered":"<p>V\u00edt Raku\u0161an v reakci na odsouzen\u00ed \u010cerm\u00e1ka \u0159ekl, \u017ee na\u0161e spole\u010dnost takov\u00e9 chov\u00e1n\u00ed nebude tolerovat\u00a0a&#8230;<\/p>\n","protected":false},"author":2,"featured_media":27977,"comment_status":"closed","ping_status":"closed","sticky":false,"template":"","format":"standard","meta":[],"categories":[6],"tags":[2985,29,896,520,858,1483],"_links":{"self":[{"href":"https:\/\/www.infokuryr.cz\/n\/wp-json\/wp\/v2\/posts\/32623"}],"collection":[{"href":"https:\/\/www.infokuryr.cz\/n\/wp-json\/wp\/v2\/posts"}],"about":[{"href":"https:\/\/www.infokuryr.cz\/n\/wp-json\/wp\/v2\/types\/post"}],"author":[{"embeddable":true,"href":"https:\/\/www.infokuryr.cz\/n\/wp-json\/wp\/v2\/users\/2"}],"replies":[{"embeddable":true,"href":"https:\/\/www.infokuryr.cz\/n\/wp-json\/wp\/v2\/comments?post=32623"}],"version-history":[{"count":1,"href":"https:\/\/www.infokuryr.cz\/n\/wp-json\/wp\/v2\/posts\/32623\/revisions"}],"predecessor-version":[{"id":32624,"href":"https:\/\/www.infokuryr.cz\/n\/wp-json\/wp\/v2\/posts\/32623\/revisions\/32624"}],"wp:featuredmedia":[{"embeddable":true,"href":"https:\/\/www.infokuryr.cz\/n\/wp-json\/wp\/v2\/media\/27977"}],"wp:attachment":[{"href":"https:\/\/www.infokuryr.cz\/n\/wp-json\/wp\/v2\/media?parent=32623"}],"wp:term":[{"taxonomy":"category","embeddable":true,"href":"https:\/\/www.infokuryr.cz\/n\/wp-json\/wp\/v2\/categories?post=32623"},{"taxonomy":"post_tag","embeddable":true,"href":"https:\/\/www.infokuryr.cz\/n\/wp-json\/wp\/v2\/tags?post=32623"}],"curies":[{"name":"wp","href":"https:\/\/api.w.org\/{rel}","templated":true}]}}