{"id":3262,"date":"2021-07-12T04:28:45","date_gmt":"2021-07-12T02:28:45","guid":{"rendered":"http:\/\/www.infokuryr.cz\/n\/?p=3262"},"modified":"2021-07-12T04:28:45","modified_gmt":"2021-07-12T02:28:45","slug":"general-pavel-na-vrcholu-musi-stat-jen-jeden-muz-ja","status":"publish","type":"post","link":"https:\/\/www.infokuryr.cz\/n\/2021\/07\/12\/general-pavel-na-vrcholu-musi-stat-jen-jeden-muz-ja\/","title":{"rendered":"Gener\u00e1l Pavel: Na vrcholu mus\u00ed st\u00e1t jen jeden mu\u017e: J\u00c1"},"content":{"rendered":"<div id=\"fb-root\"><\/div>\n<p>Je zn\u00e1mou skute\u010dnost\u00ed, \u017ee nejvy\u0161\u0161\u00ed vojensk\u00fd p\u0159edstavitel NATO se vyb\u00edr\u00e1 v\u00edc s ohledem na politiku ne\u017e na vojenstv\u00ed. Kter\u00e1\u017eto praxe se uplat\u0148uje takto: Ur\u010d\u00ed se zem\u011b NATO, ve kter\u00fdch je NATO nejm\u00e9n\u011b popul\u00e1rn\u00ed, a nejvy\u0161\u0161\u00edm vojensk\u00fdm p\u0159edstavitelem NATO je pak Nejvy\u0161\u0161\u00ed radou NATO jmenov\u00e1n gener\u00e1l pr\u00e1v\u011b z jedn\u00e9 z t\u011bchto NATO bu\u010f m\u00e1lo tleskaj\u00edc\u00edch \u010di v\u016fbec netleskaj\u00edc\u00edch zem\u00ed. P\u0159edpokl\u00e1d\u00e1 se toti\u017e, \u017ee ob\u010dan\u00e9 zem\u011b, kter\u00e1 a\u017e dosud NATO tleskala nejm\u00e9n\u011b \u010di v\u016fbec netleskala, bude po jmenov\u00e1n\u00ed sv\u00e9ho krajana do tak vysok\u00e9 nadn\u00e1rodn\u00ed funkce natolik polichocena, \u017ee svou averzi v\u016f\u010di NATO bu\u010f odlo\u017e\u00ed stranou, \u010di ji dokonce prom\u011bn\u00ed v l\u00e1sku.<\/p>\n<p>Tehdy v roce 2014 byla za zemi, kter\u00e1 m\u011bla b\u00fdt takto polichocena, vybr\u00e1na \u010cesk\u00e1 republika,\u00a0\u00a0 a osobou, kter\u00e1 se m\u011bla st\u00e1t st\u0159edobodem tohoto budouc\u00edho celon\u00e1rodn\u00edho polichocen\u00ed, byl Nejvy\u0161\u0161\u00ed radou NATO vybr\u00e1n gener\u00e1l Pavel. Kter\u00fd ov\u0161em o uveden\u00fdch politick\u00fdch z\u00e1myslech sv\u00e9ho jmenov\u00e1n\u00ed nic nev\u011bd\u011bl, a co jin\u00e9ho si tedy mohl myslet ne\u017e to, \u017ee byl do funkce nevy\u0161\u0161\u00edho vojensk\u00e9ho velitele NATO jmenov\u00e1n proto, \u017ee byl z\u00e1padn\u00edm sv\u011btem rozpozn\u00e1n a uzn\u00e1n za jeho nesv\u011btlej\u0161\u00ed vojensk\u00fd a strategick\u00fd mozek. A \u017ee tudi\u017e a\u017e jeho mand\u00e1t v NATO v roce 2018 skon\u010d\u00ed, vr\u00e1t\u00ed se z Bruselu do Prahy jako jedin\u00fd opr\u00e1vn\u011bn\u00fd uchaze\u010d o nejvy\u0161\u0161\u00ed funkci ve st\u00e1t\u011b, o kterou se snad nebude muset ani uch\u00e1zet, ale bude mu nab\u00eddnuta jako jedin\u00e9mu mysliteln\u00e9mu aspirantovi z v\u016fle vd\u011b\u010dn\u00e9ho lidu.<\/p>\n<p>Existuje a existovala ov\u0161em sm\u00edtka, kter\u00e1 p\u0159edstavu takov\u00e9to gener\u00e1lovy budoucnosti v\u017edy jaksi zatm\u00edvala. Vych\u00e1zela z faktu, \u017ee v roce 1985 vstoupil Petr Pavel do KS\u010c a \u017ee jeho tehdej\u0161\u00ed arm\u00e1dn\u00ed nd\u0159\u00edzen\u00ed o n\u011bm v dochovan\u00fdch z\u00e1znamech p\u00ed\u0161i jako o jedinci, kter\u00fd ve vojsku v\u017edy napom\u00e1hal prosazovat vedouc\u00ed \u00falohu strany. Ale tohle v\u0161echno gener\u00e1l snad u\u017e dostate\u010dn\u011b vysv\u011btlil ve sv\u00e9m\u00a0 zn\u00e1m\u00e9m interview pro Blesk Zpr\u00e1vy z 19, prosince 2020, kde jasn\u011b a srozumiteln\u011b uvedl, \u017ee do strany vstoupil proto, \u017ee se cht\u011bl dostat mezi v\u00fdsadk\u00e1\u0159e. A \u017ee dnes u\u017e ov\u0161em v\u00ed, \u017ee i tak to byla chyba, vypl\u00fdvaj\u00edc\u00ed z jeho tehdej\u0161\u00ed naivity.<\/p>\n<p>Dnes je zde ov\u0161em gener\u00e1l se sv\u011btlou minulost\u00ed v NATO, \u010din\u00edc\u00ed u\u017e kroky ke zvolen\u00ed na\u0161\u00edm nov\u00fdm prezidentem. A stejn\u011b jako kdysi ve vojsku prosazoval vedouc\u00ed \u00falohu strany, prosazuje dnes hierarchick\u00e9 uspo\u0159\u00e1d\u00e1n\u00ed spole\u010dnosti, kter\u00e9 j\u00ed umo\u017en\u00ed l\u00e9pe vzdorovat kriz\u00edm, jakou je nap\u0159. sou\u010dasn\u00e1 krize pandemick\u00e1. V programu Seznamu Zpr\u00e1vy, nazvan\u00e9m Pt\u00e1m se j\u00e1, o tomto sv\u00e9m projektu promluvil dev\u00e1t\u00e9ho tohoto m\u011bs\u00edce s redaktorkou Veronikou Sedl\u00e1\u010dkovou takto:<\/p>\n<p>\u201eChci \u010cesko l\u00e9pe p\u0159ipravit na zvl\u00e1d\u00e1n\u00ed kriz\u00ed&#8230;na vrcholu, kde m\u011bl st\u00e1t jen jeden \u010dlov\u011bk, kter\u00fd m\u011bl b\u00fd t krizov\u00fdm mana\u017eerem, se to st\u0159\u00eddalo, syst\u00e9m m\u011bl n\u011bkolik hlav a tak vypadala i komunikace a rozhodov\u00e1n\u00ed\u201c \u0159ekl Pavel a vyjevil tak sv\u016fj \u00famysl zm\u011bnit strukturu st\u00e1tu podle vojensk\u00e9ho vzoru s ned\u00edlnou pravomoc\u00ed jedin\u00e9ho velitele, od kter\u00e9ho se odvine hierarchick\u00fd vojensk\u00fd syst\u00e9m s pravomoc\u00ed odshora dol\u016f a odpov\u011bdnost\u00ed odzdola nahoru, kter\u00fd podle gener\u00e1lova n\u00e1zoru jedin\u011b bude schopen zvl\u00e1dat krize. Nu a proto\u017ee to bude syst\u00e9m veskrze vojensk\u00fd, m\u016f\u017eete h\u00e1dat, koho to gener\u00e1l myslel, kdy\u017e \u0159\u00edkal, \u017ee \u201ena vrcholu m\u011bl st\u00e1t jen jeden \u010dlov\u011bk\u201c.<\/p>\n<p>V programu Pt\u00e1m se j\u00e1, odkryl gener\u00e1l Pavel t\u00e9\u017e sv\u016fj pohled na na\u0161i mezin\u00e1rodn\u00ed politiku, a to v \u010d\u00e1sti v\u011bnovan\u00e9 sou\u010dasn\u00e9mu prezidentovi Zemanovi, kdy\u017e \u0159ekl: \u201eZeman sv\u00fdm jedn\u00e1n\u00edm \u010dasto komplikuje i\u00a0obraz \u010ceska na Z\u00e1pad\u011b a mezi Spojenci\u201c.<\/p>\n<p>Ano, stejn\u011b jako kdy\u017e jako mlad\u00fd velitel prosazoval ve vojsku vedouc\u00ed \u00falohu strany a s t\u00edm i v\u011brnost na\u0161emu v\u011b\u010dn\u00e9mu p\u0159\u00edteli i ochr\u00e1nci a sou\u010dasn\u011b i z\u00e1\u0161tit\u011b sv\u011btov\u00e9ho m\u00edru Sov\u011btsk\u00e9mu svazu, prosazuje dne\u0161n\u00ed gener\u00e1l Pavel prav\u00fd opak. U\u017e dlouhodob\u011b tvrd\u00ed, \u017ee nejv\u011bt\u0161\u00ed hrozbou mezin\u00e1rodn\u00edmu spole\u010denstv\u00ed a m\u00edru p\u0159edstavuje dnes Rusko, a na\u0161i politiku v\u016f\u010di USA, NATO a EU by nejrad\u011bji vid\u011bl tak, \u017ee ji budeme z tv\u00e1\u0159\u00ed a pohybu o\u010dn\u00edch zorni\u010dek jejich vedouc\u00edch \u010dinitel\u016f odez\u00edrat a plnit d\u0159\u00edv, ne\u017e bude vyslovena. \u010ci \u0159e\u010deno jinak: \u017ee budeme je\u0161t\u011b pokorn\u011bj\u0161\u00edmi a poslu\u0161n\u011bj\u0161imi jejich vazaly, ne\u017e jsme te\u010f.<\/p>\n<p>Gener\u00e1l Pavel svoji kandidaturu na prezidenta \u010cR sice je\u0161t\u011b ofici\u00e1ln\u011b neozn\u00e1mil, ale u\u017e nyn\u00ed funguje jeho podp\u016frn\u00e1 iniciativa s\u00a0n\u00e1zvem Spolu siln\u011bj\u0161\u00ed (odkaz na p\u0159\u00edbuznost gener\u00e1lov\u00fdch snah s volebn\u00ed koalic\u00ed SPOLU: ODS, TOP 09, KDU-\u010cSL). Gener\u00e1l obj\u00ed\u017ed\u00ed \u010cesko a\u00a0 agituje pro sv\u00e9 hnut\u00ed v\u0161echny, kte\u0159\u00ed sd\u00edlej\u00ed jeho sou\u010dasn\u00fd pohled na sv\u011bt a na republiku, a neohl\u00ed\u017eej\u00ed se na to, co bylo a co se hl\u00e1salo d\u0159\u00edv. A aby n\u00e1hodou nezme\u0161kal nic, co by mu mohlo prosp\u011bt, povolal do sv\u00e9ho t\u00fdmu \u0161pi\u010dkov\u00e9ho poradce pro volebn\u00ed kampan\u011b Michala Repu. Ten umetl cestu k prezidentsk\u00e9mu stolci Zuzan\u011b \u010caputov\u00e9 a te\u010f ji tedy m\u00e1 um\u00e9st k t\u00e9mu\u017e i \u010desk\u00e9mu gener\u00e1lovi Pavlovi.<\/p>\n<p>N\u011bkdy p\u0159ed osm\u00fdm b\u0159eznem 2023 (p\u0159esn\u00e9 datum p\u0159\u00ed\u0161t\u00edch prezidentsk\u00fdch voleb je\u0161t\u011b nebylo ozn\u00e1meno), tedy uvid\u00edme, jak na tom s du\u0161evn\u00edm zdrav\u00edm jsme.<\/p>\n<p>Lubom\u00edr Man<\/p>\n<p><img decoding=\"async\" loading=\"lazy\" class=\"alignnone  wp-image-860\" src=\"http:\/\/www.infokuryr.cz\/n\/wp-content\/uploads\/2021\/04\/lub_man.jpg\" alt=\"\" width=\"131\" height=\"183\" \/><\/p>\n<p>&nbsp;<\/p>\n","protected":false},"excerpt":{"rendered":"<p>Je zn\u00e1mou skute\u010dnost\u00ed, \u017ee nejvy\u0161\u0161\u00ed vojensk\u00fd p\u0159edstavitel NATO se vyb\u00edr\u00e1 v\u00edc s ohledem na politiku&#8230;<\/p>\n","protected":false},"author":2,"featured_media":3263,"comment_status":"closed","ping_status":"closed","sticky":false,"template":"","format":"standard","meta":[],"categories":[6],"tags":[29,869],"_links":{"self":[{"href":"https:\/\/www.infokuryr.cz\/n\/wp-json\/wp\/v2\/posts\/3262"}],"collection":[{"href":"https:\/\/www.infokuryr.cz\/n\/wp-json\/wp\/v2\/posts"}],"about":[{"href":"https:\/\/www.infokuryr.cz\/n\/wp-json\/wp\/v2\/types\/post"}],"author":[{"embeddable":true,"href":"https:\/\/www.infokuryr.cz\/n\/wp-json\/wp\/v2\/users\/2"}],"replies":[{"embeddable":true,"href":"https:\/\/www.infokuryr.cz\/n\/wp-json\/wp\/v2\/comments?post=3262"}],"version-history":[{"count":0,"href":"https:\/\/www.infokuryr.cz\/n\/wp-json\/wp\/v2\/posts\/3262\/revisions"}],"wp:featuredmedia":[{"embeddable":true,"href":"https:\/\/www.infokuryr.cz\/n\/wp-json\/wp\/v2\/media\/3263"}],"wp:attachment":[{"href":"https:\/\/www.infokuryr.cz\/n\/wp-json\/wp\/v2\/media?parent=3262"}],"wp:term":[{"taxonomy":"category","embeddable":true,"href":"https:\/\/www.infokuryr.cz\/n\/wp-json\/wp\/v2\/categories?post=3262"},{"taxonomy":"post_tag","embeddable":true,"href":"https:\/\/www.infokuryr.cz\/n\/wp-json\/wp\/v2\/tags?post=3262"}],"curies":[{"name":"wp","href":"https:\/\/api.w.org\/{rel}","templated":true}]}}