{"id":32594,"date":"2023-07-22T01:14:31","date_gmt":"2023-07-21T23:14:31","guid":{"rendered":"http:\/\/www.infokuryr.cz\/n\/?p=32594"},"modified":"2023-07-21T12:45:47","modified_gmt":"2023-07-21T10:45:47","slug":"skotsko-kvuli-zelene-energii-pokaci-16-milionu-stromu","status":"publish","type":"post","link":"https:\/\/www.infokuryr.cz\/n\/2023\/07\/22\/skotsko-kvuli-zelene-energii-pokaci-16-milionu-stromu\/","title":{"rendered":"Skotsko kv\u016fli zelen\u00e9 energii pok\u00e1c\u00ed 16 milion\u016f strom\u016f!!!"},"content":{"rendered":"<div id=\"fb-root\"><\/div>\n<p class=\"lead\"><strong>Ve Skotsku propukl skand\u00e1l.\u00a0Vl\u00e1da povolila vyk\u00e1cen\u00ed milion\u016f strom\u016f kv\u016fli instalaci v\u011btrn\u00fdch elektr\u00e1ren.<\/strong><\/p>\n<p><em>\u201eMyri Goujon, sekret\u00e1\u0159ka skotsk\u00e9 vl\u00e1dy pro z\u00e1le\u017eitosti venkova, p\u0159ipustila, \u017ee vyk\u00e1c\u00ed miliony strom\u016f, aby postavili dal\u0161\u00ed v\u011btrn\u00e9 elektr\u00e1rny. To je sou\u010d\u00e1st\u00ed pl\u00e1n\u016f provl\u00e1dn\u00ed Skotsk\u00e9 n\u00e1rodn\u00ed strany dos\u00e1hnout nulov\u00fdch \u010dist\u00fdch emis\u00ed ve Skotsku b\u011bhem p\u0159\u00ed\u0161t\u00edho desetilet\u00ed.\u201c<span class=\"after-quote\">\u00a0p\u00ed\u0161e The Scottish Daily Express.<\/span><\/em><\/p>\n<p><span>Publikace cituje \u00fadaje, \u017ee minist\u0159i schv\u00e1lili pok\u00e1cen\u00ed t\u00e9m\u011b\u0159 16 milion\u016f strom\u016f pro v\u00fdstavbu v\u011btrn\u00fdch elektr\u00e1ren na ve\u0159ejn\u00fdch pozemc\u00edch.\u00a0Od roku 2015 bylo pok\u00e1ceno 7,2 milionu strom\u016f a od roku 2000 15,7 milionu.<\/span><\/p>\n<p>Zde ji\u017e nen\u00ed k t\u011bmto ekologick\u00fdch fanatik\u016fm co dodat!<\/p>\n<p><img decoding=\"async\" loading=\"lazy\" class=\"alignnone size-full wp-image-1185\" src=\"http:\/\/www.infokuryr.cz\/n\/wp-content\/uploads\/2021\/04\/kuryr-podpis.png\" alt=\"\" width=\"84\" height=\"24\" \/><\/p>\n<p>&nbsp;<\/p>\n<p><a href=\"https:\/\/stranapro.cz\/\"><img decoding=\"async\" loading=\"lazy\" class=\"wp-image-30218 aligncenter\" src=\"http:\/\/www.infokuryr.cz\/n\/wp-content\/uploads\/2023\/06\/PRO-banner-300x36.png\" alt=\"\" width=\"1350\" height=\"162\" srcset=\"https:\/\/www.infokuryr.cz\/n\/wp-content\/uploads\/2023\/06\/PRO-banner-300x36.png 300w, https:\/\/www.infokuryr.cz\/n\/wp-content\/uploads\/2023\/06\/PRO-banner-768x93.png 768w, https:\/\/www.infokuryr.cz\/n\/wp-content\/uploads\/2023\/06\/PRO-banner.png 849w\" sizes=\"(max-width: 1350px) 100vw, 1350px\" \/><\/a><\/p>\n<p>&nbsp;<\/p>\n<p>&nbsp;<\/p>\n<p>&nbsp;<\/p>\n","protected":false},"excerpt":{"rendered":"<p>Ve Skotsku propukl skand\u00e1l.\u00a0Vl\u00e1da povolila vyk\u00e1cen\u00ed milion\u016f strom\u016f kv\u016fli instalaci v\u011btrn\u00fdch elektr\u00e1ren. \u201eMyri Goujon, sekret\u00e1\u0159ka&#8230;<\/p>\n","protected":false},"author":2,"featured_media":32595,"comment_status":"closed","ping_status":"closed","sticky":false,"template":"","format":"standard","meta":[],"categories":[7],"tags":[1009,4550,5520,2625],"_links":{"self":[{"href":"https:\/\/www.infokuryr.cz\/n\/wp-json\/wp\/v2\/posts\/32594"}],"collection":[{"href":"https:\/\/www.infokuryr.cz\/n\/wp-json\/wp\/v2\/posts"}],"about":[{"href":"https:\/\/www.infokuryr.cz\/n\/wp-json\/wp\/v2\/types\/post"}],"author":[{"embeddable":true,"href":"https:\/\/www.infokuryr.cz\/n\/wp-json\/wp\/v2\/users\/2"}],"replies":[{"embeddable":true,"href":"https:\/\/www.infokuryr.cz\/n\/wp-json\/wp\/v2\/comments?post=32594"}],"version-history":[{"count":1,"href":"https:\/\/www.infokuryr.cz\/n\/wp-json\/wp\/v2\/posts\/32594\/revisions"}],"predecessor-version":[{"id":32596,"href":"https:\/\/www.infokuryr.cz\/n\/wp-json\/wp\/v2\/posts\/32594\/revisions\/32596"}],"wp:featuredmedia":[{"embeddable":true,"href":"https:\/\/www.infokuryr.cz\/n\/wp-json\/wp\/v2\/media\/32595"}],"wp:attachment":[{"href":"https:\/\/www.infokuryr.cz\/n\/wp-json\/wp\/v2\/media?parent=32594"}],"wp:term":[{"taxonomy":"category","embeddable":true,"href":"https:\/\/www.infokuryr.cz\/n\/wp-json\/wp\/v2\/categories?post=32594"},{"taxonomy":"post_tag","embeddable":true,"href":"https:\/\/www.infokuryr.cz\/n\/wp-json\/wp\/v2\/tags?post=32594"}],"curies":[{"name":"wp","href":"https:\/\/api.w.org\/{rel}","templated":true}]}}