{"id":32579,"date":"2023-07-22T00:58:24","date_gmt":"2023-07-21T22:58:24","guid":{"rendered":"http:\/\/www.infokuryr.cz\/n\/?p=32579"},"modified":"2023-07-21T11:39:43","modified_gmt":"2023-07-21T09:39:43","slug":"zbynek-fiala-cipova-valka","status":"publish","type":"post","link":"https:\/\/www.infokuryr.cz\/n\/2023\/07\/22\/zbynek-fiala-cipova-valka\/","title":{"rendered":"Zbyn\u011bk Fiala: \u010cipov\u00e1 v\u00e1lka"},"content":{"rendered":"<div id=\"fb-root\"><\/div>\n<p><strong>Bidenova administrativa chce obh\u00e1jit americk\u00fd technologick\u00fd p\u0159edstih t\u00edm, \u017ee od\u0159\u00edzne \u010c\u00ednu od nejpokro\u010dilej\u0161\u00edch po\u010d\u00edta\u010dov\u00fdch \u010dip\u016f. Ne\u0159e\u017eeme si v\u011btev sami pod sebou?, ptaj\u00ed se New York Times.<\/strong><\/p>\n<div class=\"content\">\n<p>Uka\u017eme si nap\u0159ed velk\u00fd obraz. Spojen\u00e9 st\u00e1ty maj\u00ed pln\u011b pod kontrolou v\u00fdrobu nejdokonalej\u0161\u00edch \u010dip\u016f, kter\u00e9 jsou obvykle navrhov\u00e1ny v USA, vyr\u00e1b\u011bny jsou na stroj\u00edch z\u00a0Nizozemska, a ty pak b\u011b\u017e\u00ed vJi\u017en\u00ed Koreji, Japonsku nebo na Tchajwanu. USA to tedy maj\u00ed pln\u011b pod kontrolou. Mohou dos\u00e1hnout toho, \u017ee nic z\u00a0embargovan\u00e9ho v\u00fdvozu se do \u010c\u00edny nedostane. M\u00e1 to v\u0161ak jeden z\u00e1drhel. V\u00fdroba \u010dip\u016f se neobejde bez polovodi\u010d\u016f germania a galia, kl\u00ed\u010dov\u00fdch komponent\u016f tranzistor\u016f, a jejich t\u011b\u017ebu m\u00e1 zase pln\u011b pod kontrolou \u010c\u00edna.<\/p>\n<p>Ameri\u010dan\u00e9 vydali sv\u00e1 v\u00fdvozn\u00ed omezen\u00ed 7. \u0159\u00edjna lo\u0148sk\u00e9ho roku. P\u0159ed dv\u011bma t\u00fddny pob\u00fdvala v\u00a0\u010c\u00edn\u011b na \u010dty\u0159denn\u00ed n\u00e1v\u0161t\u011bv\u011b americk\u00e1 ministryn\u011b financ\u00ed Janet Yellenov\u00e1 a prohl\u00e1sila tam, \u017ee \u201e\u010d\u00ednsk\u00fd rozvoj je p\u0159\u00edle\u017eitost, sp\u00ed\u0161e ne\u017e hrozba Spojen\u00fdm st\u00e1t\u016fm. P\u0159edstavuje v\u00fdhody, nikoliv rizika.\u201c<\/p>\n<p><a href=\"https:\/\/www.scmp.com\/economy\/china-economy\/article\/3227139\/after-yellens-china-trip-saw-these-demands-made-and-missteps-avoided-beijing-calls-beef-us\">https:\/\/www.scmp.com\/economy\/china-economy\/article\/3227139\/after-yellens-china-trip-saw-these-demands-made-and-missteps-avoided-beijing-calls-beef-us<\/a><\/p>\n<p>S\u00a0t\u00edm v\u0161ak doma p\u0159\u00edli\u0161 neusp\u011bla a Bidenova administrativa urychluje p\u0159\u00edpravy na dot\u011bsn\u011bn\u00ed exportn\u00ed uz\u00e1v\u011bry \u010c\u00edny v\u00a0oblasti v\u0161ech technologi\u00ed, kter\u00e9 jsou pe\u010dliv\u011b vyjmenov\u00e1ny ve zm\u011bn\u011b v\u00fdvozn\u00edch pravidel vydan\u00fdch \u00da\u0159adovnou Spojen\u00fdch st\u00e1t\u016f pro pr\u016fmysl a bezpe\u010dnost (BIS) na 139 stran\u00e1ch hust\u00e9ho tisku.<\/p>\n<p><a href=\"https:\/\/www.nytimes.com\/2023\/07\/12\/magazine\/semiconductor-chips-us-china.html\">https:\/\/www.nytimes.com\/2023\/07\/12\/magazine\/semiconductor-chips-us-china.html<\/a><\/p>\n<p>K\u00a0\u017e\u00e1dn\u00e9mu rozmra\u017een\u00ed vztah\u016f tedy nen\u00ed p\u0159\u00edle\u017eitost, a tak \u010c\u00edna 1. srpna zah\u00e1j\u00ed kontrolovan\u00fd re\u017eim v\u00fdvozu germania a galia. Bude k\u00a0n\u011bmu pot\u0159eba licence, pro kterou se mus\u00ed uv\u00e9st detailn\u00ed informace o odb\u011bratel\u00edch a pou\u017eit\u00ed. N\u011bkdo licenci dostane, n\u011bkdo ne. \u010casov\u011b to reaguje na rozhodnut\u00ed Nizozemska zav\u00e9st je\u0161t\u011b p\u0159\u00edsn\u011bj\u0161\u00ed kontrolu v\u00fdvozu za\u0159\u00edzen\u00ed pro v\u00fdrobu chip\u016f. Ale k\u00a0tomu bylo dotla\u010deno USA.<\/p>\n<p><a href=\"https:\/\/www.ing.com\/Newsroom\/News\/China-strikes-back-in-the-tech-war-restricting-exports-of-gallium-and-germanium.htm\">https:\/\/www.ing.com\/Newsroom\/News\/China-strikes-back-in-the-tech-war-restricting-exports-of-gallium-and-germanium.htm<\/a><\/p>\n<p>Jak je mo\u017en\u00e9, \u017ee americk\u00fd prezident Joe Biden vy\u0161le do \u010c\u00edny svoji ministryni financ\u00ed, aby tam vedla \u0159e\u010di o obchodu a spolupr\u00e1ci, a sou\u010dasn\u011b p\u0159itvrzuje opat\u0159en\u00ed, kter\u00e1 podle americk\u00fdch koment\u00e1tor\u016f odpov\u00eddaj\u00ed v\u00e1le\u010dn\u00e9mu stavu? \u017de by mu podstatn\u00e9 v\u011bci unikaly? \u017de by byl pouh\u00fdm tlampa\u010dem nik\u00fdm nevolen\u00fdch\u00a0<em>neocons<\/em>\u00a0ve sv\u00e9m okol\u00ed, jako je ministr zahrani\u010dn\u00edch v\u011bc\u00ed Anthony Blinken nebo poradce pro n\u00e1rodn\u00ed bezpe\u010dnost Jake Sullivan?<\/p>\n<p><a href=\"https:\/\/stranapro.cz\/\"><img decoding=\"async\" loading=\"lazy\" class=\"wp-image-30218 aligncenter\" src=\"http:\/\/www.infokuryr.cz\/n\/wp-content\/uploads\/2023\/06\/PRO-banner-300x36.png\" alt=\"\" width=\"1358\" height=\"163\" srcset=\"https:\/\/www.infokuryr.cz\/n\/wp-content\/uploads\/2023\/06\/PRO-banner-300x36.png 300w, https:\/\/www.infokuryr.cz\/n\/wp-content\/uploads\/2023\/06\/PRO-banner-768x93.png 768w, https:\/\/www.infokuryr.cz\/n\/wp-content\/uploads\/2023\/06\/PRO-banner.png 849w\" sizes=\"(max-width: 1358px) 100vw, 1358px\" \/><\/a><\/p>\n<p>A\u010dkoli se uveden\u00e1 americk\u00e1 opat\u0159en\u00ed uskute\u010dnila v nen\u00e1padn\u00e9 podob\u011b aktualizovan\u00fdch v\u00fdvozn\u00edch pravidel, jejich c\u00edlem je v podstat\u011b zlikvidovat cel\u00fd \u010d\u00ednsk\u00fd ekosyst\u00e9m vysp\u011bl\u00fdch technologi\u00ed. \u201eNov\u00e1 politika obsa\u017een\u00e1 v\u00a0rozhodnut\u00ed ze 7. \u0159\u00edjna je: Nejen\u017ee nedovol\u00edme \u010c\u00edn\u011b d\u00e1le technologicky pokro\u010dit, ale aktivn\u011b zvr\u00e1t\u00edme jej\u00ed sou\u010dasn\u00fd stav techniky,&#8220; \u0159ekl report\u00e9r\u016fm New York Times Gregory C. Allen, \u0159editel Wadhwaniho centra pro um\u011blou inteligenci a pokro\u010dil\u00e9 technologie p\u0159i Centru pro strategick\u00e1 a mezin\u00e1rodn\u00ed studia ve Washingtonu. Stejn\u00fd zdroj cituje i C. J. Museho, vedouc\u00edho analytika pro polovodi\u010de ve spole\u010dnosti Evercore ISI: \u201eKdybyste mi o t\u011bch pravidlech \u0159ekli p\u0159ed p\u011bti lety, m\u011bl bych to za v\u00e1le\u010dn\u00fd akt, museli bychom b\u00fdt ve v\u00e1lce.&#8220;<\/p>\n<p>Nen\u00ed divu, \u017ee Allen pova\u017euje za historick\u00fd zlom dv\u011b data z\u00a0roku 2022, nejprve 24. \u00fanor, kdy za\u010dala v\u00e1lka na Ukrajin\u011b, a pak 7. \u0159\u00edjen, kdy byla vyhl\u00e1\u0161en\u00e1 ona aktualizovan\u00e1 v\u00fdvozn\u00ed pravidla BIS.<\/p>\n<p>New York Times uv\u00e1d\u011bj\u00ed \u0159adu technick\u00fdch detail\u016f, kter\u00e9 ujas\u0148uj\u00ed, o co tady jde. V\u00a0nov\u00e9m smartfonu jsou \u010dipy s\u00a010 a\u017e 20 miliardami tranzistor\u016f. Nejnov\u011bj\u0161\u00ed \u010dipy jsou tedy opravdu p\u011bkn\u011b hust\u00e9.<\/p>\n<p>V\u00fdvoj sou\u010dasn\u00e9 technologie za\u010dal roku 1997, kdy nizozemsk\u00fd v\u00fdrobce litografick\u00fdch stroj\u016f pro v\u00fdrobu \u010dip\u016f najal mlad\u00e9ho in\u017een\u00fdra po ukon\u010den\u00ed doktorandsk\u00fdch studi\u00ed Jose Benschopa a pov\u011b\u0159il ho pracemi na v\u00fdvoji v\u00fdroby men\u0161\u00edch, hust\u011bj\u0161\u00edch a rychlej\u0161\u00edch \u010dip\u016f. Benshop \u010dty\u0159i roky pracoval na p\u0159ijateln\u00e9m konceptu, pak teprve mohl vytvo\u0159it mal\u00fd t\u00fdm, kter\u00fd po dal\u0161\u00edch \u010dty\u0159ech letech p\u0159edvedl prototyp. Jeho nov\u00e1 verze TWINSCAN NXE:3100 byla p\u0159edvedena roku 2010 ve v\u00fdzkumn\u00fdch za\u0159\u00edzen\u00edch v\u00a0Ji\u017en\u00ed Koreji a \u00fasp\u011b\u0161n\u011b pro\u0161la testy. T rvalo v\u0161ak dal\u0161\u00edch skoro deset let, ne\u017e se nov\u00e9 v\u00fdrobky dostaly na trh.<\/p>\n<p>Jedn\u00e1 se o pou\u017eit\u00ed extr\u00e9mn\u00ed ultrafialov\u00e9 litografie (EUV). Mimochodem, litograf je jak\u00fdmsi elektronkov\u00fdm mikroskopem naruby a v\u00a0tom jsme byli v\u00a050. letech hodn\u011b vep\u0159edu. \u010cesk\u00fd fyzik Armin Delong dostal za sv\u016fj prototyp stoln\u00edho elektronov\u00e9ho mikroskopu zlatou medaili na bruselsk\u00e9m Expo 58. Po revoluci kr\u00e1tce slou\u017eil jako m\u00edstop\u0159edseda v\u00a0\u010calfov\u011b vl\u00e1d\u011b, ale moc ho ty souboje s\u00a0neoliber\u00e1ln\u00edmi komsomolci nep\u0159itahovaly. Vr\u00e1til se do Brna, kde zalo\u017eil firmu Delong Instruments.<\/p>\n<p>To u\u017e se jeho z\u00e1jem p\u0159enesl na iontovou litografii, kam se postoupilo, kdy\u017e vlnov\u00e1 d\u00e9lka viditeln\u00e9ho sv\u011btla za\u010dala b\u00fdt p\u0159\u00edli\u0161 velk\u00e1. Je\u0161t\u011b k devades\u00e1tce doch\u00e1zel aspo\u0148 jednou t\u00fddn\u011b do laborato\u0159e do domovsk\u00e9ho \u00dastavu p\u0159\u00edstrojov\u00e9 techniky AV \u010cR (jak mi tam \u0159ekl n\u011bkdy roku 2012 vr\u00e1tn\u00fd). Kr\u00e1tce pot\u00e9 m\u011b svou laborato\u0159\u00ed prov\u00e1d\u011bl osobn\u011b a sahal p\u0159itom kombina\u010dkami do jak\u00e9hosi litografu.<\/p>\n<p>Ta EUV je samoz\u0159ejm\u011b trochu jinde. Umo\u017e\u0148uje tisknout na \u0159ez krystalu k\u0159em\u00edku (\u201evafle\u201c) prvky o nepatrnosti 10 nanomentr\u016f. Vlnov\u00e9 d\u00e9lky viditeln\u00e9ho sv\u011btla jsou 40 a\u017e 80kr\u00e1t v\u011bt\u0161\u00ed. Proto ta extr\u00e9mn\u00ed ultrafialovost s\u00a0mnohem krat\u0161\u00ed vlnou.<\/p>\n<p>\u010e\u00e1belsk\u00fd je syst\u00e9m, kter\u00fdm toto z\u00e1\u0159en\u00ed vznik\u00e1. Pot\u0159ebuje teplotu 40kr\u00e1t vy\u0161\u0161\u00ed ne\u017e je na povrchu Slunce. Generuje to laser, jeho\u017e paprsek je pak usm\u011br\u0148ov\u00e1n s\u00e9ri\u00ed zrcadel. Uveden\u00fd n\u011bmeck\u00fd laser m\u00e1 457\u00a0329 sou\u010d\u00e1st\u00ed a cel\u00e1 linka EUV je tvo\u0159ena 100 tis\u00edci komponenty. Samotn\u00e1 v\u00fdrobna chip\u016f na ciz\u00edch stroj\u00edch a podle ciz\u00edch p\u0159edloh (<em>foundry<\/em>) pou\u017e\u00edv\u00e1 p\u0159es 500 stroj\u016f v\u00a0tis\u00edci kroc\u00edch, informuj\u00ed NYT a dod\u00e1vaj\u00ed, \u017ee ani po deseti letech od funk\u010dn\u00edho prototypu tuto v\u00fdrobu nikdo nezopakoval.<\/p>\n<p>V\u00a0lednu leto\u0161n\u00edho roku se americk\u00fd prezident Biden dohodl s\u00a0japonskou a nizozemskou vl\u00e1dou, \u017ee podobn\u00e1 v\u00fdvozn\u00ed omezen\u00ed do \u010c\u00edny zavedou tak\u00e9. Tchajwan, ve kter\u00e9m je koncentrov\u00e1na sv\u011btov\u00e1 v\u00fdroba 90 procent nejv\u00fdkonn\u011bj\u0161\u00edch \u010dip\u016f, je zavedl o n\u011bco d\u0159\u00edve.<\/p>\n<p><a href=\"https:\/\/stranapro.cz\/\"><img decoding=\"async\" loading=\"lazy\" class=\"wp-image-30218 aligncenter\" src=\"http:\/\/www.infokuryr.cz\/n\/wp-content\/uploads\/2023\/06\/PRO-banner-300x36.png\" alt=\"\" width=\"1358\" height=\"163\" srcset=\"https:\/\/www.infokuryr.cz\/n\/wp-content\/uploads\/2023\/06\/PRO-banner-300x36.png 300w, https:\/\/www.infokuryr.cz\/n\/wp-content\/uploads\/2023\/06\/PRO-banner-768x93.png 768w, https:\/\/www.infokuryr.cz\/n\/wp-content\/uploads\/2023\/06\/PRO-banner.png 849w\" sizes=\"(max-width: 1358px) 100vw, 1358px\" \/><\/a><\/p>\n<p>Jen\u017ee to nen\u00ed v\u0161echno. \u201e\u0158ekli jsme si, kter\u00e9 jsou kl\u00ed\u010dov\u00e9 technologick\u00e9 oblasti, ve kter\u00fdch by \u010c\u00edna nem\u011bla pokro\u010dit,&#8220; \u0159\u00edk\u00e1 Emily Kilcreaseov\u00e1, vedouc\u00ed pracovnice Centra pro novou americkou bezpe\u010dnost a b\u00fdval\u00e1 pracovnice americk\u00e9ho \u00fa\u0159adu pro zahrani\u010dn\u00ed obchod. \u201eA to jsou shodou okolnost\u00ed oblasti, kter\u00e9 budou poh\u00e1n\u011bt budouc\u00ed hospod\u00e1\u0159sk\u00fd r\u016fst a rozvoj,&#8220; uvedla pro NYT. Jedn\u00e1 se tedy o celkov\u00e9 zabr\u017ed\u011bn\u00ed \u010d\u00ednsk\u00e9ho ekonomick\u00e9ho rozvoje. Prost\u00e1 konkurence, \u017e\u00e1dn\u00e1 n\u00e1rodn\u00ed bezpe\u010dnost. Sv\u011bt podle pravidel? Jen kdy\u017e mluv\u00ed pro n\u00e1s.<\/p>\n<p>Embargo m\u00e1 b\u00fdt supertot\u00e1ln\u00ed. Zavedla to u\u017e Trumpova administrativa\u00a0 v kv\u011btnu 2020 proti \u010d\u00ednsk\u00e9mu v\u00fdrobci telekomunika\u010dn\u00edch technologi\u00ed Huawei. S\u00e1hla po zapadl\u00e9m opat\u0159en\u00ed z\u00a0roku 1959 podle Z\u00e1kona o kontrole exportu (pravidlo FDPR), kter\u00e9\u00a0stanovuje, \u017ee pokud byl v\u00fdrobek vyroben za pou\u017eit\u00ed americk\u00e9 technologie, m\u00e1 vl\u00e1da USA pravomoc zabr\u00e1nit jeho prodeji, a to v\u010detn\u011b v\u00fdrobk\u016f vyroben\u00fdch v ciz\u00ed zemi. Je zde pou\u017eit princip exteritoriality pravomoc\u00ed americk\u00fdch \u00fa\u0159ad\u016f, kter\u00fd se op\u00edr\u00e1 o holou moc, \u017e\u00e1dn\u00e9 pr\u00e1vo.<\/p>\n<p>Pro spole\u010dnost Huawei znamenalo uplatn\u011bn\u00ed FDPR, \u017ee byla prakticky od\u0159\u00edznuta od polovodi\u010d\u016f, p\u00ed\u0161\u00ed NYT. \u201eToto pravidlo pod\u0159\u00eddilo americk\u00e9mu pr\u00e1vu v\u0161echny polovodi\u010de na planet\u011b, proto\u017ee ka\u017ed\u00e1 takov\u00e1 v\u00fdroba na planet\u011b pou\u017e\u00edv\u00e1 alespo\u0148 \u010d\u00e1ste\u010dn\u011b americk\u00e9 n\u00e1stroje,&#8220; \u0159\u00edk\u00e1 Kevin Wolf, b\u00fdval\u00fd asistent obchodn\u00edho tajemn\u00edka pro spr\u00e1vu v\u00fdvozu v BIS. \u201ePokud m\u00e1te ve sv\u00e9 tov\u00e1rn\u011b jeden americk\u00fd n\u00e1stroj a 100 neamerick\u00fdch n\u00e1stroj\u016f, je t\u00edm znehodnocena ka\u017ed\u00e1 k\u0159em\u00edkov\u00e1 vafle, kter\u00e1 projde touto linkou.&#8220;<\/p>\n<p>Av\u0161ak podle NYT jde opat\u0159en\u00ed ze 7. \u0159\u00edjna 2022 je\u0161t\u011b d\u00e1l. Jak uv\u00e1d\u011bj\u00ed, \u010c\u00edna byla od\u0159\u00edznuta nejen od dovozu nejmodern\u011bj\u0161\u00edch \u010dip\u016f, ale tak\u00e9 od z\u00edsk\u00e1v\u00e1n\u00ed vstup\u016f pro v\u00fdvoj vlastn\u00edch vysp\u011bl\u00fdch polovodi\u010d\u016f a superpo\u010d\u00edta\u010d\u016f, a dokonce i od komponent\u016f, technologi\u00ed a softwaru p\u016fvodem z USA, kter\u00e9 by mohly b\u00fdt pou\u017eity k v\u00fdrob\u011b za\u0159\u00edzen\u00ed pro v\u00fdrobu polovodi\u010d\u016f, aby mohla p\u0159\u00edpadn\u011b vybudovat vlastn\u00ed tov\u00e1rny na v\u00fdrobu vlastn\u00edch \u010dip\u016f.<\/p>\n<p>N\u011bkter\u00e9 prvky byly zcela nov\u00e9, nap\u0159\u00edklad omezen\u00ed \u010dinnosti v\u0161ech \u201eamerick\u00fdch osob&#8220; &#8211; spole\u010dnost\u00ed a ob\u010dan\u016f, stejn\u011b jako dr\u017eitel\u016f zelen\u00fdch karet a osob s trval\u00fdm pobytem. Po 7. \u0159\u00edjnu se americk\u00e9 osoby ji\u017e nesm\u011bj\u00ed zapojovat do \u017e\u00e1dn\u00e9 \u010dinnosti, kter\u00e1 podporuje v\u00fdrobu modern\u00edch polovodi\u010d\u016f v \u010c\u00edn\u011b, a\u0165 u\u017e jde o \u00fadr\u017ebu nebo opravy za\u0159\u00edzen\u00ed v \u010d\u00ednsk\u00e9 tov\u00e1rn\u011b, poskytov\u00e1n\u00ed poradenstv\u00ed nebo dokonce schvalov\u00e1n\u00ed dod\u00e1vek \u010d\u00ednsk\u00e9mu v\u00fdrobci polovodi\u010d\u016f.<\/p>\n<p>Jestli\u017ee se nic nesm\u00ed, miz\u00ed i obrovsk\u00fd \u010d\u00ednsk\u00fd trh. A proto\u017ee je tu i \u010d\u00ednsk\u00e1 protihra v\u00a0omezen\u00ed toho, co maj\u00ed zase v\u00a0rukou oni, mo\u017en\u00e1 se vr\u00e1t\u00ed situace z\u00a0pandemie, kdy leti\u0161t\u011b byla pln\u00e1 skoro hotov\u00fdch aut, kter\u00e1 v\u0161ak nebylo mo\u017eno o\u017eivit.<\/p>\n<p>Zvl\u00e1\u0161tn\u00ed roli tu hraje Tchajwan. Jeho dominance ve v\u00fdrob\u011b nejvysp\u011blej\u0161\u00edch \u010dip\u016f je n\u011bkdy prezentov\u00e1na jako \u201esilikonov\u00fd val\u201c kolem ostrova. \u00datok na ostrov by byl \u00fatokem na cel\u00fd sv\u011bt. A kdyby to pr\u00fd cht\u011bli \u010c\u00ed\u0148an\u00e9 z\u00edskat n\u00e1sil\u00edm, tak to Ameri\u010dan\u00e9 p\u0159edt\u00edm zni\u010d\u00ed.<\/p>\n<p><a href=\"https:\/\/stranapro.cz\/\"><img decoding=\"async\" loading=\"lazy\" class=\"wp-image-30218 aligncenter\" src=\"http:\/\/www.infokuryr.cz\/n\/wp-content\/uploads\/2023\/06\/PRO-banner-300x36.png\" alt=\"\" width=\"1358\" height=\"163\" srcset=\"https:\/\/www.infokuryr.cz\/n\/wp-content\/uploads\/2023\/06\/PRO-banner-300x36.png 300w, https:\/\/www.infokuryr.cz\/n\/wp-content\/uploads\/2023\/06\/PRO-banner-768x93.png 768w, https:\/\/www.infokuryr.cz\/n\/wp-content\/uploads\/2023\/06\/PRO-banner.png 849w\" sizes=\"(max-width: 1358px) 100vw, 1358px\" \/><\/a><\/p>\n<p>Pod\u00edvejme se v\u0161ak na to i z\u00a0\u010d\u00ednsk\u00e9 strany. Embargo \u0161pi\u010dkov\u00fdch \u010dip\u016f je bolestn\u00e9, ale ka\u017ed\u00fd mrak m\u00e1 st\u0159\u00edbrn\u00fd okraj. V\u00a0norm\u00e1ln\u00edm re\u017eimu voln\u00e9ho obchodu, kter\u00fd Ameri\u010dan\u00e9 tak rozhodn\u011b prosazovali, nebyla \u0161ance, aby v\u00a0\u010c\u00edn\u011b vznikla srovnateln\u00e1 vlastn\u00ed v\u00fdroba. Dovezen\u00e9 \u010dipy byly v\u017edycky lep\u0161\u00ed a levn\u011bj\u0161\u00ed. Jestli\u017ee v\u0161ak dovoz p\u0159eru\u0161ili sami Ameri\u010dan\u00e9, \u010c\u00edna m\u00e1 voln\u00e9 ruce pro vlastn\u00ed rozvoj odv\u011btv\u00ed. Nebude blokov\u00e1na konkurenc\u00ed. V\u0161echny pen\u00edze, kter\u00e9 tekly do zahrani\u010d\u00ed, z\u016fst\u00e1vaj\u00ed doma. A k\u00a0tomu podpora a mo\u017enosti centralizovan\u00e9ho st\u00e1tu.<\/p>\n<p>Je tu p\u0159\u00edklad Huawei. Jak NYT dokl\u00e1daj\u00ed, zisky spole\u010dnosti, kter\u00e1 byla posti\u017eena americk\u00fdmi sankcemi a p\u0159\u00edsn\u00fdmi pandemick\u00fdmi kontrolami v \u010c\u00edn\u011b, klesly v roce 2022 oproti p\u0159edchoz\u00edmu roku o neuv\u011b\u0159iteln\u00fdch 70 %. Objevuj\u00ed se v\u0161ak zn\u00e1mky \u017eivota: Tr\u017eby naopak m\u00edrn\u011b vzrostly a opera\u010dn\u00ed syst\u00e9m HarmonyOS, kter\u00fd spole\u010dnost vyvinula pot\u00e9, co j\u00ed bylo znemo\u017en\u011bno pou\u017e\u00edvat Android, byl nainstalov\u00e1n na v\u00edce ne\u017e 330 milionech za\u0159\u00edzen\u00ed, p\u0159ev\u00e1\u017en\u011b v \u010c\u00edn\u011b. Spole\u010dnost Huawei nad\u00e1le pat\u0159\u00ed k\u00a0v\u00fdrobc\u016fm s\u00a0nejv\u011bt\u0161\u00edmi v\u00fddaji na v\u00fdzkum a v\u00fdvoj. Rozpo\u010det v lo\u0148sk\u00e9m roce \u010dinil p\u0159ibli\u017en\u011b 24 miliard dolar\u016f a v\u00fdzkumn\u00fd t\u00fdm zam\u011bstn\u00e1v\u00e1 v\u00edce ne\u017e 100 000 zam\u011bstnanc\u016f.<\/p>\n<p>Jak to m\u016f\u017ee dopadnout? Kdybychom si m\u011bli br\u00e1t p\u0159\u00edklad z americk\u00fdch sankc\u00ed proti Rusku, kde trp\u00ed Evropa a prosperuj\u00ed ti, proti komu to bylo nam\u00ed\u0159eno, jsme trochu vedle, tady si Ameri\u010dan\u00e9 je\u0161t\u011b pos\u00edlili svoje st\u00e1vaj\u00edc\u00ed v\u00fdhody. Tohle je slo\u017eit\u011bj\u0161\u00ed. V\u011bt\u0161ina schodku americk\u00e9ho zahrani\u010dn\u00edho obchodu vznik\u00e1 na dovozech z\u00a0\u010c\u00edny. Mimochodem, tento schodek je stejn\u011b velk\u00fd jako vojensk\u00fd rozpo\u010det USA. Bu\u010f zbo\u017e\u00ed, nebo zbran\u011b jsou tedy zadarmo. Ale te\u010f uva\u017eujme, co se stane, kdy\u017e se rozkol vyhrot\u00ed, bude se opravdu vn\u00edmat jako v\u00e1lka a \u010c\u00edna pro za\u010d\u00e1tek tyto obchodn\u00ed toky utne.<\/p>\n<p>Tak\u00e9 Amerika se jist\u011b dok\u00e1\u017ee p\u0159izp\u016fsobit tomu, \u017ee n\u011bkdo n\u011bco nechce prodat. Ale ne hned. A volby jsou za rok, tedy prakticky hned. I ta m\u00e9dia, kter\u00e1 stran\u00ed Bidenovi, tvrd\u00ed, \u017ee rozhodovat se bude podle stavu ekonomiky. Nepodce\u0148ujme tak\u00e9 \u010d\u00ednsk\u00e9 protitahy, jako jsou ty s\u00a0germaniem a galiem. To m\u016f\u017ee m\u00edt taky glob\u00e1ln\u00ed dopad.<\/p>\n<p>\u010cl\u00e1nek v\u00a0New York Times je prvn\u00ed, kter\u00fd na uveden\u00e1 americk\u00e1 omezen\u00ed exportu do \u010c\u00edny v\u00a0\u00faplnosti poukazuje. Je\u0161t\u011b to tedy m\u016f\u017ee m\u00edt v\u00fdvoj. Ale o vstup do u\u010debnic mezin\u00e1rodn\u00edho obchodu u\u017e je postar\u00e1no. Pojet\u00ed americk\u00e9 p\u00e9\u010de o n\u00e1rodn\u00ed bezpe\u010dnost se tak\u00e9 ujas\u0148uje.<\/p>\n<\/div>\n<div class=\"content_sub\">\n<div class=\"content_sub_author\">\n<div class=\"autor\"><em><strong>Zbyn\u011bk Fiala<\/strong><\/em><\/div>\n<div class=\"motto\"><em>\u017durnalista, v minulosti dlouholet\u00fd \u0161\u00e9fredaktor \u010dasopisu Ekonom.<\/em><\/div>\n<div>\n<img decoding=\"async\" loading=\"lazy\" class=\"alignnone size-medium wp-image-18520\" src=\"http:\/\/www.infokuryr.cz\/n\/wp-content\/uploads\/2022\/11\/zbynek-fiala-300x208.jpg\" alt=\"\" width=\"300\" height=\"208\" srcset=\"https:\/\/www.infokuryr.cz\/n\/wp-content\/uploads\/2022\/11\/zbynek-fiala-300x208.jpg 300w, https:\/\/www.infokuryr.cz\/n\/wp-content\/uploads\/2022\/11\/zbynek-fiala.jpg 318w\" sizes=\"(max-width: 300px) 100vw, 300px\" \/><\/div>\n<\/div>\n<\/div>\n<div><\/div>\n<div><\/div>\n<div><\/div>\n<div><a href=\"https:\/\/stranapro.cz\/\"><img decoding=\"async\" loading=\"lazy\" class=\"wp-image-30218 aligncenter\" src=\"http:\/\/www.infokuryr.cz\/n\/wp-content\/uploads\/2023\/06\/PRO-banner-300x36.png\" alt=\"\" width=\"1358\" height=\"163\" srcset=\"https:\/\/www.infokuryr.cz\/n\/wp-content\/uploads\/2023\/06\/PRO-banner-300x36.png 300w, https:\/\/www.infokuryr.cz\/n\/wp-content\/uploads\/2023\/06\/PRO-banner-768x93.png 768w, https:\/\/www.infokuryr.cz\/n\/wp-content\/uploads\/2023\/06\/PRO-banner.png 849w\" sizes=\"(max-width: 1358px) 100vw, 1358px\" \/><\/a><\/div>\n<div><\/div>\n<div><\/div>\n<div><\/div>\n<div><\/div>\n<div><\/div>\n","protected":false},"excerpt":{"rendered":"<p>Bidenova administrativa chce obh\u00e1jit americk\u00fd technologick\u00fd p\u0159edstih t\u00edm, \u017ee od\u0159\u00edzne \u010c\u00ednu od nejpokro\u010dilej\u0161\u00edch po\u010d\u00edta\u010dov\u00fdch \u010dip\u016f&#8230;.<\/p>\n","protected":false},"author":2,"featured_media":13463,"comment_status":"closed","ping_status":"closed","sticky":false,"template":"","format":"standard","meta":[],"categories":[6],"tags":[1042,30,341,59,37,40],"_links":{"self":[{"href":"https:\/\/www.infokuryr.cz\/n\/wp-json\/wp\/v2\/posts\/32579"}],"collection":[{"href":"https:\/\/www.infokuryr.cz\/n\/wp-json\/wp\/v2\/posts"}],"about":[{"href":"https:\/\/www.infokuryr.cz\/n\/wp-json\/wp\/v2\/types\/post"}],"author":[{"embeddable":true,"href":"https:\/\/www.infokuryr.cz\/n\/wp-json\/wp\/v2\/users\/2"}],"replies":[{"embeddable":true,"href":"https:\/\/www.infokuryr.cz\/n\/wp-json\/wp\/v2\/comments?post=32579"}],"version-history":[{"count":1,"href":"https:\/\/www.infokuryr.cz\/n\/wp-json\/wp\/v2\/posts\/32579\/revisions"}],"predecessor-version":[{"id":32580,"href":"https:\/\/www.infokuryr.cz\/n\/wp-json\/wp\/v2\/posts\/32579\/revisions\/32580"}],"wp:featuredmedia":[{"embeddable":true,"href":"https:\/\/www.infokuryr.cz\/n\/wp-json\/wp\/v2\/media\/13463"}],"wp:attachment":[{"href":"https:\/\/www.infokuryr.cz\/n\/wp-json\/wp\/v2\/media?parent=32579"}],"wp:term":[{"taxonomy":"category","embeddable":true,"href":"https:\/\/www.infokuryr.cz\/n\/wp-json\/wp\/v2\/categories?post=32579"},{"taxonomy":"post_tag","embeddable":true,"href":"https:\/\/www.infokuryr.cz\/n\/wp-json\/wp\/v2\/tags?post=32579"}],"curies":[{"name":"wp","href":"https:\/\/api.w.org\/{rel}","templated":true}]}}