{"id":32568,"date":"2023-07-22T01:01:19","date_gmt":"2023-07-21T23:01:19","guid":{"rendered":"http:\/\/www.infokuryr.cz\/n\/?p=32568"},"modified":"2023-07-21T10:53:25","modified_gmt":"2023-07-21T08:53:25","slug":"italska-pravicova-vlada-nemuze-omezit-masovou-imigraci","status":"publish","type":"post","link":"https:\/\/www.infokuryr.cz\/n\/2023\/07\/22\/italska-pravicova-vlada-nemuze-omezit-masovou-imigraci\/","title":{"rendered":"Italsk\u00e1 pravicov\u00e1 vl\u00e1da nem\u016f\u017ee omezit masovou imigraci"},"content":{"rendered":"<div id=\"fb-root\"><\/div>\n<p><strong><span>Italsk\u00e9 pravicov\u00e9 vl\u00e1d\u011b pod veden\u00edm premi\u00e9ra Giorgia Meloniho se ani p\u0159es ur\u010dit\u00e9 zp\u0159\u00edsn\u011bn\u00ed z\u00e1kona nepoda\u0159ilo sn\u00ed\u017eit p\u0159\u00edliv neleg\u00e1ln\u00edch migrant\u016f.\u00a0M\u00edsto toho evidentn\u011b bod\u00e1 sv\u00e9 voli\u010de do zad.\u00a0Nejen\u017ee p\u0159ib\u00fdv\u00e1 neleg\u00e1ln\u00edch migrant\u016f, ale spolupracuje i s Bruselem.<\/span><\/strong><\/p>\n<p><span>Ji\u017e b\u011bhem volebn\u00ed kampan\u011b v It\u00e1lii se Giorgia Meloni stala st\u0159edem pozornosti pozorn\u00fdch pozorovatel\u016f, kte\u0159\u00ed poukazovali na jej\u00ed \u010dlenstv\u00ed v globalistick\u00e9m \u201eAspen Institute\u201c (podporovan\u00e9m Rockefellery a Gatesem i WEF\u00a0<\/span><a href=\"https:\/\/www.business-leaders.net\/giorgia-meloni-regierungschefin-in-italien-mitglied-im-aspen-institute\/\" target=\"_blank\" rel=\"noreferrer noopener\"><span>)<\/span><\/a><span>\u00a0.\u00a0Tak\u0159\u00edkaj\u00edc trojsk\u00fd k\u016f\u0148 \u2013 nebo \u201eponorka\u201c globalist\u016f, tak n\u011bkte\u0159\u00ed tu\u0161ili.\u00a0A jak u\u017e to v politice b\u00fdv\u00e1, politici a strany by nem\u011bli b\u00fdt souzeni podle sv\u00fdch slib\u016f, ale podle sv\u00fdch \u010din\u016f.\u00a0Akce a fakta v It\u00e1lii hovo\u0159\u00ed samy za sebe, jak objas\u0148uje ned\u00e1vn\u00e1 zpr\u00e1va.<\/span><\/p>\n<p><span>Nebo\u0165 navzdory tvrd\u00e9mu p\u0159\u00edstupu k neleg\u00e1ln\u00ed migraci do It\u00e1lie a n\u00e1jezdn\u00edk\u016fm z \u0159ad p\u0159ev\u00e1\u017en\u011b muslimsk\u00fdch p\u0159ist\u011bhovalc\u016f\u00a0<\/span><a href=\"https:\/\/rmx.news\/italy\/tu-quoque-giorgia-italian-pms-fight-against-illegal-immigration-has-been-underwhelming-at-best\/\" target=\"_blank\" rel=\"noreferrer noopener\"><span>realita nenapl\u0148uje o\u010dek\u00e1v\u00e1n\u00ed<\/span><\/a><span>\u00a0.\u00a0Voli\u010di, kte\u0159\u00ed cht\u011bli p\u0159\u00edsn\u011bj\u0161\u00ed omezen\u00ed migra\u010dn\u00edch pohyb\u016f do It\u00e1lie, budou nemilosrdn\u011b zklam\u00e1ni.\u00a0Ukazuj\u00ed to aktu\u00e1ln\u00ed \u010d\u00edsla z jihoevropsk\u00e9 zem\u011b.\u00a0Od 1. ledna do 17. \u010dervence\u00a0<\/span><a href=\"https:\/\/www.interno.gov.it\/sites\/default\/files\/2023-07\/cruscotto_statistico_giornaliero_17-07-2023.pdf\" target=\"_blank\" rel=\"noreferrer noopener\"><span>italsk\u00e9 ministerstvo vnitra<\/span><\/a><span>\u00a0skute\u010dn\u011b zaregistrovalo celkem 78 182 p\u0159\u00edchoz\u00edch ve srovn\u00e1n\u00ed s 33 187 ve stejn\u00e9m obdob\u00ed lo\u0148sk\u00e9ho roku.<\/span><strong><span>Jednalo se p\u0159ev\u00e1\u017en\u011b o ekonomick\u00e9 migranty, jak ukazuj\u00ed nej\u010dast\u011bj\u0161\u00ed zem\u011b p\u016fvodu, kter\u00fdmi byly v sestupn\u00e9m po\u0159ad\u00ed Pob\u0159e\u017e\u00ed slonoviny, Guinea, Egypt, Banglad\u00e9\u0161, P\u00e1kist\u00e1n, Tunisko, Burkina Faso, S\u00fdrie, Kamerun, Mali a dal\u0161\u00ed.<\/span><\/strong><\/p>\n<p><span>Meloni tak\u00e9 podporuje snahu Bruselu o p\u0159ijet\u00ed \u201eholistick\u00e9ho p\u0159\u00edstupu k migraci\u201c zam\u011b\u0159en\u00e9ho na \u201e\u0159e\u0161en\u00ed z\u00e1kladn\u00edch p\u0159\u00ed\u010din\u201c masov\u00e9 imigrace do Evropy.\u00a0Pravd\u011bpodobn\u011b ale uplynou des\u00edtky let, ne\u017e takov\u00e1 opat\u0159en\u00ed v\u016fbec za\u010dnou platit.\u00a0Do t\u00e9 doby v\u0161ak do It\u00e1lie nebo p\u0159es ni v Evrop\u011b p\u0159ibylo n\u011bkolik milion\u016f lid\u00ed. A zd\u00e1 se, \u017ee je vlastn\u011b jedno, kter\u00e9 strany jsou v It\u00e1lii ve vl\u00e1d\u011b.<\/span><\/p>\n<p><img decoding=\"async\" loading=\"lazy\" class=\"alignnone size-full wp-image-1185\" src=\"http:\/\/www.infokuryr.cz\/n\/wp-content\/uploads\/2021\/04\/kuryr-podpis.png\" alt=\"\" width=\"84\" height=\"24\" \/><\/p>\n<p>&nbsp;<\/p>\n<p><a href=\"https:\/\/stranapro.cz\/\"><img decoding=\"async\" loading=\"lazy\" class=\"wp-image-30218 aligncenter\" src=\"http:\/\/www.infokuryr.cz\/n\/wp-content\/uploads\/2023\/06\/PRO-banner-300x36.png\" alt=\"\" width=\"1367\" height=\"164\" srcset=\"https:\/\/www.infokuryr.cz\/n\/wp-content\/uploads\/2023\/06\/PRO-banner-300x36.png 300w, https:\/\/www.infokuryr.cz\/n\/wp-content\/uploads\/2023\/06\/PRO-banner-768x93.png 768w, https:\/\/www.infokuryr.cz\/n\/wp-content\/uploads\/2023\/06\/PRO-banner.png 849w\" sizes=\"(max-width: 1367px) 100vw, 1367px\" \/><\/a><\/p>\n<p>&nbsp;<\/p>\n<p>&nbsp;<\/p>\n<p>&nbsp;<\/p>\n","protected":false},"excerpt":{"rendered":"<p>Italsk\u00e9 pravicov\u00e9 vl\u00e1d\u011b pod veden\u00edm premi\u00e9ra Giorgia Meloniho se ani p\u0159es ur\u010dit\u00e9 zp\u0159\u00edsn\u011bn\u00ed z\u00e1kona nepoda\u0159ilo&#8230;<\/p>\n","protected":false},"author":2,"featured_media":32569,"comment_status":"closed","ping_status":"closed","sticky":false,"template":"","format":"standard","meta":[],"categories":[7],"tags":[119,191,3425],"_links":{"self":[{"href":"https:\/\/www.infokuryr.cz\/n\/wp-json\/wp\/v2\/posts\/32568"}],"collection":[{"href":"https:\/\/www.infokuryr.cz\/n\/wp-json\/wp\/v2\/posts"}],"about":[{"href":"https:\/\/www.infokuryr.cz\/n\/wp-json\/wp\/v2\/types\/post"}],"author":[{"embeddable":true,"href":"https:\/\/www.infokuryr.cz\/n\/wp-json\/wp\/v2\/users\/2"}],"replies":[{"embeddable":true,"href":"https:\/\/www.infokuryr.cz\/n\/wp-json\/wp\/v2\/comments?post=32568"}],"version-history":[{"count":0,"href":"https:\/\/www.infokuryr.cz\/n\/wp-json\/wp\/v2\/posts\/32568\/revisions"}],"wp:featuredmedia":[{"embeddable":true,"href":"https:\/\/www.infokuryr.cz\/n\/wp-json\/wp\/v2\/media\/32569"}],"wp:attachment":[{"href":"https:\/\/www.infokuryr.cz\/n\/wp-json\/wp\/v2\/media?parent=32568"}],"wp:term":[{"taxonomy":"category","embeddable":true,"href":"https:\/\/www.infokuryr.cz\/n\/wp-json\/wp\/v2\/categories?post=32568"},{"taxonomy":"post_tag","embeddable":true,"href":"https:\/\/www.infokuryr.cz\/n\/wp-json\/wp\/v2\/tags?post=32568"}],"curies":[{"name":"wp","href":"https:\/\/api.w.org\/{rel}","templated":true}]}}