{"id":32567,"date":"2023-07-22T01:00:59","date_gmt":"2023-07-21T23:00:59","guid":{"rendered":"http:\/\/www.infokuryr.cz\/n\/?p=32567"},"modified":"2023-07-21T10:49:08","modified_gmt":"2023-07-21T08:49:08","slug":"americka-armada-deployment-exemption-zvlastni-prava-pro-transgender-osoby-na-hormonalni-terapii","status":"publish","type":"post","link":"https:\/\/www.infokuryr.cz\/n\/2023\/07\/22\/americka-armada-deployment-exemption-zvlastni-prava-pro-transgender-osoby-na-hormonalni-terapii\/","title":{"rendered":"Americk\u00e1 arm\u00e1da: Deployment Exemption &#8211; Zvl\u00e1\u0161tn\u00ed pr\u00e1va pro transgender osoby na hormon\u00e1ln\u00ed terapii"},"content":{"rendered":"<div id=\"fb-root\"><\/div>\n<p><strong><span>Agenda \u201eprobuzen\u00ed\u201c Bidenovy administrativy tak\u00e9 poskytuje r\u016fzn\u00e1 zvl\u00e1\u0161tn\u00ed pr\u00e1va pro transgender voj\u00e1ky.\u00a0Odpov\u00eddaj\u00edc\u00ed zpr\u00e1va se objevila a nyn\u00ed vyvol\u00e1v\u00e1 rozruch ve Spojen\u00fdch st\u00e1tech.\u00a0Proto\u017ee pokud voj\u00e1ci dostanou hormon\u00e1ln\u00ed terapii, nemus\u00ed j\u00edt t\u0159eba do akce.<\/span><\/strong><\/p>\n<p><span>Objevil se d\u016fv\u011brn\u00fd dokument Pentagonu, kter\u00fd podrobn\u011b popisuje specifick\u00e9 p\u0159edpisy pro transgender voj\u00e1ky, co\u017e jim umo\u017e\u0148uje vyhnout se vojensk\u00e9\u00a0akci\u00a0<\/span><a href=\"https:\/\/www.scribd.com\/document\/660132886\/Medcen-Memo-40-517-Care-of-Service-Members-Who-Identify-as-Transgender#from_embed\" target=\"_blank\" rel=\"noreferrer noopener\"><span>.\u00a0<\/span><\/a><span>Memorandum z \u00fanora 2023 vydalo americk\u00e9 ministerstvo obrany a t\u00fdk\u00e1 se Womack Army Medical Center (WAMC) ve Fort Liberty.\u00a0<\/span><strong><span>Obsah memoranda by mohl znepokojovat americk\u00e9 odp\u016frce, proto\u017ee \u0159\u00edk\u00e1, \u017ee transgender voj\u00e1ci podstupuj\u00edc\u00ed &#8222;hormon\u00e1ln\u00ed terapii&#8220; mohou b\u00fdt pozastaveni z nasazen\u00ed a\u017e na 300 dn\u00ed.<\/span><\/strong><\/p>\n<p><span>Port\u00e1l \u201e\u00a0<\/span><a href=\"https:\/\/www.dossier.today\/p\/confidential-biden-dod-memo-reveals?utm_source=twitter&amp;sd=pf\" target=\"_blank\" rel=\"noreferrer noopener\"><span>The Dossier<\/span><\/a><span>\u00a0\u201c byl prvn\u00ed, kdo obdr\u017eel a zve\u0159ejnil zpr\u00e1vu odhaluj\u00edc\u00ed \u201eprobuzenou\u201c agendu infiltruj\u00edc\u00ed americkou arm\u00e1du.\u00a0Podle memoranda Pentagonu trv\u00e1 stabilizaci v\u011bt\u0161iny vojensk\u00e9ho person\u00e1lu, kter\u00fd podstupuje hormon\u00e1ln\u00ed terapii nap\u0159\u00ed\u010d pohlav\u00edmi, asi 300 dn\u00ed a b\u011bhem t\u00e9to doby nem\u016f\u017ee b\u00fdt nasazen.\u00a0Jak dlouho stabilizace trv\u00e1, z\u00e1vis\u00ed na tom, kdy je p\u0159\u00edslu\u0161n\u00edk arm\u00e1dy pova\u017eov\u00e1n za klinicky stabiln\u00edho.<\/span><\/p>\n<p><span>Memorandum nasti\u0148uje l\u00e9ka\u0159sk\u00e9 o\u0161et\u0159en\u00ed a operace, kter\u00e9 mohou transgenderov\u00ed voj\u00e1ci obdr\u017eet na n\u00e1klady da\u0148ov\u00fdch poplatn\u00edk\u016f ve WAMC.\u00a0Po roce hormon\u00e1ln\u00ed terapie mohou transgender voj\u00e1ci po\u017e\u00e1dat o chirurgick\u00e9 z\u00e1kroky, jako jsou operace stehen a doln\u00edch kon\u010detin, uvedlo ministerstvo obrany.\u00a0<\/span><strong><span>Zpr\u00e1va tak\u00e9 uv\u00e1d\u00ed, \u017ee hormon\u00e1ln\u00ed terapie nen\u00ed podm\u00ednkou pro pod\u00e1n\u00ed \u017e\u00e1dosti o operaci.\u00a0Zat\u00edmco operace horn\u00ed \u010d\u00e1sti t\u011bla je pokryta WAMC, operace doln\u00ed \u010d\u00e1sti t\u011bla a feminizace hlasu nejsou pokryty.\u00a0<\/span><\/strong><span>Krom\u011b toho v\u0161ichni \u010dlenov\u00e9 P\u0159echodn\u00e9 slu\u017eby dost\u00e1vaj\u00ed hlasovou a komunika\u010dn\u00ed terapii.<\/span><\/p>\n<p><span>Memorandum nevysv\u011btlovalo, jak operace souvis\u00ed s ochranou z\u00e1jm\u016f zem\u011b.\u00a0Bylo v\u0161ak \u0159e\u010deno, \u017ee transgenderov\u00ed voj\u00e1ci si mohou nechat ud\u011blat konturov\u00e1n\u00ed obli\u010deje\/t\u011bla ve WAMC, ale to nen\u00ed zahrnuto, proto\u017ee je to pova\u017eov\u00e1no za kosmetick\u00e9.\u00a0Laserov\u00e9 odstran\u011bn\u00ed chloupk\u016f bylo tak\u00e9 pova\u017eov\u00e1no za kosmetick\u00e9, ale bylo nezbytn\u00e9 pro operaci \u201ezadku\u201c.\u00a0<\/span><strong><span>Ozn\u00e1men\u00ed uv\u00e1d\u011blo, \u017ee operace zm\u011bny pohlav\u00ed m\u016f\u017ee trvat 9 a\u017e 18 m\u011bs\u00edc\u016f a b\u011bhem t\u00e9to doby m\u016f\u017ee voj\u00e1k po\u017e\u00e1dat o v\u00fdjimku z politiky pou\u017e\u00edv\u00e1n\u00ed vlastn\u00edho pohlav\u00ed v uniform\u011b, osobn\u00ed hygieny, testov\u00e1n\u00ed t\u011blesn\u00e9 zdatnosti, bydlen\u00ed, koupelen a sprch.<\/span><\/strong><\/p>\n<p><span>Podle memoranda mus\u00ed transgender \u010dlenov\u00e9, kte\u0159\u00ed vy\u017eaduj\u00ed l\u00e9ka\u0159sk\u00e9 o\u0161et\u0159en\u00ed, po\u017e\u00e1dat o souhlas sv\u00fdch vedouc\u00edch jednotek s na\u010dasov\u00e1n\u00edm jejich l\u00e9\u010dby.\u00a0Pl\u00e1n l\u00e9ka\u0159sk\u00e9 p\u00e9\u010de p\u0159ipojen\u00fd k memorandu v\u0161ak uv\u00e1d\u00ed, \u017ee velitel\u00e9 nemohou odm\u00edtnout nezbytnou l\u00e9ka\u0159skou p\u00e9\u010di, ale \u017ee mohou upravit na\u010dasov\u00e1n\u00ed ur\u010dit\u00fdch o\u0161et\u0159en\u00ed, aby se sn\u00ed\u017eil negativn\u00ed dopad na opera\u010dn\u00ed p\u0159ipravenost.\u00a0Memorandum podepsal arm\u00e1dn\u00ed plukovn\u00edk David Ross Zinnante, kter\u00fd m\u00e1 na starosti Womack Army Medical Center.<\/span><\/p>\n<p><span>Memorandum bylo vyd\u00e1no s c\u00edlem informovat zam\u011bstnance WAMC o tom, jak\u00a0zach\u00e1zet s transgender voj\u00e1ky po zm\u011bn\u011b politiky administrativy prezidenta Joe Bidena\u00a0<\/span><a href=\"https:\/\/www.esd.whs.mil\/Portals\/54\/Documents\/DD\/issuances\/dodi\/130028p.pdf\" target=\"_blank\" rel=\"noreferrer noopener\"><span>v dubnu 2021 .\u00a0<\/span><\/a><span>Nov\u00e1 politika umo\u017e\u0148uje transgender lidem slou\u017eit v arm\u00e1d\u011b.\u00a0To obrac\u00ed p\u0159edchoz\u00ed politiku za Trumpovy administrativy, kter\u00e1 jim umo\u017e\u0148ovala slou\u017eit pouze v jejich biologick\u00e9m pohlav\u00ed a zakazovala slou\u017eit osob\u00e1m s genderovou dysfori\u00ed.<\/span><\/p>\n<p><img decoding=\"async\" loading=\"lazy\" class=\"alignnone size-full wp-image-1185\" src=\"http:\/\/www.infokuryr.cz\/n\/wp-content\/uploads\/2021\/04\/kuryr-podpis.png\" alt=\"\" width=\"84\" height=\"24\" \/><\/p>\n<p>&nbsp;<\/p>\n<p><a href=\"https:\/\/stranapro.cz\/\"><img decoding=\"async\" loading=\"lazy\" class=\"wp-image-30218 aligncenter\" src=\"http:\/\/www.infokuryr.cz\/n\/wp-content\/uploads\/2023\/06\/PRO-banner-300x36.png\" alt=\"\" width=\"1358\" height=\"163\" srcset=\"https:\/\/www.infokuryr.cz\/n\/wp-content\/uploads\/2023\/06\/PRO-banner-300x36.png 300w, https:\/\/www.infokuryr.cz\/n\/wp-content\/uploads\/2023\/06\/PRO-banner-768x93.png 768w, https:\/\/www.infokuryr.cz\/n\/wp-content\/uploads\/2023\/06\/PRO-banner.png 849w\" sizes=\"(max-width: 1358px) 100vw, 1358px\" \/><\/a><\/p>\n<p>&nbsp;<\/p>\n<p>&nbsp;<\/p>\n<p>&nbsp;<\/p>\n","protected":false},"excerpt":{"rendered":"<p>Agenda \u201eprobuzen\u00ed\u201c Bidenovy administrativy tak\u00e9 poskytuje r\u016fzn\u00e1 zvl\u00e1\u0161tn\u00ed pr\u00e1va pro transgender voj\u00e1ky.\u00a0Odpov\u00eddaj\u00edc\u00ed zpr\u00e1va se objevila&#8230;<\/p>\n","protected":false},"author":2,"featured_media":14778,"comment_status":"closed","ping_status":"closed","sticky":false,"template":"","format":"standard","meta":[],"categories":[7],"tags":[80,230,774,37],"_links":{"self":[{"href":"https:\/\/www.infokuryr.cz\/n\/wp-json\/wp\/v2\/posts\/32567"}],"collection":[{"href":"https:\/\/www.infokuryr.cz\/n\/wp-json\/wp\/v2\/posts"}],"about":[{"href":"https:\/\/www.infokuryr.cz\/n\/wp-json\/wp\/v2\/types\/post"}],"author":[{"embeddable":true,"href":"https:\/\/www.infokuryr.cz\/n\/wp-json\/wp\/v2\/users\/2"}],"replies":[{"embeddable":true,"href":"https:\/\/www.infokuryr.cz\/n\/wp-json\/wp\/v2\/comments?post=32567"}],"version-history":[{"count":0,"href":"https:\/\/www.infokuryr.cz\/n\/wp-json\/wp\/v2\/posts\/32567\/revisions"}],"wp:featuredmedia":[{"embeddable":true,"href":"https:\/\/www.infokuryr.cz\/n\/wp-json\/wp\/v2\/media\/14778"}],"wp:attachment":[{"href":"https:\/\/www.infokuryr.cz\/n\/wp-json\/wp\/v2\/media?parent=32567"}],"wp:term":[{"taxonomy":"category","embeddable":true,"href":"https:\/\/www.infokuryr.cz\/n\/wp-json\/wp\/v2\/categories?post=32567"},{"taxonomy":"post_tag","embeddable":true,"href":"https:\/\/www.infokuryr.cz\/n\/wp-json\/wp\/v2\/tags?post=32567"}],"curies":[{"name":"wp","href":"https:\/\/api.w.org\/{rel}","templated":true}]}}