{"id":32564,"date":"2023-07-22T00:59:47","date_gmt":"2023-07-21T22:59:47","guid":{"rendered":"http:\/\/www.infokuryr.cz\/n\/?p=32564"},"modified":"2023-07-21T10:41:34","modified_gmt":"2023-07-21T08:41:34","slug":"sokujici-odhaleni-falesny-zelenskyj-vola-sefa-rothschildu-alexandra-ukrajina-vede-valku-za-odkloneni-evropskych-fondu","status":"publish","type":"post","link":"https:\/\/www.infokuryr.cz\/n\/2023\/07\/22\/sokujici-odhaleni-falesny-zelenskyj-vola-sefa-rothschildu-alexandra-ukrajina-vede-valku-za-odkloneni-evropskych-fondu\/","title":{"rendered":"\u0160okuj\u00edc\u00ed odhalen\u00ed! Fale\u0161n\u00fd Zelenskyj vol\u00e1 \u0161\u00e9fa Rothschild\u016f Alexandra: Ukrajina vede v\u00e1lku za odklon\u011bn\u00ed evropsk\u00fdch fond\u016f"},"content":{"rendered":"<div id=\"fb-root\"><\/div>\n<p><strong>\u201ePrank call\u201c je senzac\u00ed.\u00a0Dva ru\u0161t\u00ed telefonn\u00ed \u0161pr\u00fdma\u0159i Wowan a Lexus, kte\u0159\u00ed podvedli mnoho z\u00e1padn\u00edch politik\u016f a celebrit, kontaktovali pod fale\u0161nou identitou Zelensk\u00e9ho mocn\u00e9ho bank\u00e9\u0159e a ten vysv\u011btlil, o \u010dem je podle n\u011bj ukrajinsk\u00e1 v\u00e1lka:<span style=\"color: #800080;\"> Pen\u00edze ze z\u00e1padn\u00edch dan\u00ed, kter\u00e9 jsou ve skute\u010dnosti ur\u010deny na rekonstrukci, maj\u00ed b\u00fdt p\u0159esm\u011brov\u00e1ny na \u00fa\u010dty ukrajinsk\u00fdch oligarch\u016f. Rozhovor nazna\u010duje, \u017ee mezi evropsk\u00fdmi oligarchy a americk\u00fdmi oligarchy, jako je Rockefeller, v sou\u010dasnosti prob\u00edh\u00e1 boj o moc.<\/span><\/strong><\/p>\n<p>Report24 informoval o dvou z mnoha \u017eertovn\u00fdch hovor\u016f rusk\u00fdch komik\u016f Vovana a Lexuse (Vladimir Kuzn\u011bcov a Alexej Stolyarov).\u00a0<a href=\"https:\/\/report24.news\/naechster-streich-anruf-russischer-komiker-stephen-king-bezeichnet-bandera-als-grossen-mann\/\" target=\"_blank\" rel=\"noreferrer noopener\">V \u010dervenci 2022 se jim ozval<\/a>\u00a0levicov\u00fd americk\u00fd spisovatel Stephen King\u00a0, kter\u00fd popsal nacistick\u00e9ho Banderu jako \u201evelk\u00e9ho mu\u017ee\u201c.\u00a0<a href=\"https:\/\/report24.news\/klitschko-telefonstreich-peinliches-gestammel-von-buergermeister-ludwig-nun-online\/\" target=\"_blank\" rel=\"noreferrer noopener\">V roce 2022 p\u0159im\u011bli v\u00edde\u0148sk\u00e9ho starostu Ludwiga<\/a>\u00a0, kter\u00fd tak\u00e9 z\u016fstal\u00a0, aby zam\u00e1val do kamery vlajkou Ukrajiny.\u00a0Oba dva se tak\u00e9 ujali \u0161\u00e9fky ECB Christine Lagardeov\u00e1 a v\u00fdkonn\u00e9ho vytahov\u00e1ka strun Henry Kissingera. <span style=\"color: #800080;\"><strong>Lagardeov\u00e1 tehdy zcela otev\u0159en\u011b \u0159ekla, \u017ee budouc\u00ed digit\u00e1ln\u00ed centr\u00e1ln\u00ed m\u011bna by m\u011bla slou\u017eit ke sledov\u00e1n\u00ed populace.<\/strong><\/span><\/p>\n<p>To v\u0161e ale nebylo nic oproti \u017eert\u00edku, kter\u00fd se ob\u011bma komik\u016fm ned\u00e1vno povedl.\u00a0Proto\u017ee Alexandre de Rothschild, \u201evl\u00e1dnouc\u00ed\u201c\u00a0<a href=\"https:\/\/www.sueddeutsche.de\/wirtschaft\/nahaufnahme-siebte-generation-1.3977466\" target=\"_blank\" rel=\"noreferrer noopener\">\u0161\u00e9f pa\u0159\u00ed\u017esk\u00e9 Rothschild Bank<\/a>\u00a0, je pova\u017eov\u00e1n za stydliv\u00e9ho, je extr\u00e9mn\u011b obt\u00ed\u017en\u00e9 s n\u00edm z\u00edskat rozhovor.<\/p>\n<p><span style=\"font-size: 18pt;\"><strong>N\u00ed\u017ee je odkaz na cel\u00fd z\u00e1znam z \u017eertovn\u00e9ho hovoru, jak jej zve\u0159ejnily Wowan a Lexus \u2013 video je v angli\u010dtin\u011b.<\/strong><\/span><\/p>\n<div class=\"video-wrapper\"><div class='videoWrapper'>\r\n\t            <iframe src='https:\/\/rumble.com\/embed\/v2yk2n0\/?pub=4' frameborder='0' allowfullscreen><\/iframe>\r\n\t        <\/div><\/div>\n<p>Jak se stalo, \u017ee Wowan a Lexus dostali k telefonu hlavu bohat\u00e9ho a mocn\u00e9ho rodinn\u00e9ho klanu Rothschild\u016f?\u00a0\u0160lo to oklikou obchodn\u00edka s ropou Pierra Anduranda, zakladatele hedgeov\u00e9ho fondu Andurand Capital.\u00a0Zat\u00edmco oba p\u0159edst\u00edrali, \u017ee mluv\u00ed se Zelensk\u00fdm, zavolal Alexandrovi de Rothschild, aby se mohl p\u0159ipojit k videokonferenci. <span style=\"color: #800080;\"><strong>Tak\u017ee nic netu\u0161il a myslel si, \u017ee je mezi sv\u00fdmi.<\/strong><\/span><\/p>\n<p>O rodinn\u00e9m klanu Rothschild\u016f se \u0159\u00edk\u00e1, \u017ee pat\u0159\u00ed k nejbohat\u0161\u00edm na sv\u011bt\u011b.\u00a0Podle Alexandrese od roku 2017 \u201ejednal v z\u00e1jmu ukrajinsk\u00e9 vl\u00e1dy a ministerstva financ\u00ed\u201c. Jednalo by se p\u0159edev\u0161\u00edm o n\u00e1kup ciz\u00edho kapit\u00e1lu. \u00a0<strong>Ve srovn\u00e1n\u00ed s fale\u0161n\u00fdm Zelensk\u00fdm Rothschild zd\u016fraznil, \u017ee \u201emnohem v\u00edce\u201c spolupracuj\u00ed s Ukrajinou. <\/strong>Neexistuje \u017e\u00e1dn\u00fd kontakt s \u201eruskou elitou\u201c.<\/p>\n<h3 class=\"wp-block-heading\"><span style=\"font-size: 18pt;\">&#8222;Sv\u011bt je ve stavu nepo\u0159\u00e1dku.&#8220; &#8211; <cite>Alexandre de Rothschild<\/cite><\/span><\/h3>\n<p>Sv\u011bt by byl ve stavu nepo\u0159\u00e1dku, \u0159ekl Rothschild fale\u0161n\u00e9mu Zelensk\u00e9mu. Velmi relevantn\u00ed web anti-spiegel.ru uv\u00e1d\u00ed, \u017ee to\u00a0<a href=\"https:\/\/www.anti-spiegel.ru\/2023\/die-russischen-pranker-sprechen-als-selensky-mit-alexander-rothschild\/\" target=\"_blank\" rel=\"noreferrer noopener\">nemus\u00ed b\u00fdt pravda<\/a>\u00a0.\u00a0<strong>Sp\u00ed\u0161e by Rothschild na za\u010d\u00e1tku krize levn\u011b nakoupil ukrajinsk\u00e9 dluhopisy za sedm miliard dolar\u016f a prodal je s vysok\u00fdm ziskem.\u00a0<\/strong>Ukrajina se tak zav\u00e1zala, \u017ee umo\u017en\u00ed soukrom\u00fdm v\u011b\u0159itel\u016fm \u00fa\u010dastnit se p\u0159edpokl\u00e1dan\u00e9ho hospod\u00e1\u0159sk\u00e9ho r\u016fstu<strong> po dobu 20 let.<\/strong><\/p>\n<p>P\u0159i obnov\u011b Ukrajiny po skon\u010den\u00ed konfliktu by \u0161lo o<span style=\"color: #800080;\"><strong> p\u0159esm\u011brov\u00e1n\u00ed evropsk\u00fdch da\u0148ov\u00fdch pen\u011bz do nadac\u00ed z\u00e1padn\u00edch oligarch\u016f,<\/strong><\/span> kter\u00e9 by pak m\u011bly realizovat <strong>\u201efilantropick\u00e9\u201c<\/strong> rozvojov\u00e9 projekty.\u00a0To dob\u0159e zapad\u00e1 do zn\u00e1m\u00e9ho obchodn\u00edho modelu domn\u011bl\u00fdch filantrop\u016f, jako je Bill Gates, kte\u0159\u00ed jsou d\u00edky sv\u00fdm <strong>\u201emiliardov\u00fdm dar\u016fm\u201c<\/strong> st\u00e1le bohat\u0161\u00ed a bohat\u0161\u00ed, proto\u017ee kapit\u00e1l, kter\u00fd se jim vrac\u00ed, se zn\u00e1sobil.\u00a0Rodina Rothschild\u016f pl\u00e1nuje na t\u011bchto pen\u011b\u017en\u00edch toc\u00edch vyd\u011blat slu\u0161n\u00e9 pen\u00edze.\u00a0B\u011bhem rozhovoru to bylo vyj\u00e1d\u0159eno takto:<\/p>\n<p><strong><em>Pro rekonstrukci Ukrajiny s \u0159adou sektorov\u00fdch t\u00e9mat v t\u011bchto sektorech by samoz\u0159ejm\u011b mohla b\u00fdt energetika, bydlen\u00ed, logistika.\u00a0A mysl\u00edm, \u017ee je pot\u0159eba to p\u0159ipravit je\u0161t\u011b p\u0159ed okam\u017eikem, kdy, v\u00edte, rekonstrukce za\u010dne.\u00a0Z konference v Luganu jsem vyrozum\u011bl, \u017ee jste vyj\u00e1d\u0159ili pot\u0159ebu celkov\u00fdch finan\u010dn\u00edch prost\u0159edk\u016f ve v\u00fd\u0161i v\u00edce ne\u017e 750 miliard dolar\u016f na rekonstrukci mezi rokem 2023 a v\u00edce, mo\u017en\u00e1 o deset let pozd\u011bji, co\u017e d\u00e1v\u00e1 smysl. A p\u0159em\u00fd\u0161lejte, jak to kalibrovat, jak zajistit, aby tam byli v\u0161ichni hr\u00e1\u010di, je to velmi d\u016fle\u017eit\u00fd \u00fakol, kter\u00fd mus\u00ed za\u010d\u00edt p\u0159ed koncem konfliktu, a v tom spo\u010d\u00edv\u00e1 na\u0161e odbornost.<\/em><\/strong><\/p>\n<p><strong><cite>Alexandre de Rothschild<\/cite><\/strong><\/p>\n<p>Bank\u00e9\u0159 t\u00edmto vyjad\u0159uje, \u017ee v\u0161ichni <strong>\u201evelc\u00ed hr\u00e1\u010di\u201c<\/strong>, kte\u0159\u00ed v\u011bd\u00ed, jak vyd\u011blat a distribuovat pen\u00edze, <strong>mus\u00ed b\u00fdt um\u00edst\u011bni na Ukrajin\u011b p\u0159ed koncem v\u00e1lky<\/strong>.\u00a0Velk\u00e9 prodeje o\u010dek\u00e1v\u00e1 Rothschild v oblastech energetiky, pron\u00e1jmu nebo nemovitost\u00ed a logistiky.<\/p>\n<p>Kdy\u017e se fale\u0161n\u00fd Zelensk\u00fd pt\u00e1 na vazby Rothschild\u016f na Rockefellery, tvrd\u00ed, \u017ee neexistuje \u017e\u00e1dn\u00fd kontakt. Pokud je to pravda, mohlo by to znamenat pokra\u010duj\u00edc\u00ed boj o moc mezi ob\u011bma rodinami.\u00a0Rothschild tak\u00e9 potvrzuje, \u017ee je v kontaktu s\u00a0<a href=\"https:\/\/en.wikipedia.org\/wiki\/Serhiy_Marchenko\" target=\"_blank\" rel=\"noreferrer noopener\">ukrajinsk\u00fdm ministrem financ\u00ed Mar\u010denkem<\/a>\u00a0a N\u00e1rodn\u00ed bankou Ukrajiny.<\/p>\n<p>Na konci rozhovoru\u00a0<strong>se \u00fadajn\u00fd Zelensk\u00fd pt\u00e1, zda existuje tajn\u00e1 sv\u011btov\u00e1 vl\u00e1da. Proto\u017ee by cht\u011bl b\u00fdt \u010dlenem tohoto t\u00fdmu.\u00a0<\/strong>Rothschild odpov\u00edd\u00e1, \u017ee jde o jakousi nads\u00e1zku. Bude tam G7.\u00a0Ale skute\u010dn\u00fdmi vl\u00e1dci sv\u011bta by byli G0 &#8211; <strong>to znamen\u00e1 &#8222;nikdo&#8220;.<\/strong><\/p>\n<p><a href=\"https:\/\/report24.news\/fake-selenskyj-ruft-rothschild-boss-alexandre-an-ukraine-krieg-zur-umleitung-europaeischer-gelder\/\">Report24<\/a><\/p>\n<p><span style=\"font-size: 24pt; color: #800080;\"><strong>Z\u00e1v\u011br InfoKur\u00fdru<\/strong><\/span><\/p>\n<p><span style=\"color: #800080; font-size: 14pt;\"><strong>Tak\u017ee, jak je z hovoru z\u0159ejm\u00e9, v\u00e1lka na Ukrajin\u011b se nevede za ochranu evropsk\u00fdch &#8222;demokratick\u00fdch hodnot&#8220;, ale za sprost\u00e9 vytunelov\u00e1n\u00ed dan\u00ed evropsk\u00fdch ob\u010dan\u016f a je vid\u011bt, \u017ee v tom jedou v\u0161ichni a jen my hloup\u00ed mus\u00edme uctiv\u011b dr\u017eet hubu a krok, plivat na Rusa a provol\u00e1vat Sl\u00e1va Ukrajin\u011b!!!<\/strong><\/span><\/p>\n<p>&nbsp;<\/p>\n<p><a href=\"https:\/\/stranapro.cz\/\"><img decoding=\"async\" loading=\"lazy\" class=\"wp-image-30218 aligncenter\" src=\"http:\/\/www.infokuryr.cz\/n\/wp-content\/uploads\/2023\/06\/PRO-banner-300x36.png\" alt=\"\" width=\"1350\" height=\"162\" srcset=\"https:\/\/www.infokuryr.cz\/n\/wp-content\/uploads\/2023\/06\/PRO-banner-300x36.png 300w, https:\/\/www.infokuryr.cz\/n\/wp-content\/uploads\/2023\/06\/PRO-banner-768x93.png 768w, https:\/\/www.infokuryr.cz\/n\/wp-content\/uploads\/2023\/06\/PRO-banner.png 849w\" sizes=\"(max-width: 1350px) 100vw, 1350px\" \/><\/a><\/p>\n<p>&nbsp;<\/p>\n<p>&nbsp;<\/p>\n<p>&nbsp;<\/p>\n","protected":false},"excerpt":{"rendered":"<p>\u201ePrank call\u201c je senzac\u00ed.\u00a0Dva ru\u0161t\u00ed telefonn\u00ed \u0161pr\u00fdma\u0159i Wowan a Lexus, kte\u0159\u00ed podvedli mnoho z\u00e1padn\u00edch politik\u016f&#8230;<\/p>\n","protected":false},"author":2,"featured_media":32565,"comment_status":"closed","ping_status":"closed","sticky":false,"template":"","format":"standard","meta":[],"categories":[7],"tags":[436,5519,26,1000],"_links":{"self":[{"href":"https:\/\/www.infokuryr.cz\/n\/wp-json\/wp\/v2\/posts\/32564"}],"collection":[{"href":"https:\/\/www.infokuryr.cz\/n\/wp-json\/wp\/v2\/posts"}],"about":[{"href":"https:\/\/www.infokuryr.cz\/n\/wp-json\/wp\/v2\/types\/post"}],"author":[{"embeddable":true,"href":"https:\/\/www.infokuryr.cz\/n\/wp-json\/wp\/v2\/users\/2"}],"replies":[{"embeddable":true,"href":"https:\/\/www.infokuryr.cz\/n\/wp-json\/wp\/v2\/comments?post=32564"}],"version-history":[{"count":1,"href":"https:\/\/www.infokuryr.cz\/n\/wp-json\/wp\/v2\/posts\/32564\/revisions"}],"predecessor-version":[{"id":32566,"href":"https:\/\/www.infokuryr.cz\/n\/wp-json\/wp\/v2\/posts\/32564\/revisions\/32566"}],"wp:featuredmedia":[{"embeddable":true,"href":"https:\/\/www.infokuryr.cz\/n\/wp-json\/wp\/v2\/media\/32565"}],"wp:attachment":[{"href":"https:\/\/www.infokuryr.cz\/n\/wp-json\/wp\/v2\/media?parent=32564"}],"wp:term":[{"taxonomy":"category","embeddable":true,"href":"https:\/\/www.infokuryr.cz\/n\/wp-json\/wp\/v2\/categories?post=32564"},{"taxonomy":"post_tag","embeddable":true,"href":"https:\/\/www.infokuryr.cz\/n\/wp-json\/wp\/v2\/tags?post=32564"}],"curies":[{"name":"wp","href":"https:\/\/api.w.org\/{rel}","templated":true}]}}