{"id":32555,"date":"2023-07-21T05:30:13","date_gmt":"2023-07-21T03:30:13","guid":{"rendered":"http:\/\/www.infokuryr.cz\/n\/?p=32555"},"modified":"2023-07-21T05:54:05","modified_gmt":"2023-07-21T03:54:05","slug":"michael-svatos-sok-eu-se-chysta-vyhubit-vcely-aby-porazila-rusko-i-putina","status":"publish","type":"post","link":"https:\/\/www.infokuryr.cz\/n\/2023\/07\/21\/michael-svatos-sok-eu-se-chysta-vyhubit-vcely-aby-porazila-rusko-i-putina\/","title":{"rendered":"Michael Svato\u0161: \u0160OK! EU se chyst\u00e1 vyhubit v\u010dely, aby porazila Rusko i Putina!"},"content":{"rendered":"<div id=\"fb-root\"><\/div>\n<p><span style=\"font-size: 18pt;\"><strong>Albert Einstein:\u00a0<em>Kdy\u017e vyhynou v\u010dely, do \u010dty\u0159 let vym\u0159eme!\u00a0<\/em><\/strong><\/span><\/p>\n<p><a href=\"https:\/\/www.nrdc.org\/stories\/world-without-bees-heres-what-happens-if-bees-go-extinct\">V roce 2022 varovalo Ministerstvo zem\u011bd\u011blstv\u00ed USA Washington<\/a>, \u017ee pr\u016fm\u011brn\u00fd \u00fahyn v\u010del v jednom \u00falu u\u017e p\u0159edstavuje 42% jeho populace! Situace je tak extr\u00e9mn\u011b kritick\u00e1. U\u017e p\u0159i pr\u016fm\u011brn\u00e9m \u00fahynu 18.5% v\u0161ech v\u010del v \u00falu doch\u00e1z\u00ed k jeho nevratn\u00e9mu vym\u00edr\u00e1n\u00ed! V USA i Evrop\u011b se proto za\u010dalo intenzivn\u011b p\u00e1trat, co je p\u0159\u00ed\u010dinou tohoto n\u00e1hl\u00e9ho prudk\u00e9ho vym\u00edr\u00e1n\u00ed v\u010del. A u\u017e prvn\u00ed renomovan\u00fd v\u011bdeck\u00fd v\u00fdzkum v\u0161echny p\u0159ekvapil:\u00a0 Za masov\u00e9 vym\u00edr\u00e1n\u00ed v\u010del m\u016f\u017ee politika Green Deal, a snaha oslabit Rusko a porazit Putina! V dne\u0161n\u00ed anal\u00fdze si proto tento neuv\u011b\u0159iteln\u00fd kiks bruselsk\u00fdch Eurokrat\u016f, kter\u00fd n\u00e1m hroz\u00ed \u00fapln\u00fdm vyhlazen\u00edm, podrobn\u011b rozebereme. V\u010detn\u011b toho, kdo v \u010cesku na vyhlazov\u00e1n\u00ed v\u010del za st\u00e1tn\u00ed dotace bohatne!<\/p>\n<p>Einstein\u016fv v\u00fdrok,\u00a0<em>kdy\u017e vym\u0159ou v\u010dely, do \u010dty\u0159 let vym\u0159eme,\u00a0<\/em><a href=\"https:\/\/www.snopes.com\/fact-check\/einstein-on-bees\/\">se stal v minul\u00fdch letech ter\u010dem zb\u011bsil\u00fdch \u00fatok\u016f<\/a>\u00a0v\u0161ech\u00a0<em>str\u00e1\u017ec\u016f svat\u00e9 pravdy, \u017ee oteplov\u00e1n\u00ed planety zp\u016fsob\u00ed vyhynut\u00ed lidstva.\u00a0<\/em>A ti za tu\u010dn\u00e9 dotace vynalo\u017eili obrovsk\u00e9 \u00fasil\u00ed, jen aby dok\u00e1zali, \u017ee Einstein v\u00fdrok nikdy ne\u0159ekl!\u00a0Ve stejn\u00e9 dob\u011b, kdy Brusel i Washington rozd\u00e1valy t\u011bmto str\u00e1\u017ec\u016fm pravdy dotace, aby dok\u00e1zali, \u017ee Einstein v\u00fdrok nikdy ne\u0159ekl, sami intenzivn\u011b v\u011bdecky zkoumaly, co se stane s lidstvem, a\u017e svou politikou vyhub\u00ed v\u0161echny v\u010dely. Podle v\u00fdsledku, kter\u00fd byrokraty ur\u010dit\u011b pot\u011b\u0161il, lidstvo nevyhyne,\u00a0<a href=\"https:\/\/www.nrdc.org\/stories\/world-without-bees-heres-what-happens-if-bees-go-extinct\">jen ze 115 plodin, kter\u00e9 lid\u00e9 konzumuj\u00ed, jich 87 bez v\u010del a hmyzu vym\u0159e<\/a>! Bez v\u010del by nebyla t\u0159eba ani jablka, ani cibule! Ponechme zat\u00edm stranou, komu na Z\u00e1pad\u011b se hod\u00ed, \u017ee vyhub\u00edme v\u010dely, a tak nebudou ani jablka, ani cibule, a pod\u00edvejme se nejd\u0159\u00edve na ot\u00e1zku, co hub\u00ed v\u010dely a hmyz, proto\u017ee odpov\u011b\u010f na ni je jednodu\u0161\u0161\u00ed, a uk\u00e1\u017ee n\u00e1m, kdo na huben\u00ed v\u010del bohatne!!!<\/p>\n<p>Sv\u011btov\u00e1 kapacita na hmyz, bavorsk\u00fd profesor Josef Reichholf a dal\u0161\u00ed v\u011bdci dok\u00e1zali ned\u00e1vno neuv\u011b\u0159iteln\u00e9, \u017ee za masov\u00fdm vym\u00edr\u00e1n\u00edm v\u010del a hmyzu stoj\u00ed dota\u010dn\u00ed politika Bruselu zn\u00e1m\u00e1 jako Green Deal!<\/p>\n<p><a href=\"https:\/\/stranapro.cz\/\"><img decoding=\"async\" loading=\"lazy\" class=\"wp-image-30218 aligncenter\" src=\"http:\/\/www.infokuryr.cz\/n\/wp-content\/uploads\/2023\/06\/PRO-banner-300x36.png\" alt=\"\" width=\"1358\" height=\"163\" srcset=\"https:\/\/www.infokuryr.cz\/n\/wp-content\/uploads\/2023\/06\/PRO-banner-300x36.png 300w, https:\/\/www.infokuryr.cz\/n\/wp-content\/uploads\/2023\/06\/PRO-banner-768x93.png 768w, https:\/\/www.infokuryr.cz\/n\/wp-content\/uploads\/2023\/06\/PRO-banner.png 849w\" sizes=\"(max-width: 1358px) 100vw, 1358px\" \/><\/a><\/p>\n<p>Profesor Reichholf nejprve zjistil na z\u00e1klad\u011b letit\u00e9ho v\u011bdeck\u00e9ho v\u00fdzkumu, kter\u00fd prov\u00e1d\u011bl od roku 1981, \u017ee v bavorsk\u00e9 metropoli, v obrovsk\u00e9m Mnichov\u011b, u\u017e v posledn\u00edch letech celkov\u00fd po\u010det hmyzu a mno\u017estv\u00ed jeho druh\u016f p\u0159evy\u0161uje jeho v\u00fdskyt v zem\u011bd\u011blsk\u00e9 krajin\u011b jihov\u00fdchodn\u00edho Bavorska 2kr\u00e1t!! Reichholf si tedy uv\u011bdomil, \u017ee vym\u00edr\u00e1n\u00ed hmyzu nesouvis\u00ed s telekomunika\u010dn\u00edmi s\u00edt\u011bmi a vys\u00edla\u010di 5G, jak se spekulovalo, proto\u017ee intenzita vln\u011bn\u00ed je vy\u0161\u0161\u00ed ve m\u011bst\u011b, a ne na vesnici. A za\u010dal zkoumat, co zp\u016fsobuje masov\u00e9 vym\u00edr\u00e1n\u00ed hmyzu a v\u010del v idylick\u00e9 zem\u011bd\u011blsk\u00e9 krajin\u011b bavorsk\u00e9ho venkova.\u00a0<a href=\"https:\/\/www.manova.news\/artikel\/das-unsichtbare-massensterben\">A do\u0161el k t\u011bmto p\u0159ekvapiv\u00fdm z\u00e1v\u011br\u016fm<\/a>:<\/p>\n<ol>\n<li>Za masov\u00fdm vym\u00edr\u00e1n\u00edm hmyzu stoj\u00ed politika EU zam\u011b\u0159en\u00e1 na dotov\u00e1n\u00ed masov\u00e9 v\u00fdstavby tzv. Bioplynov\u00fdch stanic,\u00a0<a href=\"https:\/\/apnews.com\/article\/russia-ukraine-technology-business-paris-germany-7d70ea772d2822ced45c45c14cc1816e\">kter\u00e9 podle pl\u00e1n\u016f EU z roku 2022 maj\u00ed zabezpe\u010dit n\u00e1hradu za rusk\u00fd plyn, oslabit Rusko a p\u0159isp\u011bt k por\u00e1\u017ece Putina<\/a>! (Dokument EU z roku 2010\u00a0<a href=\"https:\/\/ec.europa.eu\/economy_finance\/publications\/economic_paper\/2010\/pdf\/ecp408_en.pdf\">je\u0161t\u011b neuv\u00e1d\u00ed jako c\u00edl oslabit Rusko<\/a>, nicm\u00e9n\u011b hovo\u0159\u00ed o pot\u0159eb\u011b prudk\u00e9 v\u00fdstavby Bioplynov\u00fdch stanic z d\u016fvod\u016f z\u00e1chrany planety p\u0159ed oteplov\u00e1n\u00edm!)<\/li>\n<li>Bioplynov\u00e9 stanice, kter\u00e9 z kuku\u0159ice a z dal\u0161\u00edch zem\u011bd\u011blsk\u00fdch plodin vyr\u00e1b\u011bj\u00ed velmi drahou bio-elekt\u0159inu, produkuji jako odpad neuv\u011b\u0159iteln\u00e9 mno\u017estv\u00ed tzv. fermentovan\u00e9 kejdy, a ta obsahuje o 66% v\u00edce dus\u00edku, ne\u017e p\u0159\u00edrodn\u00ed kejda produkovan\u00e1 prasaty a skotem. V N\u011bmecku, kde bylo za 5 miliard EUR dotac\u00ed podle na\u0159\u00edzen\u00ed Bruselu postaveno 9000 bioplynov\u00fdch stanic, tak do\u0161lo k p\u0159ehnojen\u00ed pol\u00ed dus\u00edkem, proto\u017ee je t\u0159eba ka\u017edoro\u010dn\u011b na n\u011bmeck\u00e1 pole rozpr\u00e1\u0161it 70 milion\u016f tun t\u00e9to fermentovan\u00e9 odpadn\u00ed kejdy z bioplynov\u00fdch stanic, proto\u017ee neexistuje \u017e\u00e1dn\u00e1 jin\u00e1 cesta, jak se t\u00e9to odpadn\u00ed fermentovan\u00e9 kejdy zbavit.<\/li>\n<li>Rostliny takto p\u0159ehnojen\u00e9 dus\u00edkem z fermentovan\u00e9 kejdy zp\u016fsobuj\u00ed masov\u00e9 vym\u00edr\u00e1n\u00ed v\u0161ech druh\u016f hmyzu. Bylo u\u017e v\u011bdecky zji\u0161t\u011bno, \u017ee housenky odm\u00edtaj\u00ed konzumovat rostliny, kter\u00e9 obsahuj\u00ed p\u0159em\u00edru dus\u00edku, a tak se z nich nikdy nevyl\u00edhnou \u017e\u00e1dn\u00ed mot\u00fdli. V dal\u0161\u00ed v\u011bdeck\u00e9 studii byla dok\u00e1z\u00e1na p\u0159\u00edm\u00e1 \u00fam\u011bra mezi r\u016fstem hmyz\u00ed populace a n\u00edzkou \u00farovn\u00ed dus\u00edku v rostlin\u00e1ch.\u00a0<a href=\"https:\/\/resjournals.onlinelibrary.wiley.com\/doi\/10.1111\/een.13224?af=R\">P\u0159ehnojen\u00ed dus\u00edkem op\u011bt znamenalo vym\u00edr\u00e1n\u00ed hmyzu hladem, proto\u017ee dus\u00edkem p\u0159ehnojenou rostlinu odm\u00edt\u00e1 v\u0161echen hmyz konzumovat<\/a>.<\/li>\n<li><a href=\"https:\/\/journals.plos.org\/plosone\/article?id=10.1371\/journal.pone.0185809\">Naopak bylo renomovanou v\u011bdeckou studi\u00ed v\u00fdskytu hmyzu v p\u0159\u00edrodn\u00edch rezervac\u00edch N\u011bmecka, kde se nijak nehnoj\u00ed, prok\u00e1z\u00e1no<\/a>, \u017ee dosavadn\u00ed rostouc\u00ed teploty maj\u00ed tendenci p\u016fsobit proti sni\u017eov\u00e1n\u00ed populace hmyzu! V ostatn\u00edch oblastech zem\u011bd\u011blsk\u00e9 krajiny, kde se fermentovanou kejdou hnoj\u00ed byl zji\u0161t\u011bn a\u017e 75% pokles hmyz\u00ed populace. Hmyz je p\u0159itom krom opilov\u00e1n\u00ed rostlin z\u00e1kladn\u00ed potravinou cel\u00e9 \u0159ady vy\u0161\u0161\u00edch \u017eivo\u010dich\u016f, pt\u00e1k\u016f, savc\u016f i ryb. Masivn\u00ed 3\/4 \u00fabytek hmyzu v d\u016fsledku bioplynov\u00e9 politiky Bruselu tak p\u0159edstavuje nejv\u011bt\u0161\u00ed likvidaci evropsk\u00e9 p\u0159\u00edrody v tomto stolet\u00ed!<\/li>\n<\/ol>\n<p><a href=\"https:\/\/cnn.iprima.cz\/dusno-v-nizozemsku-lide-protestuji-proti-vybijeni-dobytka-policie-strilela-na-traktor-112344\">Pro\u010d mysl\u00edte, \u017ee Brusel nyn\u00ed po\u017eaduje vybit\u00ed krav a prasat!<\/a>? Proto\u017ee produkuj\u00ed p\u0159\u00edrodn\u00ed kejdu, kter\u00e1 obsahuje dus\u00edk. A proto\u017ee produkuj\u00ed metan! Jen\u017ee v oboj\u00ed produkuj\u00ed tato zv\u00ed\u0159ata v mnohem men\u0161\u00ed m\u00ed\u0159e, ne\u017e podle na\u0159\u00edzen\u00ed Bruselu nastav\u011bn\u00e9 Bioplynov\u00e9 stanice! Vyvra\u017e\u010fov\u00e1n\u00ed dom\u00e1c\u00edch zv\u00ed\u0159at tak m\u00e1 zakr\u00fdt n\u00e1sledky \u0161\u00edlen\u00e9 bruselsk\u00e9 politiky, kter\u00e1 vede k likvidaci hmyzu, zv\u00ed\u0159at a nadm\u011brn\u00e9mu vypou\u0161t\u011bn\u00ed metanu do ovzdu\u0161\u00ed.\u00a0<a href=\"https:\/\/www.manova.news\/artikel\/das-unsichtbare-massensterben\">Podle n\u011bmeck\u00e9ho v\u00fdzkumu 5% v\u0161eho metanu<\/a>, kter\u00fd vznik\u00e1 p\u0159i v\u00fdrob\u011b elekt\u0159iny v bioplynov\u00fdch stanic\u00edch unikne do ovzdu\u0161\u00ed!<\/p>\n<p><a href=\"https:\/\/stranapro.cz\/\"><img decoding=\"async\" loading=\"lazy\" class=\"wp-image-30218 aligncenter\" src=\"http:\/\/www.infokuryr.cz\/n\/wp-content\/uploads\/2023\/06\/PRO-banner-300x36.png\" alt=\"\" width=\"1358\" height=\"163\" srcset=\"https:\/\/www.infokuryr.cz\/n\/wp-content\/uploads\/2023\/06\/PRO-banner-300x36.png 300w, https:\/\/www.infokuryr.cz\/n\/wp-content\/uploads\/2023\/06\/PRO-banner-768x93.png 768w, https:\/\/www.infokuryr.cz\/n\/wp-content\/uploads\/2023\/06\/PRO-banner.png 849w\" sizes=\"(max-width: 1358px) 100vw, 1358px\" \/><\/a><\/p>\n<p>I v \u010cesku se za bruselsk\u00e9 dotace vyd\u0159en\u00e9 z kapes \u010desk\u00fdch zam\u011bstnanc\u016f postavilo neuv\u011b\u0159iteln\u00e9 mno\u017estv\u00ed bioplynov\u00fdch stanic!\u00a0<a href=\"https:\/\/www.czba.cz\/mapa-bioplynovych-stanic.html\">Jejich mapa V\u00e1s ohrom\u00ed<\/a>! Tyto \u010desk\u00e9 \u201cbioplynky\u201d vyd\u011bl\u00e1vaj\u00ed jejich vlastn\u00edk\u016fm des\u00edtky milion\u016f ro\u010dn\u011b! V\u011bt\u0161ina z nich stejn\u011b jako v N\u011bmecku pot\u0159ebuje pro v\u00fdrobu dotovan\u00e9 elekt\u0159iny neust\u00e1l\u00fd p\u0159\u00edsun obrovsk\u00fdch objem\u016f kuku\u0159ice, kter\u00e1 se p\u011bstuje za jedin\u00fdm \u00fa\u010delem, aby se stala potravou pro \u201cbioplynky\u201d!<\/p>\n<p><a href=\"https:\/\/www.seznamzpravy.cz\/clanek\/ekonomika-bioplynky-dodavaji-zemedelcum-miliony-navic-vlada-jim-chce-vzit-dotace-187257\">Od roku 2014 se za bruselsk\u00e9 dotace postavily v \u010cR stovky bioplynov\u00fdch stanic<\/a>, kter\u00e9 podle n\u011bmeck\u00fdch v\u011bdeck\u00fdch studi\u00ed masivn\u011b vyvra\u017e\u010fuj\u00ed hmyz, a kter\u00e9 p\u0159e\u017e\u00edvaj\u00ed jen d\u00edky tzv. dota\u010dn\u00edmu zelen\u00e9mu bonusu, kter\u00fd tvo\u0159\u00ed a\u017e 80% jejich p\u0159\u00edjm\u016f, a kter\u00fd se vypl\u00e1c\u00ed v\u0161em \u201cbioplynk\u00e1m\u201d, kter\u00e9 jejich majitel\u00e9 stihnou postavit do konce leto\u0161n\u00edho roku! Fialova vl\u00e1da ve vl\u00e1dn\u00edm prohl\u00e1\u0161en\u00ed sl\u00edbila, \u017ee tyto dotace omez\u00ed. P\u0159\u00edjemci dotac\u00ed ale za\u010dali vl\u00e1d\u011b vyhro\u017eovat soudy, proto\u017ee vl\u00e1da podle nich nem\u016f\u017ee retroaktivn\u011b zm\u011bnit z\u00e1kon, kter\u00fdm \u201cbioplynk\u00e1m\u201d v minulosti dotace p\u0159iznala! Zd\u00e1 se, \u017ee se tak v \u010cR opakuje p\u0159\u00edb\u011bh sol\u00e1rn\u00edch dotac\u00ed, kter\u00e9 tak\u00e9 nikdo nemohl zru\u0161it, proto\u017ee byly uz\u00e1kon\u011bny! \u017de v p\u0159\u00edpad\u011b bioplynov\u00fdch stanic dojde k masivn\u00edmu vyhynut\u00ed v\u010del, zv\u00ed\u0159at, a nakonec i lid\u00ed, evidentn\u011b nikoho v Bruselu, ani jinde nezaj\u00edm\u00e1!\u00a0<a href=\"https:\/\/www.seznamzpravy.cz\/clanek\/ekonomika-bioplynky-dodavaji-zemedelcum-miliony-navic-vlada-jim-chce-vzit-dotace-187257\">Majitel\u00e9 bioplynov\u00fdch stanic dokonce vyhro\u017euj\u00ed Fialov\u011b vl\u00e1d\u011b<\/a>, \u017ee kdy\u017e jim p\u0159estane vypl\u00e1cet zelen\u00fd bonus, tak sv\u00e9 stanice zav\u0159ou, proto\u017ee jejich provoz se jim nevyplat\u00ed ani p\u0159i sou\u010dasn\u00fdch horentn\u00edch cen\u00e1ch elekt\u0159iny. A vl\u00e1da tak nespln\u00ed Bruselsk\u00e9 na\u0159\u00edzen\u00ed vyr\u00e1b\u011bt 40% elekt\u0159iny v \u010cesku z obnoviteln\u00fdch zdroj\u016f, a nahradit spot\u0159ebu rusk\u00e9ho plynu, bioplynem, aby bylo Rusko pora\u017eeno!<\/p>\n<p><a href=\"https:\/\/www.michalapetr.com\/wp-admin\/post.php?post=733&amp;action=edit\">D\u00edky Eurokrat\u016fm tak Evropa dnes za\u017e\u00edv\u00e1 repr\u00edzu slavn\u00e9 \u010d\u00ednsk\u00e9 komedie Mao a Vrabci<\/a>!\u00a0 V roce 1958 prohl\u00e1sil Mao vrabce za symbol imperialismu a na\u0159\u00eddil je v \u010c\u00edn\u011b vyhubit. Kobylky, kter\u00e9 byly hlavn\u00ed potravou vrabc\u016f, se ale p\u0159emno\u017eily, a za\u010daly \u010c\u00ed\u0148an\u016fm pusto\u0161it \u00farodu. Mao nezav\u00e1hal a na\u0159\u00eddil vyhubit imperialistick\u00e9 kobylky. \u010c\u00ed\u0148an\u00e9 se vyzbrojili rozpra\u0161ova\u010di insekticid\u016f a vrhli se na kobylky. Ty, kter\u00e9 p\u0159e\u017eily se ukryly v posledn\u00edch \u010d\u00ednsk\u00fdch les\u00edch a zfanatizovan\u00ed \u010c\u00ed\u0148an\u00e9 se chopili seker, aby imperialistick\u00e9 lesy vyk\u00e1cely a kobylky vyhubily. Mao, kdy\u017e vid\u011bl to b\u011bsn\u011bn\u00ed zfanatizovan\u00fdch dav\u016f, se lekl, \u017ee bude prohl\u00e1\u0161en za dal\u0161\u00edho imperialistu, a proto rychle prohl\u00e1sil vrabce za \u010d\u00ednsk\u00e9 n\u00e1rodn\u00ed hrdiny, a po\u017e\u00e1dal Chru\u0161\u010dova o internacion\u00e1ln\u00ed v\u00fdpomoc rusk\u00fdch vrabc\u016f. Chru\u0161\u010dov proto nechal pochytat 250 tis\u00edc rusk\u00fdch vrabc\u016f a poslal je zachr\u00e1nit \u010c\u00ednu p\u0159ed kobylkami. N\u00e1m nyn\u00ed nezb\u00fdv\u00e1, ne\u017e doufat, \u017ee Putin m\u00e1 dostatek rusk\u00fdch v\u010del, aby n\u00e1m je poslal na pomoc, a\u017e ty na\u0161e Bruselsk\u00e1 komise a jej\u00ed maoisti\u010dt\u00ed p\u0159isluhova\u010di vyvra\u017ed\u00ed, aby v\u00fdrobou Bioplynu oslabili Rusko! V \u010c\u00edn\u011b um\u0159elo hlady v dob\u011b boje s kobylkami a vrabci 45 milion\u016f lid\u00ed. Po p\u0159epo\u010dten\u00ed na sou\u010dasn\u00fd po\u010det obyvatel EU, by tak v Evrop\u011b m\u011blo p\u0159i repr\u00edze komedie doj\u00edt k \u00famrt\u00ed 36 milion\u016f Evropan\u016f!<\/p>\n<p>Jak vid\u00edte v Bruselu s\u00eddl\u00ed sam\u00ed \u0161\u00edlenci.\u00a0<em>Ostatn\u011b pr\u00e1v\u011b proto soud\u00edm, \u017ee Bruxelae mus\u00ed b\u00fdt zni\u010deno je\u0161t\u011b d\u0159\u00edv, ne\u017e n\u00e1s svou politikou samo zni\u010d\u00ed<\/em>!<\/p>\n<p style=\"text-align: left;\"><a href=\"https:\/\/www.michalapetr.com\/map-1733-sok-eu-planuje-vyhubit-vcely-aby-porazila-rusko-a-putina-albert-einstein-kdyz-vyhynou-vcely-do-ctyr-let-vymreme\/\">Michael Svato\u0161<\/a><\/p>\n<p><img decoding=\"async\" loading=\"lazy\" class=\"alignnone size-full wp-image-27204\" src=\"http:\/\/www.infokuryr.cz\/n\/wp-content\/uploads\/2023\/05\/Michael_Svatos.png\" alt=\"\" width=\"180\" height=\"180\" srcset=\"https:\/\/www.infokuryr.cz\/n\/wp-content\/uploads\/2023\/05\/Michael_Svatos.png 180w, https:\/\/www.infokuryr.cz\/n\/wp-content\/uploads\/2023\/05\/Michael_Svatos-150x150.png 150w\" sizes=\"(max-width: 180px) 100vw, 180px\" \/><\/p>\n<p>&nbsp;<\/p>\n<p><a href=\"https:\/\/stranapro.cz\/\"><img decoding=\"async\" loading=\"lazy\" class=\"wp-image-30218 aligncenter\" src=\"http:\/\/www.infokuryr.cz\/n\/wp-content\/uploads\/2023\/06\/PRO-banner-300x36.png\" alt=\"\" width=\"1358\" height=\"163\" srcset=\"https:\/\/www.infokuryr.cz\/n\/wp-content\/uploads\/2023\/06\/PRO-banner-300x36.png 300w, https:\/\/www.infokuryr.cz\/n\/wp-content\/uploads\/2023\/06\/PRO-banner-768x93.png 768w, https:\/\/www.infokuryr.cz\/n\/wp-content\/uploads\/2023\/06\/PRO-banner.png 849w\" sizes=\"(max-width: 1358px) 100vw, 1358px\" \/><\/a><\/p>\n<p>&nbsp;<\/p>\n<p>&nbsp;<\/p>\n<p>&nbsp;<\/p>\n","protected":false},"excerpt":{"rendered":"<p>Albert Einstein:\u00a0Kdy\u017e vyhynou v\u010dely, do \u010dty\u0159 let vym\u0159eme!\u00a0 V roce 2022 varovalo Ministerstvo zem\u011bd\u011blstv\u00ed USA&#8230;<\/p>\n","protected":false},"author":2,"featured_media":32556,"comment_status":"closed","ping_status":"closed","sticky":false,"template":"","format":"standard","meta":[],"categories":[6],"tags":[1042,41,229,29,5397,5514],"_links":{"self":[{"href":"https:\/\/www.infokuryr.cz\/n\/wp-json\/wp\/v2\/posts\/32555"}],"collection":[{"href":"https:\/\/www.infokuryr.cz\/n\/wp-json\/wp\/v2\/posts"}],"about":[{"href":"https:\/\/www.infokuryr.cz\/n\/wp-json\/wp\/v2\/types\/post"}],"author":[{"embeddable":true,"href":"https:\/\/www.infokuryr.cz\/n\/wp-json\/wp\/v2\/users\/2"}],"replies":[{"embeddable":true,"href":"https:\/\/www.infokuryr.cz\/n\/wp-json\/wp\/v2\/comments?post=32555"}],"version-history":[{"count":0,"href":"https:\/\/www.infokuryr.cz\/n\/wp-json\/wp\/v2\/posts\/32555\/revisions"}],"wp:featuredmedia":[{"embeddable":true,"href":"https:\/\/www.infokuryr.cz\/n\/wp-json\/wp\/v2\/media\/32556"}],"wp:attachment":[{"href":"https:\/\/www.infokuryr.cz\/n\/wp-json\/wp\/v2\/media?parent=32555"}],"wp:term":[{"taxonomy":"category","embeddable":true,"href":"https:\/\/www.infokuryr.cz\/n\/wp-json\/wp\/v2\/categories?post=32555"},{"taxonomy":"post_tag","embeddable":true,"href":"https:\/\/www.infokuryr.cz\/n\/wp-json\/wp\/v2\/tags?post=32555"}],"curies":[{"name":"wp","href":"https:\/\/api.w.org\/{rel}","templated":true}]}}