{"id":3254,"date":"2021-07-12T03:28:32","date_gmt":"2021-07-12T01:28:32","guid":{"rendered":"http:\/\/www.infokuryr.cz\/n\/?p=3254"},"modified":"2021-07-12T03:28:32","modified_gmt":"2021-07-12T01:28:32","slug":"rakousky-kancler-kurz-je-lhar-a-podvodnik-ve-skutecnosti-masovou-migraci-podporuje","status":"publish","type":"post","link":"https:\/\/www.infokuryr.cz\/n\/2021\/07\/12\/rakousky-kancler-kurz-je-lhar-a-podvodnik-ve-skutecnosti-masovou-migraci-podporuje\/","title":{"rendered":"Rakousk\u00fd kancl\u00e9\u0159 Kurz je lh\u00e1\u0159 a podvodn\u00edk! Ve skute\u010dnosti masovou migraci podporuje"},"content":{"rendered":"<div id=\"fb-root\"><\/div>\n<div><strong>Od na\u0161i dopisovatelky z N\u011bmecka M.R. N\u011bco ke Kurzovi, kter\u00fd je kam v\u00edtr, tam pl\u00e1\u0161\u0165. V roce 2014, kdy byl Sebastian Kurz ministrem zahrani\u010d\u00ed, prosazoval ve velk\u00e9m migraci:\u00a0Stru\u010dn\u011b \u0159e\u010deno: \u201eM\u00e1me p\u0159\u00edli\u0161 m\u00e1lo v\u00edtac\u00ed kultury\u201c!\u00a0Rozjel velkou integra\u010dn\u00ed kampa\u0148, aby se migranti c\u00edtili v Rakousku jako doma, pod n\u00e1zvem:&#8220;#stolzdrauf&#8220;\u00a0A nyn\u00ed p\u00e1r \u010d\u00edsel, kdy\u017e te\u010f Kurz, po vra\u017ed\u011b mal\u00e9 Leonie, zase h\u0159\u00edm\u00e1, \u017ee se mus\u00ed zp\u0159\u00edsnit tresty pro migranty co p\u00e1chaj\u00ed na \u00fazem\u00ed Rakouska trestn\u00e9 \u010diny a mus\u00ed b\u00fdt co nejrychleji odsunuti zp\u011bt do sv\u00fdch zem\u00ed.\u00a0<\/strong><\/div>\n<div><\/div>\n<div>V p\u0159edchoz\u00edm roce se trestn\u00e9ho \u010dinu dopustilo 4788 Afgh\u00e1nc\u016f, 47 z\u00a0 t\u011bchto trestn\u00fdch \u010din\u016f se t\u00fdkalo zn\u00e1siln\u011bn\u00ed! To je 11x v\u00edce ne\u017e zn\u00e1siln\u011bn\u00ed Raku\u0161\u00e1ky.<\/div>\n<div><\/div>\n<div>K dne\u0161n\u00edmu dni \u010dek\u00e1 v Rakousku na odsun 3600 Afgh\u00e1nc\u016f, polovina z nich za opakovan\u00e9 poru\u0161en\u00ed z\u00e1kona. Cel\u00e1 jedna t\u0159etina z nich na odsun \u010dek\u00e1 u\u017e d\u00e9le ne\u017e 4 roky a to d\u00edky neziskov\u00fdm organizac\u00edm kter\u00e1 jim plat\u00ed advok\u00e1ty a kter\u00e9 tak \u0161t\u011bd\u0159e podporuje Kurzova vl\u00e1da. Kurzova vl\u00e1da, kter\u00e1 se dostala k moci podvodem\u00a0 (Af\u00e9ra Ibiza), a kter\u00e9 odm\u00edtla podporu Svobodn\u00fdch a \u0161la do spojen\u00ed se Zelen\u00fdmi.<\/div>\n<div><\/div>\n<div>Se\u010dteno, podtr\u017eeno, Kurz je lh\u00e1\u0159 a podvodn\u00edk, alibista a i on m\u00e1 na rukou krev v\u0161ech zavra\u017ed\u011bn\u00fdch migranty.<\/div>\n<div><\/div>\n<div><a href=\"https:\/\/www.diepresse.com\">ZDROJ<\/a><\/div>\n","protected":false},"excerpt":{"rendered":"<p>Od na\u0161i dopisovatelky z N\u011bmecka M.R. N\u011bco ke Kurzovi, kter\u00fd je kam v\u00edtr, tam pl\u00e1\u0161\u0165&#8230;.<\/p>\n","protected":false},"author":2,"featured_media":462,"comment_status":"closed","ping_status":"closed","sticky":false,"template":"","format":"standard","meta":[],"categories":[7],"tags":[567,369,154,120],"_links":{"self":[{"href":"https:\/\/www.infokuryr.cz\/n\/wp-json\/wp\/v2\/posts\/3254"}],"collection":[{"href":"https:\/\/www.infokuryr.cz\/n\/wp-json\/wp\/v2\/posts"}],"about":[{"href":"https:\/\/www.infokuryr.cz\/n\/wp-json\/wp\/v2\/types\/post"}],"author":[{"embeddable":true,"href":"https:\/\/www.infokuryr.cz\/n\/wp-json\/wp\/v2\/users\/2"}],"replies":[{"embeddable":true,"href":"https:\/\/www.infokuryr.cz\/n\/wp-json\/wp\/v2\/comments?post=3254"}],"version-history":[{"count":0,"href":"https:\/\/www.infokuryr.cz\/n\/wp-json\/wp\/v2\/posts\/3254\/revisions"}],"wp:featuredmedia":[{"embeddable":true,"href":"https:\/\/www.infokuryr.cz\/n\/wp-json\/wp\/v2\/media\/462"}],"wp:attachment":[{"href":"https:\/\/www.infokuryr.cz\/n\/wp-json\/wp\/v2\/media?parent=3254"}],"wp:term":[{"taxonomy":"category","embeddable":true,"href":"https:\/\/www.infokuryr.cz\/n\/wp-json\/wp\/v2\/categories?post=3254"},{"taxonomy":"post_tag","embeddable":true,"href":"https:\/\/www.infokuryr.cz\/n\/wp-json\/wp\/v2\/tags?post=3254"}],"curies":[{"name":"wp","href":"https:\/\/api.w.org\/{rel}","templated":true}]}}