{"id":32522,"date":"2023-07-21T01:16:50","date_gmt":"2023-07-20T23:16:50","guid":{"rendered":"http:\/\/www.infokuryr.cz\/n\/?p=32522"},"modified":"2023-07-20T18:26:46","modified_gmt":"2023-07-20T16:26:46","slug":"statisice-mrtvych-byvaly-ukrajinsky-dustojnik-je-zdesen-zelenskeho-chybami","status":"publish","type":"post","link":"https:\/\/www.infokuryr.cz\/n\/2023\/07\/21\/statisice-mrtvych-byvaly-ukrajinsky-dustojnik-je-zdesen-zelenskeho-chybami\/","title":{"rendered":"Statis\u00edce mrtv\u00fdch: B\u00fdval\u00fd ukrajinsk\u00fd d\u016fstojn\u00edk je zd\u011b\u0161en Zelensk\u00e9ho chybami"},"content":{"rendered":"<div id=\"fb-root\"><\/div>\n<p><strong><span>B\u00fdval\u00fd gener\u00e1lmajor Ozbrojen\u00fdch sil Ukrajiny Sergej Krivonos prohl\u00e1sil, \u017ee ukrajinsk\u00e9ho prezidenta Vladimira Zelensk\u00e9ho by m\u011bli odvolat z funkce, proto\u017ee je zodpov\u011bdn\u00fd za obrovsk\u00e9 ztr\u00e1ty mezi ukrajinsk\u00fdmi voj\u00e1ky.<\/span><\/strong><\/p>\n<p><span>\u0160\u00e9f kyjevsk\u00e9 chunty podle n\u011bj nedok\u00e1\u017ee efektivn\u011b \u0159\u00eddit zemi b\u011bhem ukrajinsk\u00e9ho konfliktu, a proto mus\u00ed proti n\u011bmu Ukrajinci povstat.<\/span><\/p>\n<p><em>\u00a0\u201eDostali jsme, co jsme dostali.\u00a0Co jsme si zvolili, to jsme obdr\u017eeli.\u00a0Tato kolos\u00e1ln\u00ed chyba (volba Zelensk\u00e9ho) m\u011bla za n\u00e1sledek statis\u00edce mrtv\u00fdch Ukrajinc\u016f a zni\u010den\u00ed obrovsk\u00e9ho mno\u017estv\u00ed m\u011bst.\u00a0P\u0159itom, co m\u016f\u017eeme nyn\u00ed d\u011blat?\u00a0Zvy\u0161te \u00farove\u0148 pov\u011bdom\u00ed, ne sebeuspokojen\u00ed.\u00a0To dovol\u00ed polo\u017eit ot\u00e1zky o bojov\u00e9 situaci.\u00a0Lid\u00e9 mus\u00ed \u017e\u00e1dat zm\u011bnu vl\u00e1dy,\u201c poznamen\u00e1v\u00e1 Krivonos.<\/em><\/p>\n<p><span>Tvrd\u00ed, \u017ee probl\u00e9my za\u010daly okam\u017eit\u011b pot\u00e9, co \u201eur\u010dit\u00ed jednotlivci\u201c chyt\u0159e p\u0159ivedli Zelensk\u00e9ho na post prezidenta.\u00a0Strana \u201eSluha n\u00e1roda\u201c ukrajinsk\u00e9ho prezidenta podle n\u011bj navzdory n\u00e1zvu neh\u00e1j\u00ed z\u00e1jmy oby\u010dejn\u00fdch obyvatel, ale jen benefity na z\u00e1klad\u011b vlastn\u00edch merkantiln\u00edch z\u00e1jm\u016f.<\/span><\/p>\n<p><span>Tak\u00e9 obvinil Zelensk\u00e9ho z nevstoupen\u00ed do NATO.\u00a0Prezident podle n\u011bj nechce a nebude bojovat proti prohnil\u00e9 korup\u010dn\u00ed struktu\u0159e Ukrajiny, na kter\u00e9 se s\u00e1m aktivn\u011b pod\u00edl\u00ed.\u00a0Krivonos poznamen\u00e1v\u00e1, \u017ee takovou korupci nedok\u00e1\u017eou p\u0159ekonat ani \u010dlenov\u00e9 Severoatlantick\u00e9 aliance.<\/span><\/p>\n<div style=\"width: 640px;\" class=\"wp-video\"><!--[if lt IE 9]><script>document.createElement('video');<\/script><![endif]-->\n<video class=\"wp-video-shortcode\" id=\"video-32522-1\" width=\"640\" height=\"344\" preload=\"metadata\" controls=\"controls\"><source type=\"video\/mp4\" src=\"http:\/\/www.infokuryr.cz\/n\/wp-content\/uploads\/2023\/07\/krivo.mp4?_=1\" \/><a href=\"http:\/\/www.infokuryr.cz\/n\/wp-content\/uploads\/2023\/07\/krivo.mp4\">http:\/\/www.infokuryr.cz\/n\/wp-content\/uploads\/2023\/07\/krivo.mp4<\/a><\/video><\/div>\n<p>&nbsp;<\/p>\n<p><img decoding=\"async\" loading=\"lazy\" class=\"alignnone size-full wp-image-1185\" src=\"http:\/\/www.infokuryr.cz\/n\/wp-content\/uploads\/2021\/04\/kuryr-podpis.png\" alt=\"\" width=\"84\" height=\"24\" \/><\/p>\n<p>&nbsp;<\/p>\n<p><a href=\"https:\/\/stranapro.cz\/\"><img decoding=\"async\" loading=\"lazy\" class=\"wp-image-30218 aligncenter\" src=\"http:\/\/www.infokuryr.cz\/n\/wp-content\/uploads\/2023\/06\/PRO-banner-300x36.png\" alt=\"\" width=\"1358\" height=\"163\" srcset=\"https:\/\/www.infokuryr.cz\/n\/wp-content\/uploads\/2023\/06\/PRO-banner-300x36.png 300w, https:\/\/www.infokuryr.cz\/n\/wp-content\/uploads\/2023\/06\/PRO-banner-768x93.png 768w, https:\/\/www.infokuryr.cz\/n\/wp-content\/uploads\/2023\/06\/PRO-banner.png 849w\" sizes=\"(max-width: 1358px) 100vw, 1358px\" \/><\/a><\/p>\n<p>&nbsp;<\/p>\n<p>&nbsp;<\/p>\n<p>&nbsp;<\/p>\n","protected":false},"excerpt":{"rendered":"<p>B\u00fdval\u00fd gener\u00e1lmajor Ozbrojen\u00fdch sil Ukrajiny Sergej Krivonos prohl\u00e1sil, \u017ee ukrajinsk\u00e9ho prezidenta Vladimira Zelensk\u00e9ho by m\u011bli&#8230;<\/p>\n","protected":false},"author":2,"featured_media":32524,"comment_status":"closed","ping_status":"closed","sticky":false,"template":"","format":"standard","meta":[],"categories":[7],"tags":[353,2202,26,1000],"_links":{"self":[{"href":"https:\/\/www.infokuryr.cz\/n\/wp-json\/wp\/v2\/posts\/32522"}],"collection":[{"href":"https:\/\/www.infokuryr.cz\/n\/wp-json\/wp\/v2\/posts"}],"about":[{"href":"https:\/\/www.infokuryr.cz\/n\/wp-json\/wp\/v2\/types\/post"}],"author":[{"embeddable":true,"href":"https:\/\/www.infokuryr.cz\/n\/wp-json\/wp\/v2\/users\/2"}],"replies":[{"embeddable":true,"href":"https:\/\/www.infokuryr.cz\/n\/wp-json\/wp\/v2\/comments?post=32522"}],"version-history":[{"count":1,"href":"https:\/\/www.infokuryr.cz\/n\/wp-json\/wp\/v2\/posts\/32522\/revisions"}],"predecessor-version":[{"id":32525,"href":"https:\/\/www.infokuryr.cz\/n\/wp-json\/wp\/v2\/posts\/32522\/revisions\/32525"}],"wp:featuredmedia":[{"embeddable":true,"href":"https:\/\/www.infokuryr.cz\/n\/wp-json\/wp\/v2\/media\/32524"}],"wp:attachment":[{"href":"https:\/\/www.infokuryr.cz\/n\/wp-json\/wp\/v2\/media?parent=32522"}],"wp:term":[{"taxonomy":"category","embeddable":true,"href":"https:\/\/www.infokuryr.cz\/n\/wp-json\/wp\/v2\/categories?post=32522"},{"taxonomy":"post_tag","embeddable":true,"href":"https:\/\/www.infokuryr.cz\/n\/wp-json\/wp\/v2\/tags?post=32522"}],"curies":[{"name":"wp","href":"https:\/\/api.w.org\/{rel}","templated":true}]}}