{"id":32446,"date":"2023-07-20T01:18:26","date_gmt":"2023-07-19T23:18:26","guid":{"rendered":"http:\/\/www.infokuryr.cz\/n\/?p=32446"},"modified":"2023-07-19T19:19:01","modified_gmt":"2023-07-19T17:19:01","slug":"americky-soudce-bidenova-vlada-jednala-jako-orwellovske-ministerstvo-pravdy","status":"publish","type":"post","link":"https:\/\/www.infokuryr.cz\/n\/2023\/07\/20\/americky-soudce-bidenova-vlada-jednala-jako-orwellovske-ministerstvo-pravdy\/","title":{"rendered":"Americk\u00fd soudce: Bidenova vl\u00e1da \u201ejednala jako orwellovsk\u00e9 ministerstvo pravdy\u201c"},"content":{"rendered":"<div id=\"fb-root\"><\/div>\n<p><span style=\"font-size: 18pt;\"><strong>Rozhodnut\u00ed soudu v Missouri na\u0159\u00eddilo Bidenov\u011b vl\u00e1d\u011b, aby p\u0159estala manipulovat s obsahem na platform\u00e1ch soci\u00e1ln\u00edch m\u00e9di\u00ed.\u00a0Kritici na obou stran\u00e1ch nyn\u00ed k\u0159i\u010d\u00ed.<\/strong><\/span><\/p>\n<p>Feder\u00e1ln\u00ed soudce v Louisian\u011b zak\u00e1zal n\u011bkter\u00fdm \u00fa\u0159edn\u00edk\u016fm Bidenovy administrativy kontaktovat platformy soci\u00e1ln\u00edch m\u00e9di\u00ed za \u00fa\u010delem moderov\u00e1n\u00ed obsahu.\u00a0Kritici tvrd\u00ed, \u017ee by to mohlo brzdit \u00fasil\u00ed v boji proti \u0161\u00ed\u0159en\u00ed dezinformac\u00ed p\u0159ed americk\u00fdmi prezidentsk\u00fdmi volbami v roce 2024.<\/p>\n<p>Ve\u00a0<a href=\"https:\/\/ago.mo.gov\/docs\/default-source\/press-releases\/missouri-v-biden-ruling.pdf\">155str\u00e1nkov\u00e9m rozsudku<\/a>\u00a0zve\u0159ejn\u011bn\u00e9m tento m\u011bs\u00edc Terry Doughty \u2013 soudce jmenovan\u00fd b\u00fdval\u00fdm americk\u00fdm prezidentem Donaldem Trumpem \u2013 omezil vl\u00e1dn\u00ed dohled nad obsahem spole\u010dnost\u00ed soci\u00e1ln\u00edch m\u00e9di\u00ed obsahuj\u00edc\u00edm \u201echr\u00e1n\u011bnou svobodu projevu\u201c.<\/p>\n<p>Rozhodnut\u00ed p\u0159i\u0161lo v n\u00e1vaznosti na \u017ealobu republik\u00e1nsk\u00fdch gener\u00e1ln\u00edch prokur\u00e1tor\u016f v Louisian\u011b a Missouri, kter\u00e1 tvrdila, \u017ee ameri\u010dt\u00ed feder\u00e1ln\u00ed \u00fa\u0159edn\u00edci se pokou\u0161eli uml\u010det konzervativn\u00ed n\u00e1zory online pod rou\u0161kou omezov\u00e1n\u00ed dezinformac\u00ed.<\/p>\n<p>&#8222;Dosud p\u0159edlo\u017een\u00e9 d\u016fkazy ukazuj\u00ed t\u00e9m\u011b\u0159 dystopick\u00fd sc\u00e9n\u00e1\u0159,&#8220; \u0159ekl Doughty.\u00a0Dodal, \u017ee snahy o uspo\u0159\u00e1d\u00e1n\u00ed online debaty, zejm\u00e9na v souvislosti s pandemi\u00ed COVID-19, vedly k tomu, \u017ee vl\u00e1da Spojen\u00fdch st\u00e1t\u016f p\u0159evzala \u201eroli podobnou roli orwellovsk\u00e9ho ministerstva pravdy\u201c.<\/p>\n<p>Soudce v\u0161ak uvedl, \u017ee vl\u00e1dn\u00ed \u00fa\u0159edn\u00edci maj\u00ed st\u00e1le mo\u017enost po\u017e\u00e1dat spole\u010dnosti soci\u00e1ln\u00edch m\u00e9di\u00ed o moderov\u00e1n\u00ed v trestn\u00edch p\u0159\u00edpadech a v p\u0159\u00edpadech, kdy je ohro\u017eena n\u00e1rodn\u00ed bezpe\u010dnost.<\/p>\n<p>Ve sv\u00e9m rozhodnut\u00ed se Doughty tak\u00e9 zm\u00ednil o n\u011bkolika sporech mezi vl\u00e1dn\u00edmi \u00fa\u0159edn\u00edky a velk\u00fdmi technologiemi \u2013 v\u010detn\u011b t\u00e9, ve kter\u00e9 si b\u00fdval\u00fd \u0159editel digit\u00e1ln\u00ed strategie B\u00edl\u00e9ho domu Rob Flaherty st\u011b\u017eoval Googlu, \u017ee n\u011bkter\u00fd obsah YouTube uv\u00e1d\u00ed lidi v omyl informacemi \u201ePr\u016fvodce\u201c o vakc\u00edn\u00e1ch.\u00a0Flaherty napsal v e-mailu, \u017ee tato obava je sd\u00edlena \u201ena nejvy\u0161\u0161\u00ed, a mysl\u00edm nejvy\u0161\u0161\u00ed, \u00farovni\u201c v B\u00edl\u00e9m dom\u011b.<\/p>\n<p>Ale Nina Jankowicz, takzvan\u00e1 specialistka na boj proti dezinforma\u010dn\u00edm kampan\u00edm, uvedla, \u017ee rozsudek p\u0159edstavuje \u201evyzbrojen\u00ed\u201c feder\u00e1ln\u00edho soudn\u00edho syst\u00e9mu.\u00a0&#8222;Je to z\u00e1m\u011brn\u00fd a \u00fa\u010delov\u00fd krok k naru\u0161en\u00ed pr\u00e1ce, kterou je t\u0159eba ud\u011blat p\u0159ed volbami v roce 2024, a je to opravdu d\u011bsiv\u00e9,&#8220; \u0159ekla podle\u00a0<em>The Guardian<\/em>\u00a0.<\/p>\n<p>Jankowicz tak\u00e9 tvrdil, \u017ee \u201enic z toho, co vl\u00e1da ud\u011blala, nen\u00ed ve skute\u010dnosti cenzura\u201c a \u017ee \u201epro Spojen\u00e9 st\u00e1ty je skute\u010dn\u011b ponur\u00fdm okam\u017eikem, \u017ee je uz\u00e1kon\u011bn tak rozs\u00e1hl\u00fd soudn\u00ed p\u0159\u00edkaz\u201c.<\/p>\n<p>Jin\u00ed, v\u010detn\u011b americk\u00e9ho sen\u00e1tora z Missouri Erica Schmitta, nesouhlas\u00ed.\u00a0Schmitt, kter\u00fd byl jedn\u00edm z inici\u00e1tor\u016f \u017ealoby, ozna\u010dil rozsudek za \u201evelk\u00e9 v\u00edt\u011bzstv\u00ed prvn\u00edho dodatku a r\u00e1nu cenzu\u0159e\u201c.<\/p>\n<p><em>Pozn\u00e1mka: Prvn\u00ed dodatek chr\u00e1n\u00ed svobodu slova ve Spojen\u00fdch st\u00e1tech.<\/em><\/p>\n<p>B\u00edl\u00fd d\u016fm ozn\u00e1mil, \u017ee americk\u00e9 ministerstvo spravedlnosti verdikt p\u0159ezkoum\u00e1.\u00a0Dodal, \u017ee spole\u010dnosti soci\u00e1ln\u00edch m\u00e9di\u00ed \u201enesou velkou odpov\u011bdnost za zv\u00e1\u017een\u00ed dopadu sv\u00fdch platforem na americk\u00fd lid\u201c.<\/p>\n<p><img decoding=\"async\" loading=\"lazy\" class=\"alignnone size-full wp-image-1185\" src=\"http:\/\/www.infokuryr.cz\/n\/wp-content\/uploads\/2021\/04\/kuryr-podpis.png\" alt=\"\" width=\"84\" height=\"24\" \/><\/p>\n<p>&nbsp;<\/p>\n<p><a href=\"https:\/\/stranapro.cz\/\"><img decoding=\"async\" loading=\"lazy\" class=\"wp-image-30218 aligncenter\" src=\"http:\/\/www.infokuryr.cz\/n\/wp-content\/uploads\/2023\/06\/PRO-banner-300x36.png\" alt=\"\" width=\"1358\" height=\"163\" srcset=\"https:\/\/www.infokuryr.cz\/n\/wp-content\/uploads\/2023\/06\/PRO-banner-300x36.png 300w, https:\/\/www.infokuryr.cz\/n\/wp-content\/uploads\/2023\/06\/PRO-banner-768x93.png 768w, https:\/\/www.infokuryr.cz\/n\/wp-content\/uploads\/2023\/06\/PRO-banner.png 849w\" sizes=\"(max-width: 1358px) 100vw, 1358px\" \/><\/a><\/p>\n<p>&nbsp;<\/p>\n<p>&nbsp;<\/p>\n<p>&nbsp;<\/p>\n","protected":false},"excerpt":{"rendered":"<p>Rozhodnut\u00ed soudu v Missouri na\u0159\u00eddilo Bidenov\u011b vl\u00e1d\u011b, aby p\u0159estala manipulovat s obsahem na platform\u00e1ch soci\u00e1ln\u00edch&#8230;<\/p>\n","protected":false},"author":2,"featured_media":17068,"comment_status":"closed","ping_status":"closed","sticky":false,"template":"","format":"standard","meta":[],"categories":[7],"tags":[520,2869,553,37],"_links":{"self":[{"href":"https:\/\/www.infokuryr.cz\/n\/wp-json\/wp\/v2\/posts\/32446"}],"collection":[{"href":"https:\/\/www.infokuryr.cz\/n\/wp-json\/wp\/v2\/posts"}],"about":[{"href":"https:\/\/www.infokuryr.cz\/n\/wp-json\/wp\/v2\/types\/post"}],"author":[{"embeddable":true,"href":"https:\/\/www.infokuryr.cz\/n\/wp-json\/wp\/v2\/users\/2"}],"replies":[{"embeddable":true,"href":"https:\/\/www.infokuryr.cz\/n\/wp-json\/wp\/v2\/comments?post=32446"}],"version-history":[{"count":1,"href":"https:\/\/www.infokuryr.cz\/n\/wp-json\/wp\/v2\/posts\/32446\/revisions"}],"predecessor-version":[{"id":32447,"href":"https:\/\/www.infokuryr.cz\/n\/wp-json\/wp\/v2\/posts\/32446\/revisions\/32447"}],"wp:featuredmedia":[{"embeddable":true,"href":"https:\/\/www.infokuryr.cz\/n\/wp-json\/wp\/v2\/media\/17068"}],"wp:attachment":[{"href":"https:\/\/www.infokuryr.cz\/n\/wp-json\/wp\/v2\/media?parent=32446"}],"wp:term":[{"taxonomy":"category","embeddable":true,"href":"https:\/\/www.infokuryr.cz\/n\/wp-json\/wp\/v2\/categories?post=32446"},{"taxonomy":"post_tag","embeddable":true,"href":"https:\/\/www.infokuryr.cz\/n\/wp-json\/wp\/v2\/tags?post=32446"}],"curies":[{"name":"wp","href":"https:\/\/api.w.org\/{rel}","templated":true}]}}