{"id":32403,"date":"2023-07-19T11:06:43","date_gmt":"2023-07-19T09:06:43","guid":{"rendered":"http:\/\/www.infokuryr.cz\/n\/?p=32403"},"modified":"2023-07-19T11:06:43","modified_gmt":"2023-07-19T09:06:43","slug":"izraelske-nalety-miri-na-syrske-hlavni-mesto","status":"publish","type":"post","link":"https:\/\/www.infokuryr.cz\/n\/2023\/07\/19\/izraelske-nalety-miri-na-syrske-hlavni-mesto\/","title":{"rendered":"Izraelsk\u00e9 n\u00e1lety m\u00ed\u0159\u00ed na syrsk\u00e9 hlavn\u00ed m\u011bsto"},"content":{"rendered":"<div id=\"fb-root\"><\/div>\n<p><span style=\"font-size: 18pt;\"><strong>Protivzdu\u0161n\u00e1 obrana reagovala na st\u0159ely v okol\u00ed Dama\u0161ku<\/strong><\/span><\/p>\n<p><span>Protivzdu\u0161n\u00e1 obrana kolem Dama\u0161ku byla aktivov\u00e1na ve st\u0159edu brzy, aby odrazila raketov\u00fd \u00fatok z Izraele, uvedla syrsk\u00e1 tiskov\u00e1 agentura SANA.<\/span><\/p>\n<p><span>\u201e Izraelsk\u00fd\u00a0<\/span><em><span>raketov\u00fd \u00fatok\u201c<\/span><\/em><span>\u00a0zam\u00ed\u0159il na n\u011bkolik m\u00edst\u00a0<\/span><em><span>\u201ev bl\u00edzkosti\u201c<\/span><\/em><span>\u00a0Dama\u0161ku, uvedla SANA s odkazem na syrsk\u00e9 vojensk\u00e9 zdroje.\u00a0\u00datok za\u010dal asi 25 minut po p\u016flnoci raketami p\u0159ich\u00e1zej\u00edc\u00edmi ze sm\u011bru okupovan\u00fdch Golansk\u00fdch v\u00fd\u0161in.<\/span><\/p>\n<p><span>Syrsk\u00e1 protivzdu\u0161n\u00e1 obrana\u00a0<\/span><em><span>\u201ezachytila \u200b\u200brakety a v\u011bt\u0161inu z nich sest\u0159elila\u201c,<\/span><\/em><span>\u00a0uvedl zdroj SANA, ale ty, kter\u00e9 pro\u0161ly,\u00a0<\/span><em><span>\u201em\u011bly za n\u00e1sledek zran\u011bn\u00ed dvou voj\u00e1k\u016f a ur\u010dit\u00e9 \u0161kody na majetku\u201c.<\/span><\/em><\/p>\n<p><span>Podle Jerusalem Post jde o prvn\u00ed izraelsk\u00fd \u00fatok na S\u00fdrii za dva t\u00fddny.\u00a0Za\u010d\u00e1tkem \u010dervence trysky IDF bombardovaly c\u00edle v provincii Homs a zas\u00e1hly baterii protivzdu\u0161n\u00e9 obrany pobl\u00ed\u017e Golansk\u00fdch v\u00fd\u0161in.\u00a0\u00a0<\/span><\/p>\n<p><span>Posledn\u00ed \u00fader na Dama\u0161ek byl p\u0159ed v\u00edce ne\u017e m\u011bs\u00edcem a v\u00e1\u017en\u011b zranil syrsk\u00e9ho voj\u00e1ka mimo hlavn\u00ed m\u011bsto.<\/span><\/p>\n<p><span>Izraelsk\u00e9 obrann\u00e9 s\u00edly nekomentuj\u00ed \u00fatoky v souladu se svou dlouhodobou politikou neprojedn\u00e1vat operace prov\u00e1d\u011bn\u00e9 mimo zemi.\u00a0Izraelsk\u00e1 v\u00e1le\u010dn\u00e1 letadla v uplynul\u00e9m desetilet\u00ed opakovan\u011b bombardovala c\u00edle v S\u00fdrii a premi\u00e9r Benjamin Netanjahu jednou uznal, \u017ee do\u0161lo ke\u00a0<\/span><em><span>\u201estovk\u00e1m\u201c<\/span><\/em><span>\u00a0\u00fatok\u016f.<\/span><\/p>\n<p><span>Ve vz\u00e1cn\u00fdch p\u0159\u00edpadech IDF komentuj\u00ed \u00fatoky a tvrd\u00ed, \u017ee zasahuj\u00ed \u00edr\u00e1nsk\u00e9 c\u00edle a c\u00edle Hizball\u00e1hu v preventivn\u00edch sebeobrann\u00fdch operac\u00edch proti rostouc\u00edmu vlivu Teher\u00e1nu v S\u00fdrii.\u00a0Dama\u0161ek proti n\u00e1let\u016fm opakovan\u011b protestoval jako poru\u0161en\u00ed syrsk\u00e9 suverenity a mezin\u00e1rodn\u00edho pr\u00e1va, a to s mal\u00fdm efektem.<\/span><\/p>\n<p><img decoding=\"async\" loading=\"lazy\" class=\"alignnone size-full wp-image-1185\" src=\"http:\/\/www.infokuryr.cz\/n\/wp-content\/uploads\/2021\/04\/kuryr-podpis.png\" alt=\"\" width=\"84\" height=\"24\" \/><\/p>\n<p>&nbsp;<\/p>\n<p><a href=\"https:\/\/stranapro.cz\/\"><img decoding=\"async\" loading=\"lazy\" class=\"wp-image-30218 aligncenter\" src=\"http:\/\/www.infokuryr.cz\/n\/wp-content\/uploads\/2023\/06\/PRO-banner-300x36.png\" alt=\"\" width=\"1358\" height=\"163\" srcset=\"https:\/\/www.infokuryr.cz\/n\/wp-content\/uploads\/2023\/06\/PRO-banner-300x36.png 300w, https:\/\/www.infokuryr.cz\/n\/wp-content\/uploads\/2023\/06\/PRO-banner-768x93.png 768w, https:\/\/www.infokuryr.cz\/n\/wp-content\/uploads\/2023\/06\/PRO-banner.png 849w\" sizes=\"(max-width: 1358px) 100vw, 1358px\" \/><\/a><\/p>\n<p>&nbsp;<\/p>\n<p>&nbsp;<\/p>\n<p>&nbsp;<\/p>\n","protected":false},"excerpt":{"rendered":"<p>Protivzdu\u0161n\u00e1 obrana reagovala na st\u0159ely v okol\u00ed Dama\u0161ku Protivzdu\u0161n\u00e1 obrana kolem Dama\u0161ku byla aktivov\u00e1na ve&#8230;<\/p>\n","protected":false},"author":2,"featured_media":32404,"comment_status":"closed","ping_status":"closed","sticky":false,"template":"","format":"standard","meta":[],"categories":[7],"tags":[107,3535,147],"_links":{"self":[{"href":"https:\/\/www.infokuryr.cz\/n\/wp-json\/wp\/v2\/posts\/32403"}],"collection":[{"href":"https:\/\/www.infokuryr.cz\/n\/wp-json\/wp\/v2\/posts"}],"about":[{"href":"https:\/\/www.infokuryr.cz\/n\/wp-json\/wp\/v2\/types\/post"}],"author":[{"embeddable":true,"href":"https:\/\/www.infokuryr.cz\/n\/wp-json\/wp\/v2\/users\/2"}],"replies":[{"embeddable":true,"href":"https:\/\/www.infokuryr.cz\/n\/wp-json\/wp\/v2\/comments?post=32403"}],"version-history":[{"count":0,"href":"https:\/\/www.infokuryr.cz\/n\/wp-json\/wp\/v2\/posts\/32403\/revisions"}],"wp:featuredmedia":[{"embeddable":true,"href":"https:\/\/www.infokuryr.cz\/n\/wp-json\/wp\/v2\/media\/32404"}],"wp:attachment":[{"href":"https:\/\/www.infokuryr.cz\/n\/wp-json\/wp\/v2\/media?parent=32403"}],"wp:term":[{"taxonomy":"category","embeddable":true,"href":"https:\/\/www.infokuryr.cz\/n\/wp-json\/wp\/v2\/categories?post=32403"},{"taxonomy":"post_tag","embeddable":true,"href":"https:\/\/www.infokuryr.cz\/n\/wp-json\/wp\/v2\/tags?post=32403"}],"curies":[{"name":"wp","href":"https:\/\/api.w.org\/{rel}","templated":true}]}}