{"id":32397,"date":"2023-07-19T06:26:30","date_gmt":"2023-07-19T04:26:30","guid":{"rendered":"http:\/\/www.infokuryr.cz\/n\/?p=32397"},"modified":"2023-07-19T06:34:25","modified_gmt":"2023-07-19T04:34:25","slug":"jindrich-kulhavy-nemcova-uz-se-uplne-zblaznila","status":"publish","type":"post","link":"https:\/\/www.infokuryr.cz\/n\/2023\/07\/19\/jindrich-kulhavy-nemcova-uz-se-uplne-zblaznila\/","title":{"rendered":"Jind\u0159ich Kulhav\u00fd: N\u011bmcov\u00e1 u\u017e se \u00fapln\u011b zbl\u00e1znila\u2026."},"content":{"rendered":"<div id=\"fb-root\"><\/div>\n<p><span class=\"anotation\">\u2026a nen\u00ed v\u00a0tom sama. St\u00e1rnouc\u00ed Mirka u\u017e pravd\u011bpodobn\u011b \u017eije ze vzpom\u00ednek na sl\u00e1vu a v\u00a0re\u00e1lu je v\u00a0celku jasn\u00e9, \u017ee moudrost\u00ed neopl\u00fdv\u00e1. Po \u00fatoku Ukrajinc\u016f na Ker\u010dsk\u00fd most spojuj\u00edc\u00ed ruskou pevninu s\u00a0Krymsk\u00fdm polostrovem tak\u00e9 ji\u017e op\u011bt pat\u0159\u00edc\u00edmu Rusku byli usmrceni otec s\u00a0matkou a p\u0159e\u017eila jen jejich mal\u00e1 dcera. Radost N\u011bmcov\u00e9 z\u00a0vra\u017edy civilist\u016f odpov\u00edd\u00e1 tomu, jak tato \u010dlenka ODS p\u0159istupuje k\u00a0ned\u00e1vn\u00e9 minulosti sou\u010dasn\u00e9ho kyjevsk\u00e9ho re\u017eimu maj\u00edc\u00edho na ruk\u00e1ch krev up\u00e1len\u00fdch Rus\u016f v\u00a0Od\u011bse \u010di ob\u011bt\u00ed ost\u0159elov\u00e1n\u00ed Rusy hojn\u011b ob\u00fdvan\u00fdch oblast\u00ed na v\u00fdchodu Ukrajiny.<\/span><\/p>\n<div id=\"pagetext\">\n<p>\u00a0 N\u011bmcov\u00e1 se doslova zatetelila blahem, kdy\u017e se dozv\u011bd\u011bla o smrti nevinn\u00fdch lid\u00ed. P\u0159i\u0159azuje se tak na \u00farove\u0148 \u0159eporyjsk\u00e9ho exota Pavla Novotn\u00e9ho, co\u017e lze vn\u00edmat jako pokles do \u00fapln\u00e9ho bahna. Pravdou je, \u017ee N\u011bmcov\u00e9 p\u00e1d dol\u016f je strm\u00fd, a p\u0159esto\u017ee je v\u00a0ODS pova\u017eov\u00e1na za ikonu, v\u00edcem\u00e9n\u011b kop\u00edruje smutn\u00fd v\u00fdvoj kdysi tak v\u00fdznamn\u00e9 strany. Jej\u00ed chov\u00e1n\u00ed je mnohem hor\u0161\u00ed, ne\u017e se jevila b\u00fdt epizoda z\u00a0d\u00e1vn\u00e9ho ml\u00e1d\u00ed, dle kter\u00e9 zapomn\u011bla uhradit n\u00e1kup pe\u010diva. Z\u00a0N\u011bmcov\u00e9 mal\u00e9 zlod\u011bjky se stala krve\u017e\u00edzniv\u00e1 baba postr\u00e1daj\u00edc\u00ed stud.<\/p>\n<p>Jak jsme ji\u017e uvedli, nen\u00ed v\u00a0tom sama. B\u00fdval\u00fd \u010dlen ODS a nyn\u00ed exhibuj\u00edc\u00ed u Svobodn\u00fdch (to je tak\u00e9 degradace t\u00e9to pidistrany) Payne zase pro zm\u011bnu vyzval k\u00a0humanit\u00e1rn\u00edmu bombardov\u00e1n\u00ed Moskvy. Tak podobnou akci u\u017e p\u0159edvedli Ameri\u010dan\u00e9 za souhlasn\u00e9ho pobrukov\u00e1n\u00ed dal\u0161\u00edho lidumila Havla p\u0159i ataku Srbska. Jen\u017ee nyn\u00ed by t\u00edm spustili takov\u00fd koloto\u010d, \u017ee by se sami divili. A Payne s\u00a0nimi, bohu\u017eel by do toho zat\u00e1hnuli i n\u00e1s. Je t\u0159eba se tedy zeptat, kde se takov\u00fd pitomec vyskytnul, a jak je mo\u017en\u00e9, \u017ee se dostal a\u017e do politiky. P\u0159i pohledu na slo\u017een\u00ed vl\u00e1dy a veden\u00ed P\u011btikoalice je v\u0161ak z\u0159ejm\u00e9, \u017ee mus\u00ed poch\u00e1zet z\u00a0v\u011bt\u0161\u00edho chovu.<\/p>\n<p>Dal\u0161\u00edm p\u0159\u00edr\u016fstkem ze stejn\u00e9 st\u00e1je je europoslanec Zdechovsk\u00fd. Tento militantn\u00ed klaun \u010dasto p\u0159edv\u00e1d\u011bj\u00edc\u00ed svou slabost pro zbran\u011b, mask\u00e1\u010de a v\u00e1lku si doslova \u0159\u00edk\u00e1 o nasazen\u00ed v\u00a0prvn\u00ed lajn\u011b ukrajinsk\u00e9 fronty. Bylo by zaj\u00edmav\u00e9 sledovat, jak by se choval ve chv\u00edli, kdy by 20m od n\u011bj vybouchnul gran\u00e1t. Pravd\u011bpodobn\u011b by byl mezi prvn\u00edmi m\u00e1vaj\u00edc\u00edmi b\u00edlou vlajkou. A toto n\u00e1s zastupuje v\u00a0Evropsk\u00e9m parlamentu. Jeho nen\u00e1vist k\u00a0Rusku se projevila i protla\u010den\u00edm Dominika Ha\u0161ka p\u0159\u00edmo do s\u00e1lu v\u00a0Bruselu. Ha\u0161ek, kter\u00fd sv\u00e9 pen\u00edze vyd\u011bl\u00e1val i v\u00a0rusk\u00e9 KHL, je dal\u0161\u00edm adeptem na titul idiota roku. Jeho hysterick\u00e9 ta\u017een\u00ed proti rusk\u00fdm sportovc\u016fm p\u0159ipom\u00edn\u00e1 to, jak\u00e9 n\u00e1sledky m\u00e1 pou\u017e\u00edv\u00e1n\u00ed \u00fapln\u011b vymyt\u00e9ho mozku. Pamatujete na dobu, kdy dav volal Ha\u0161ek na Hrad? Tak jedin\u011b zav\u0159\u00edt do Daliborky.<\/p>\n<p>Rusov\u00e9 odstoupili od smlouvy o v\u00fdvozu obilnin z\u00a0ukrajinsk\u00e9ho \u00fazem\u00ed. Byli vcelku dlouho tolerantn\u00ed a umo\u017e\u0148ovali sv\u00e9mu nep\u0159\u00edteli vyd\u011bl\u00e1vat solidn\u00ed pen\u00edze na exportu pesticidy kontaminovan\u00e9 p\u0161enice do p\u016flky sv\u011bta. To u\u017e nyn\u00ed nep\u016fjde, respektive ne p\u0159es \u010cern\u00e9 mo\u0159e, tak\u017ee levn\u00fdm zrnem zaplav\u00ed Evropu. Ta s\u00a0n\u00edm bude jist\u011b obchodovat d\u00e1le, tak\u017ee se do Afriky tak\u00e9 dostane, jen bude dra\u017e\u0161\u00ed. Ka\u017ed\u00e9 zbo\u017e\u00ed si svou cestu najde, to je jist\u00e9. Rusk\u00e9 komodity stejn\u011b, jako ty ukrajinsk\u00e9. Je tedy mo\u017en\u00e9, \u017ee N\u011bmcov\u00e1 bude m\u00edt op\u011bt v\u00a0ko\u0161\u00edku \u010derstv\u00e9 rohl\u00edky, ov\u0161em nikdo nev\u00ed, co v\u00a0nich bude. U\u017e loni se k\u00a0n\u00e1m dost\u00e1vala mouka z\u00a0nep\u0159\u00edli\u0161 kvalitn\u00ed a z\u00e1vadn\u00e9 ,,dovozov\u00e9\u201c p\u0161enice, kterou n\u011bmeck\u00e9 ml\u00fdny m\u011bnily ve zdravou mouku ur\u010denou \u010cech\u016fm.<\/p>\n<p>Neust\u00e1l\u00e1 podpora a zbo\u017e\u0148ov\u00e1n\u00ed Ukrajiny a nen\u00e1vist k\u00a0Rusku jsou projevem schizofrenie, kterou trp\u00ed tolik politik\u016f a pracovn\u00edk\u016f v\u00a0m\u00e9di\u00edch. N\u011bkdy m\u00e1 v\u0161ak i tato nesmysln\u00e1 idiocie hranice, jejich\u017e p\u0159ekro\u010den\u00ed u\u017e je na pov\u00e1\u017eenou a vedou k\u00a0zamy\u0161len\u00ed o tom, jsou li auto\u0159i v\u00fdrok\u016f je\u0161t\u011b p\u0159i smyslech. V\u00fd\u0161e uveden\u00ed jedinci jsou daleko za t\u00edm, co lze je\u0161t\u011b pova\u017eovat za projev rivality v\u016f\u010di Rusk\u00e9 federaci. Jsou to nebezpe\u010dn\u00ed \u0161\u00edlenci. Mimochodem, \u010detli jste na Seznamu informace, \u017ee Protiproud Petra H\u00e1jka\u00a0je financov\u00e1n z rusk\u00fdch pen\u011bz? I to je uk\u00e1zka toho, jak je nep\u0159\u00edtel hled\u00e1n za ka\u017edou cenu a sebev\u011bt\u0161\u00ed bl\u00e1bol uve\u0159ejn\u011bn\u00fd na Seznamu je hned br\u00e1n jako z\u00e1sadn\u00ed objev. Kam a\u017e poklesla novina\u0159ina u n\u00e1s, to je prost\u011b \u0161\u00edlen\u00e9.\u00a0Je na stejn\u00e9m stup\u00ednku, kde\u00a0se vyskytuje i politika.<\/p>\n<p><a href=\"https:\/\/www.inadhled.live\/zajimavosti\/nemcova-uz-se-uplne-zblaznila-\/\">Jind\u0159ich Kulhav\u00fd<\/a><\/p>\n<p><img decoding=\"async\" loading=\"lazy\" class=\"alignnone size-medium wp-image-22653\" src=\"http:\/\/www.infokuryr.cz\/n\/wp-content\/uploads\/2023\/02\/jindra-kulhavy-221x300.jpg\" alt=\"\" width=\"221\" height=\"300\" srcset=\"https:\/\/www.infokuryr.cz\/n\/wp-content\/uploads\/2023\/02\/jindra-kulhavy-221x300.jpg 221w, https:\/\/www.infokuryr.cz\/n\/wp-content\/uploads\/2023\/02\/jindra-kulhavy.jpg 311w\" sizes=\"(max-width: 221px) 100vw, 221px\" \/><\/p>\n<\/div>\n<p>&nbsp;<\/p>\n<p><a href=\"https:\/\/stranapro.cz\/\"><img decoding=\"async\" loading=\"lazy\" class=\"wp-image-30218 aligncenter\" src=\"http:\/\/www.infokuryr.cz\/n\/wp-content\/uploads\/2023\/06\/PRO-banner-300x36.png\" alt=\"\" width=\"1367\" height=\"164\" srcset=\"https:\/\/www.infokuryr.cz\/n\/wp-content\/uploads\/2023\/06\/PRO-banner-300x36.png 300w, https:\/\/www.infokuryr.cz\/n\/wp-content\/uploads\/2023\/06\/PRO-banner-768x93.png 768w, https:\/\/www.infokuryr.cz\/n\/wp-content\/uploads\/2023\/06\/PRO-banner.png 849w\" sizes=\"(max-width: 1367px) 100vw, 1367px\" \/><\/a><\/p>\n<p>&nbsp;<\/p>\n<p>&nbsp;<\/p>\n<p>&nbsp;<\/p>\n","protected":false},"excerpt":{"rendered":"<p>\u2026a nen\u00ed v\u00a0tom sama. St\u00e1rnouc\u00ed Mirka u\u017e pravd\u011bpodobn\u011b \u017eije ze vzpom\u00ednek na sl\u00e1vu a v\u00a0re\u00e1lu&#8230;<\/p>\n","protected":false},"author":2,"featured_media":32398,"comment_status":"closed","ping_status":"closed","sticky":false,"template":"","format":"standard","meta":[],"categories":[6],"tags":[29,864,122],"_links":{"self":[{"href":"https:\/\/www.infokuryr.cz\/n\/wp-json\/wp\/v2\/posts\/32397"}],"collection":[{"href":"https:\/\/www.infokuryr.cz\/n\/wp-json\/wp\/v2\/posts"}],"about":[{"href":"https:\/\/www.infokuryr.cz\/n\/wp-json\/wp\/v2\/types\/post"}],"author":[{"embeddable":true,"href":"https:\/\/www.infokuryr.cz\/n\/wp-json\/wp\/v2\/users\/2"}],"replies":[{"embeddable":true,"href":"https:\/\/www.infokuryr.cz\/n\/wp-json\/wp\/v2\/comments?post=32397"}],"version-history":[{"count":0,"href":"https:\/\/www.infokuryr.cz\/n\/wp-json\/wp\/v2\/posts\/32397\/revisions"}],"wp:featuredmedia":[{"embeddable":true,"href":"https:\/\/www.infokuryr.cz\/n\/wp-json\/wp\/v2\/media\/32398"}],"wp:attachment":[{"href":"https:\/\/www.infokuryr.cz\/n\/wp-json\/wp\/v2\/media?parent=32397"}],"wp:term":[{"taxonomy":"category","embeddable":true,"href":"https:\/\/www.infokuryr.cz\/n\/wp-json\/wp\/v2\/categories?post=32397"},{"taxonomy":"post_tag","embeddable":true,"href":"https:\/\/www.infokuryr.cz\/n\/wp-json\/wp\/v2\/tags?post=32397"}],"curies":[{"name":"wp","href":"https:\/\/api.w.org\/{rel}","templated":true}]}}