{"id":32396,"date":"2023-07-19T06:27:52","date_gmt":"2023-07-19T04:27:52","guid":{"rendered":"http:\/\/www.infokuryr.cz\/n\/?p=32396"},"modified":"2023-07-19T06:27:52","modified_gmt":"2023-07-19T04:27:52","slug":"13-statu-se-dohodlo-ze-vyvolaji-globalni-hladomor-prostrednictvim-zniceni-zemedelstvi","status":"publish","type":"post","link":"https:\/\/www.infokuryr.cz\/n\/2023\/07\/19\/13-statu-se-dohodlo-ze-vyvolaji-globalni-hladomor-prostrednictvim-zniceni-zemedelstvi\/","title":{"rendered":"13 st\u00e1t\u016f se dohodlo, \u017ee vyvolaj\u00ed glob\u00e1ln\u00ed hladomor prost\u0159ednictv\u00edm zni\u010den\u00ed zem\u011bd\u011blstv\u00ed"},"content":{"rendered":"<div id=\"fb-root\"><\/div>\n<p><span>\u0158\u00edkaj\u00ed n\u00e1m, \u017ee v\u00fdroba potravin je pr\u00fd \u0161patn\u00e1 pro planetu.\u00a0Globalist\u00e9 trvaj\u00ed na tom, \u017ee na \u201ez\u00e1chranu\u201c planety mus\u00ed b\u00fdt farmy na cel\u00e9m sv\u011bt\u011b zav\u0159en\u00e9.<\/span><\/p>\n<p><span>Pod rou\u0161kou sni\u017eov\u00e1n\u00ed \u201eemis\u00ed metanu\u201c podepsalo t\u0159in\u00e1ct zem\u00ed p\u0159\u00edslib um\u011ble vytvolat glob\u00e1ln\u00ed hladomor pomoc\u00ed odstran\u011bn\u00ed zem\u011bd\u011blsk\u00e9 v\u00fdroby a zav\u0159en\u00ed farem.<\/span><\/p>\n<p><span>T\u011bchto t\u0159in\u00e1ct zem\u00ed, kter\u00e9 za\u010d\u00e1tkem roku 2023\u00a0<\/span><a href=\"https:\/\/www.globalmethanehub.org\/2023\/05\/17\/major-livestock-producing-countries-commit-to-mitigate-methane-in-agriculture\/\" target=\"_blank\" rel=\"noopener\"><span>ozn\u00e1milo<\/span><\/a><span>\u00a0zalo\u017een\u00ed Glob\u00e1ln\u00edho metanov\u00e9ho habu sdru\u017euj\u00edc\u00edho krizov\u00e9 in\u017een\u00fdry, kte\u0159\u00ed vyu\u017e\u00edvaj\u00ed ve\u0159ejnou paniku ke zni\u010den\u00ed sv\u011btov\u00fdch z\u00e1sob potravin, jsou:<\/span><\/p>\n<p><span>Argentina, Austr\u00e1lie, Braz\u00edlie, Burkina Faso, Chile, \u010cesk\u00e1 republika, Ekv\u00e1dor, N\u011bmecko, Panama, Peru, \u0160pan\u011blsko, Spojen\u00e9 st\u00e1ty americk\u00e9 a Uruguay.<\/span><\/p>\n<p><span>P\u0159edstavte si, \u017ee v Austr\u00e1lii, Braz\u00edlii a USA neexistuje \u017e\u00e1d\u00e1 masn\u00fd v\u00fdroba.\u00a0Toto p\u0159esn\u011b je c\u00edl globalist\u016f.\u00a0Nav\u00edc p\u0159ipou\u0161t\u011bj\u00ed, \u017ee toto v\u0161e je sou\u010d\u00e1st\u00ed\u00a0<\/span><a href=\"https:\/\/www.badatel.net\/dlhorocny-klimaticky-aktivista-tvrdi-ze-co2-nema-takmer-nic-spolocne-s-klimou\/\"><span>klimatick\u00e9ho podvodu<\/span><\/a><span>\u00a0, o kter\u00e9m je prok\u00e1z\u00e1no, \u017ee jde o \u0161arlat\u00e1nsk\u00fd v\u011bdeck\u00fd nesmysl.<\/span><\/p>\n<p><span>Jak \u0159\u00edk\u00e1 Luis Planas, \u0161pan\u011blsk\u00fd ministr zem\u011bd\u011blstv\u00ed, rybolovu a v\u00fd\u017eivy:<\/span><\/p>\n<p><em><span>\u201eSpole\u010dn\u00fd z\u00e1vazek mezin\u00e1rodn\u00edho spole\u010denstv\u00ed sn\u00ed\u017eit emise metanu ze zem\u011bd\u011blstv\u00ed vn\u00edm\u00e1m jako prost\u0159edek k dosa\u017een\u00ed c\u00edl\u016f, kter\u00e9 jsme podepsali v Pa\u0159\u00ed\u017esk\u00e9 dohod\u011b o klimatu.\u201c<\/span><\/em><\/p>\n<p><em><span>\u201ePotravinov\u00e9 syst\u00e9my jsou zodpov\u011bdn\u00e9 za 60% emis\u00ed metanu,\u201c<\/span><\/em><span>\u00a0varuje Marcelo Mena, gener\u00e1ln\u00ed \u0159editel Glob\u00e9ln\u00edho metanov\u00e9ho habu.<\/span><\/p>\n<p><span>D\u00e1le \u0159\u00edk\u00e1, \u017ee zem\u011bd\u011blstv\u00ed ni\u010d\u00ed planetu.\u00a0Proto ta jejich po\u017eadavek na zav\u0159en\u00ed farem.\u00a0Bez farem v\u0161ak nem\u00e1te j\u00eddlo.\u00a0A bez j\u00eddla dostanete p\u0159esn\u011b to, po \u010dem o v\u00edkendu volala Kamala Harrisov\u00e1 (viceprezidentka USA): \u201eSn\u00ed\u017een\u00e1 populace.\u201c<\/span><\/p>\n<p><span>Agenda depopulace u\u017e nen\u00ed ani tajemstv\u00edm.\u00a0Dokonce se j\u00ed chlub\u00ed.<\/span><\/p>\n<p><a href=\"https:\/\/stranapro.cz\/\"><img decoding=\"async\" loading=\"lazy\" class=\"wp-image-30218 aligncenter\" src=\"http:\/\/www.infokuryr.cz\/n\/wp-content\/uploads\/2023\/06\/PRO-banner-300x36.png\" alt=\"\" width=\"1358\" height=\"163\" srcset=\"https:\/\/www.infokuryr.cz\/n\/wp-content\/uploads\/2023\/06\/PRO-banner-300x36.png 300w, https:\/\/www.infokuryr.cz\/n\/wp-content\/uploads\/2023\/06\/PRO-banner-768x93.png 768w, https:\/\/www.infokuryr.cz\/n\/wp-content\/uploads\/2023\/06\/PRO-banner.png 849w\" sizes=\"(max-width: 1358px) 100vw, 1358px\" \/><\/a><\/p>\n<p><span>Tady je jejich logika: J\u00cdDLO = GLOB\u00c1LN\u00cd OTEPLOV\u00c1N\u00cd.\u00a0Tak\u017ee \u00fato\u010d\u00ed na j\u00eddlo a d\u011blaj\u00ed ho nedostupn\u00fdm.<\/span><\/p>\n<h2><span>Kr\u00e1vy a ku\u0159ata maj\u00ed b\u00fdt nahrazeny cvr\u010dky a larvami hmyzu<\/span><\/h2>\n<p><span>P\u0159ipravte se na pochutn\u00e1v\u00e1n\u00ed si na k\u0159upav\u00fdch plack\u00e1ch s fale\u0161n\u00fdm masem a cvr\u010dkov\u00fdch McNuggets.\u00a0Brzy budete j\u00edst brouky, proto\u017ee maso bude zcela nedostupn\u00e9, proto\u017ee vl\u00e1dy zav\u00edraj\u00ed farmy a ran\u010de.<\/span><\/p>\n<p><span>Jak vysv\u011btluje novin\u00e1\u0159 Leo Hohmann:<\/span><\/p>\n<p><em><span>\u201eZ tohoto jejich jazyka m\u016f\u017eeme p\u0159edpokl\u00e1dat, \u017ee mezi praktiky, o kter\u00fdch se uva\u017euje, pat\u0159\u00ed nahrazen\u00ed velk\u00e9 \u010d\u00e1sti skotu i vep\u0159ov\u00e9ho a ku\u0159ec\u00edho masa, na kter\u00e9 dnes populace spol\u00e9h\u00e1 kv\u016fli b\u00edlkovin\u00e1m.\u00a0Nam\u00edsto nich maj\u00ed b\u00fdt na j\u00eddeln\u00edm l\u00edstku larvy hmyzu, mou\u010dn\u00e9 \u010dervy, cvr\u010dky atd.\u201c<\/span><\/em><\/p>\n<p><span>OSN, Sv\u011btov\u00e9 ekonomick\u00e9 f\u00f3rum (WEF) a dal\u0161\u00ed nevl\u00e1dn\u00ed organizace u\u017e l\u00e9ta propaguj\u00ed bezmas\u00e9 stravov\u00e1n\u00ed a konzumaci hmyz\u00edch b\u00edlkovin.<\/span><\/p>\n<p><span>Globalisti\u010dt\u00ed miliard\u00e1\u0159i investovali velk\u00e9 pen\u00edze do budov\u00e1n\u00ed masivn\u00edch tov\u00e1ren na hmyz ve st\u00e1t\u011b Illinois (USA), v Kanad\u011b a v Nizozemsku, kter\u00e9 produkuj\u00ed mou\u010dn\u00e9 \u010dervy, cvr\u010dci a jin\u00e9 brouky.\u00a0Ty jsou zpracov\u00e1v\u00e1ny na p\u0159\u00edsady, kter\u00e9 se maj\u00ed p\u0159im\u00edch\u00e1vat do potravin.\u00a0D\u011bje se tak \u010dasto bez jasn\u00e9ho ozna\u010den\u00ed na obalech, kter\u00e9 by m\u011bly lidi p\u0159esn\u011b informovat o tom, co jed\u00ed.<\/span><\/p>\n<p><span>Hohmann se odvol\u00e1v\u00e1 tak\u00e9 na p\u0159edpov\u011b\u010f organizace Deagel Corporation, kter\u00e1 p\u0159edpokl\u00e1d\u00e1 sn\u00ed\u017een\u00ed populace USA do roku 2025 t\u00e9m\u011b\u0159 o 70%, p\u0159i\u010dem\u017e \u0159\u00edk\u00e1:<\/span><\/p>\n<p><em><span>\u201eNeexistuje \u00fa\u010dinn\u011bj\u0161\u00ed zp\u016fsob vylidn\u011bn\u00ed ne\u017e v\u00e1lka, hlad a mor (nebo epidemie jin\u00fdch chorob).\u00a0Nen\u00ed zaj\u00edmav\u00e9, \u017ee pr\u00e1v\u011b te\u010f jsou ve h\u0159e v\u0161echny 3 roky ov\u011b\u0159eny zp\u016fsoby genocidy?\u201c<\/span><\/em><\/p>\n<p><span>V\u00a0<\/span><a href=\"https:\/\/theeconomiccollapseblog.com\/store-food-while-you-still-can-because-2-4-billion-people-already-do-not-have-enough-food-as-this-new-global-famine-accelerates\/\" target=\"_blank\" rel=\"noopener\"><span>souvisej\u00edc\u00edm \u010dl\u00e1nku<\/span><\/a><span>\u00a0Michael Snyder z blogu\u00a0<\/span><em><span>The Economic Collapse<\/span><\/em><span>\u00a0p\u00ed\u0161e:<\/span><\/p>\n<p><em><span>\u201eGlob\u00e1ln\u00ed z\u00e1soby potravin se st\u00e1le zu\u017euj\u00ed a celosv\u011btov\u00fd hlad stoupl na mimo\u0159\u00e1dn\u011b alarmuj\u00edc\u00ed \u00farove\u0148.\u00a0Podle OSN t\u00e9m\u011b\u0159 30% sv\u011btov\u00e9 populace nem\u00e1 pr\u00e1v\u011b te\u010f st\u00e1l\u00fd p\u0159\u00edstup k j\u00eddlu a existuje p\u0159ibli\u017en\u011b 900 milion\u016f lid\u00ed, kte\u0159\u00ed \u010del\u00ed z\u00e1va\u017en\u00e9 potravinov\u00e9 nejistot\u011b.\u201c<\/span><\/em><\/p>\n<p><span>Autor: Mike Adams,\u00a0<\/span><a href=\"https:\/\/www.naturalnews.com\/2023-07-18-nations-engineer-global-famine-destroying-agriculture.html\" target=\"_blank\" rel=\"noopener\"><span>naturalnews.com<\/span><\/a><\/p>\n<p>&nbsp;<\/p>\n<p><a href=\"https:\/\/stranapro.cz\/\"><img decoding=\"async\" loading=\"lazy\" class=\"wp-image-30218 aligncenter\" src=\"http:\/\/www.infokuryr.cz\/n\/wp-content\/uploads\/2023\/06\/PRO-banner-300x36.png\" alt=\"\" width=\"1350\" height=\"162\" srcset=\"https:\/\/www.infokuryr.cz\/n\/wp-content\/uploads\/2023\/06\/PRO-banner-300x36.png 300w, https:\/\/www.infokuryr.cz\/n\/wp-content\/uploads\/2023\/06\/PRO-banner-768x93.png 768w, https:\/\/www.infokuryr.cz\/n\/wp-content\/uploads\/2023\/06\/PRO-banner.png 849w\" sizes=\"(max-width: 1350px) 100vw, 1350px\" \/><\/a><\/p>\n<p>&nbsp;<\/p>\n<p>&nbsp;<\/p>\n<p>&nbsp;<\/p>\n","protected":false},"excerpt":{"rendered":"<p>\u0158\u00edkaj\u00ed n\u00e1m, \u017ee v\u00fdroba potravin je pr\u00fd \u0161patn\u00e1 pro planetu.\u00a0Globalist\u00e9 trvaj\u00ed na tom, \u017ee na&#8230;<\/p>\n","protected":false},"author":2,"featured_media":9228,"comment_status":"closed","ping_status":"closed","sticky":false,"template":"","format":"standard","meta":[],"categories":[7],"tags":[1384,371,276],"_links":{"self":[{"href":"https:\/\/www.infokuryr.cz\/n\/wp-json\/wp\/v2\/posts\/32396"}],"collection":[{"href":"https:\/\/www.infokuryr.cz\/n\/wp-json\/wp\/v2\/posts"}],"about":[{"href":"https:\/\/www.infokuryr.cz\/n\/wp-json\/wp\/v2\/types\/post"}],"author":[{"embeddable":true,"href":"https:\/\/www.infokuryr.cz\/n\/wp-json\/wp\/v2\/users\/2"}],"replies":[{"embeddable":true,"href":"https:\/\/www.infokuryr.cz\/n\/wp-json\/wp\/v2\/comments?post=32396"}],"version-history":[{"count":0,"href":"https:\/\/www.infokuryr.cz\/n\/wp-json\/wp\/v2\/posts\/32396\/revisions"}],"wp:featuredmedia":[{"embeddable":true,"href":"https:\/\/www.infokuryr.cz\/n\/wp-json\/wp\/v2\/media\/9228"}],"wp:attachment":[{"href":"https:\/\/www.infokuryr.cz\/n\/wp-json\/wp\/v2\/media?parent=32396"}],"wp:term":[{"taxonomy":"category","embeddable":true,"href":"https:\/\/www.infokuryr.cz\/n\/wp-json\/wp\/v2\/categories?post=32396"},{"taxonomy":"post_tag","embeddable":true,"href":"https:\/\/www.infokuryr.cz\/n\/wp-json\/wp\/v2\/tags?post=32396"}],"curies":[{"name":"wp","href":"https:\/\/api.w.org\/{rel}","templated":true}]}}