{"id":32383,"date":"2023-07-19T01:16:28","date_gmt":"2023-07-18T23:16:28","guid":{"rendered":"http:\/\/www.infokuryr.cz\/n\/?p=32383"},"modified":"2023-07-18T18:31:04","modified_gmt":"2023-07-18T16:31:04","slug":"polsko-neotevre-svuj-trh-pro-ukrajinske-obili","status":"publish","type":"post","link":"https:\/\/www.infokuryr.cz\/n\/2023\/07\/19\/polsko-neotevre-svuj-trh-pro-ukrajinske-obili\/","title":{"rendered":"Polsko neotev\u0159e sv\u016fj trh pro ukrajinsk\u00e9 obil\u00ed"},"content":{"rendered":"<div id=\"fb-root\"><\/div>\n<p><span style=\"font-size: 18pt;\"><strong>Mateusz Morawiecki \u0159ekl, \u017ee by to mohlo po\u0161kodit m\u00edstn\u00ed farm\u00e1\u0159e<\/strong><\/span><\/p>\n<p><span>Polsko nepl\u00e1nuje otev\u0159\u00edt sv\u016fj trh pro ukrajinsk\u00e9 obil\u00ed po ukon\u010den\u00ed \u010dernomo\u0159sk\u00e9 dohody o obil\u00ed, \u0159ekl v \u00fater\u00fd novin\u00e1\u0159\u016fm polsk\u00fd premi\u00e9r Mateusz Morawiecki.<\/span><\/p>\n<p><span>Rusko v pond\u011bl\u00ed ozn\u00e1milo, \u017ee neprodlou\u017e\u00ed svou \u00fa\u010dast na ujedn\u00e1n\u00ed zprost\u0159edkovan\u00e9m OSN, kter\u00e9 umo\u017enilo v\u00fdvoz ukrajinsk\u00fdch zem\u011bd\u011blsk\u00fdch produkt\u016f p\u0159es \u010cern\u00e9 mo\u0159e, zn\u00e1m\u00e9 jako iniciativa Black Sea Grain Initiative.<\/span><\/p>\n<p><span>Na ot\u00e1zku, zda je \u0161ance, \u017ee se obil\u00ed z Ukrajiny dostane do Polska nyn\u00ed, kdy\u017e je dohoda uzav\u0159ena, Morawiecki sl\u00edbil, \u017ee Var\u0161ava to nedovol\u00ed a bude nad\u00e1le h\u00e1jit z\u00e1jmy polsk\u00fdch farm\u00e1\u0159\u016f.<\/span><\/p>\n<p><span>\u201e\u00a0<\/span><em><span>Pravd\u011bpodobn\u011b budeme velmi tvrd\u00ed, pokud jde o ochranu polsk\u00e9ho trhu,<\/span><\/em><span>\u00a0\u201c \u0159ekl Morawiecki s t\u00edm, \u017ee Polsko bude nad\u00e1le pom\u00e1hat EU p\u0159i tranzitu ukrajinsk\u00e9ho obil\u00ed.\u00a0Poznamenal v\u0161ak, \u017ee polsk\u00e9 trhy z\u016fstanou pro ukrajinsk\u00e9 zem\u011bd\u011blsk\u00e9 produkty uzav\u0159eny.<\/span><\/p>\n<p><span>\u201e\u00a0<\/span><em><span>To je \u00fakol pro Evropskou komisi, pro americkou administrativu p\u0159i vypracov\u00e1n\u00ed vhodn\u00fdch mechanism\u016f pro export ukrajinsk\u00e9ho obil\u00ed.\u00a0M\u016f\u017eeme hr\u00e1t roli, ale nebudeme nuceni otev\u0159\u00edt n\u00e1\u0161 trh na \u00fakor z\u00e1jm\u016f polsk\u00fdch farm\u00e1\u0159\u016f<\/span><\/em><span>\u00a0,\u201c \u0159ekl premi\u00e9r.<\/span><\/p>\n<p><span>Polsko, Slovensko, Ma\u010farsko, Rumunsko a Bulharsko utrp\u011bly zna\u010dn\u00e9 ztr\u00e1ty kv\u016fli p\u0159\u00edlivu ukrajinsk\u00e9ho obil\u00ed, kter\u00fd p\u0159i\u0161el pot\u00e9, co EU po zah\u00e1jen\u00ed rusk\u00e9 vojensk\u00e9 operace na Ukrajin\u011b v lo\u0148sk\u00e9m roce pozastavila cla na zem\u011bd\u011blsk\u00e9 produkty zem\u011b.<\/span><\/p>\n<p><span>V z\u00e1jmu ochrany m\u00edstn\u00edch farm\u00e1\u0159\u016f zavedl Brusel v kv\u011btnu \u201edo\u010dasn\u00e1 omezen\u00ed\u201c na dovoz ukrajinsk\u00e9 p\u0161enice, kuku\u0159ice, \u0159epkov\u00e9ho semene a slune\u010dnicov\u00e9ho oleje do p\u011bti \u010dlensk\u00fdch st\u00e1t\u016f, kter\u00e1 budou v platnosti do 15. z\u00e1\u0159\u00ed. tranzit ukrajinsk\u00e9ho obil\u00ed p\u0159es \u00fazem\u00ed t\u011bchto zem\u00ed.<\/span><\/p>\n<p><span>Ma\u010farsk\u00fd ministr zem\u011bd\u011blstv\u00ed Istvan Nagy minul\u00fd t\u00fdden \u0159ekl, \u017ee p\u011bt zem\u00ed EU bude volat po prodlou\u017een\u00ed tohoto z\u00e1kazu po 15. z\u00e1\u0159\u00ed a do konce roku, proto\u017ee je to \u201ejedin\u00fd zp\u016fsob, jak chr\u00e1nit z\u00e1jmy evropsk\u00fdch zem\u011bd\u011blc\u016f.\u201c<\/span><\/p>\n<p><img decoding=\"async\" loading=\"lazy\" class=\"alignnone size-full wp-image-1185\" src=\"http:\/\/www.infokuryr.cz\/n\/wp-content\/uploads\/2021\/04\/kuryr-podpis.png\" alt=\"\" width=\"84\" height=\"24\" \/><\/p>\n<p>&nbsp;<\/p>\n<p><a href=\"https:\/\/stranapro.cz\/\"><img decoding=\"async\" loading=\"lazy\" class=\"wp-image-30218 aligncenter\" src=\"http:\/\/www.infokuryr.cz\/n\/wp-content\/uploads\/2023\/06\/PRO-banner-300x36.png\" alt=\"\" width=\"1358\" height=\"163\" srcset=\"https:\/\/www.infokuryr.cz\/n\/wp-content\/uploads\/2023\/06\/PRO-banner-300x36.png 300w, https:\/\/www.infokuryr.cz\/n\/wp-content\/uploads\/2023\/06\/PRO-banner-768x93.png 768w, https:\/\/www.infokuryr.cz\/n\/wp-content\/uploads\/2023\/06\/PRO-banner.png 849w\" sizes=\"(max-width: 1358px) 100vw, 1358px\" \/><\/a><\/p>\n<p>&nbsp;<\/p>\n<p>&nbsp;<\/p>\n<p>&nbsp;<\/p>\n","protected":false},"excerpt":{"rendered":"<p>Mateusz Morawiecki \u0159ekl, \u017ee by to mohlo po\u0161kodit m\u00edstn\u00ed farm\u00e1\u0159e Polsko nepl\u00e1nuje otev\u0159\u00edt sv\u016fj trh&#8230;<\/p>\n","protected":false},"author":2,"featured_media":13593,"comment_status":"closed","ping_status":"closed","sticky":false,"template":"","format":"standard","meta":[],"categories":[7],"tags":[5495,31,26],"_links":{"self":[{"href":"https:\/\/www.infokuryr.cz\/n\/wp-json\/wp\/v2\/posts\/32383"}],"collection":[{"href":"https:\/\/www.infokuryr.cz\/n\/wp-json\/wp\/v2\/posts"}],"about":[{"href":"https:\/\/www.infokuryr.cz\/n\/wp-json\/wp\/v2\/types\/post"}],"author":[{"embeddable":true,"href":"https:\/\/www.infokuryr.cz\/n\/wp-json\/wp\/v2\/users\/2"}],"replies":[{"embeddable":true,"href":"https:\/\/www.infokuryr.cz\/n\/wp-json\/wp\/v2\/comments?post=32383"}],"version-history":[{"count":0,"href":"https:\/\/www.infokuryr.cz\/n\/wp-json\/wp\/v2\/posts\/32383\/revisions"}],"wp:featuredmedia":[{"embeddable":true,"href":"https:\/\/www.infokuryr.cz\/n\/wp-json\/wp\/v2\/media\/13593"}],"wp:attachment":[{"href":"https:\/\/www.infokuryr.cz\/n\/wp-json\/wp\/v2\/media?parent=32383"}],"wp:term":[{"taxonomy":"category","embeddable":true,"href":"https:\/\/www.infokuryr.cz\/n\/wp-json\/wp\/v2\/categories?post=32383"},{"taxonomy":"post_tag","embeddable":true,"href":"https:\/\/www.infokuryr.cz\/n\/wp-json\/wp\/v2\/tags?post=32383"}],"curies":[{"name":"wp","href":"https:\/\/api.w.org\/{rel}","templated":true}]}}