{"id":32351,"date":"2023-07-18T07:42:01","date_gmt":"2023-07-18T05:42:01","guid":{"rendered":"http:\/\/www.infokuryr.cz\/n\/?p=32351"},"modified":"2023-07-18T07:42:01","modified_gmt":"2023-07-18T05:42:01","slug":"michael-svatos-pamatnik-reinharda-heydricha-v-lidicich-desivy-nasledek-soucasne-politiky-vlady-cr","status":"publish","type":"post","link":"https:\/\/www.infokuryr.cz\/n\/2023\/07\/18\/michael-svatos-pamatnik-reinharda-heydricha-v-lidicich-desivy-nasledek-soucasne-politiky-vlady-cr\/","title":{"rendered":"Michael Svato\u0161: Pam\u00e1tn\u00edk Reinharda Heydricha v Lidic\u00edch!? D\u011bsiv\u00fd n\u00e1sledek sou\u010dasn\u00e9 politiky vl\u00e1dy \u010cR!"},"content":{"rendered":"<div id=\"fb-root\"><\/div>\n<p><img decoding=\"async\" loading=\"lazy\" class=\" wp-image-32353 alignleft\" src=\"http:\/\/www.infokuryr.cz\/n\/wp-content\/uploads\/2023\/07\/filaret-patriarcha-206x300.jpg\" alt=\"\" width=\"395\" height=\"575\" srcset=\"https:\/\/www.infokuryr.cz\/n\/wp-content\/uploads\/2023\/07\/filaret-patriarcha-206x300.jpg 206w, https:\/\/www.infokuryr.cz\/n\/wp-content\/uploads\/2023\/07\/filaret-patriarcha.jpg 298w\" sizes=\"(max-width: 395px) 100vw, 395px\" \/>Na fotografii vid\u00edte jednu z hlav tzv. <a href=\"https:\/\/uk.wikipedia.org\/wiki\/%D0%9F%D1%80%D0%B0%D0%B2%D0%BE%D1%81%D0%BB%D0%B0%D0%B2%D0%BD%D0%B0_%D1%86%D0%B5%D1%80%D0%BA%D0%B2%D0%B0_%D0%A3%D0%BA%D1%80%D0%B0%D1%97%D0%BD%D0%B8\">Pravoslavn\u00e9 c\u00edrkve Ukrajiny<\/a>, kter\u00e1 je v opozici proti Rusk\u00e9 pravoslavn\u00e9 c\u00edrkvi,\u00a0<a href=\"https:\/\/uk.wikipedia.org\/wiki\/%D0%A4%D1%96%D0%BB%D0%B0%D1%80%D0%B5%D1%82_(%D0%94%D0%B5%D0%BD%D0%B8%D1%81%D0%B5%D0%BD%D0%BA%D0%BE)\">\u010destn\u00e9ho patriarchu Filareta<\/a>, jak ve m\u011bst\u011b Rivne\u00a0<a href=\"https:\/\/suspilne.media\/293328-klima-savura-v-bronzi-prijmala-jogo-zvazkova-ak-20-rokiv-tomu-u-rivnomu-postav-pamatnik-organizatoru-upa-na-volini\/\">\u017eehn\u00e1 pam\u00e1tn\u00edku<\/a>, kter\u00fd oslavuje \u017eivot a d\u00edlo jednoho z nejbrut\u00e1ln\u011bj\u0161\u00edch nacistick\u00fdch zlo\u010dinc\u016f a masov\u00fdch vrah\u016f v d\u011bjin\u00e1ch lidstva, zn\u00e1m\u00e9ho pod kryc\u00edm jm\u00e9nem Klym Savur.<\/p>\n<p>Podle judikatury Nejvy\u0161\u0161\u00edho soudu USA v kauze gener\u00e1la Jama\u0161ity je<a href=\"https:\/\/ror.gov.ua\/novyny\/v-urochishi-gutvin-vidznachili-80-richchya-stvorennya-upa-1665688011\">\u00a0Klym Savur jako nejvy\u0161\u0161\u00ed velitel UPA<\/a>\u00a0na Ukrajin\u011b v letech 1943-45 jednozna\u010dn\u011b trestn\u011b zodpov\u011bdn\u00fd za v\u00e1le\u010dn\u00e9 zlo\u010diny proti civiln\u00edmu obyvatelstvu, a za zlo\u010din genocidy! P\u0159esto je dnes na Ukrajin\u011b Klym Savur, kter\u00fd \u0159\u00eddil brut\u00e1ln\u00ed likvidaci asi 200 tis\u00edc Pol\u00e1k\u016f, \u010cech\u016f, Arm\u00e9n\u016f, \u017did\u016f a Cik\u00e1n\u016f, v\u010detn\u011b nemluv\u0148at, oslavov\u00e1n jako n\u00e1rodn\u00ed hrdina, a vl\u00e1da Ukrajiny mu stav\u00ed pam\u00e1tn\u00edky, p\u0159ejmenov\u00e1v\u00e1 po n\u011bm ulice, vyznamen\u00e1v\u00e1 ho, a po\u0159\u00e1d\u00e1 k jeho uct\u011bn\u00ed vl\u00e1dn\u00ed vzpom\u00ednkov\u00e9 akce!<\/p>\n<p><a href=\"https:\/\/www.novinky.cz\/clanek\/krimi-za-zpochybnovani-masakru-v-katyni-potvrdil-soud-komunistovi-skalovi-podminku-40433963\">V \u010cesku je nyn\u00ed trestn\u011b st\u00edh\u00e1n<\/a>\u00a0komunista Sk\u00e1la, redaktor Svobodn\u00e9ho R\u00e1dia Kapal, amat\u00e9rsk\u00fd historik V\u00e1clav\u00edk, jen za to, \u017ee diskutovali o tzv. Katy\u0148sk\u00e9m masakru. A p\u0159itom vl\u00e1da \u010cR ve stejnou dobu podporuje kyjevsk\u00fd re\u017eim, kter\u00fd nezpochybniteln\u00e9ho pachatele nejv\u011bt\u0161\u00edho evropsk\u00e9ho masakru civiln\u00edho obyvatelstva, kter\u00fd nesp\u00e1chali n\u011bme\u010dt\u00ed nacist\u00e9, oslavuje jako hrdinu! A nepo\u017eaduje po n\u011bm, aby v souladu s rozsudkem Nejvy\u0161\u0161\u00edho soudu USA nad gener\u00e1lem Jama\u0161itou, a v souladu s protinacistickou tradic\u00ed v\u0161ech dosavadn\u00edch vl\u00e1d \u010cR, s v\u00fdjimkou vl\u00e1dy Petra Fialy, okam\u017eit\u011b s takov\u00fdmi to oslavami p\u0159estal, pomn\u00edky demontoval, vyznamen\u00e1n\u00ed odebral a ulice p\u0159ejmenoval, jinak jak\u00e1koli podpora Ukrajiny \u010ceskou Republikou nen\u00ed d\u00e1le mo\u017en\u00e1! Proto\u017ee \u010cesk\u00e1 republika ct\u00ed sv\u00e9 protinacistick\u00e9 a humanitn\u00ed tradice, za kter\u00e9 jej\u00ed ob\u010dan\u00e9 polo\u017eili sv\u00e9 \u017eivoty!<\/p>\n<p>Klym Savur,\u00a0<a href=\"https:\/\/www.lwow.home.pl\/wolyn.html\">podle dokumentu<\/a>\u00a0Archivu ukrajinsk\u00e9 tajn\u00e9 slu\u017eby SBU, odd\u011blen\u00ed Voly\u0148sk\u00fd kraj, eviden\u010dn\u00ed \u010d\u00edslo 11315, sv. H, str. 16., na za\u010d\u00e1tku roku 1943 podepsal jako nejvy\u0161\u0161\u00ed velitel UPA tajn\u00fd rozkaz Piwnycz, ve kter\u00e9m\u00a0<a href=\"https:\/\/www.lwow.home.pl\/wolyn.html\">na\u0159\u00eddil na Ukrajin\u011b\u00a0<em>okam\u017eitou likvidaci v\u0161eho polsk\u00e9ho obyvatelstva a\u017e do 7. generace, v\u010detn\u011b t\u011bch, kte\u0159\u00ed u\u017e nemluv\u00ed polsky<\/em><\/a><em>!\u00a0<\/em><em>Tento boj nem\u016f\u017eeme prohr\u00e1t a polsk\u00e9 obyvatelstvo mus\u00ed b\u00fdt za ka\u017edou cenu zni\u010deno. Polsk\u00e9 vesnice mus\u00ed zmizet z povrchu zemsk\u00e9ho! Na\u0159\u00eddil Savur!\u00a0<\/em>(Dokument byl publikov\u00e1n v\u00fdznamn\u00fdmi polsk\u00fdmi historiky. Sou\u010dasn\u00e1 Ukrajina jej\u00a0<a href=\"https:\/\/www.istpravda.com.ua\/articles\/2016\/10\/22\/149259\/view_print\/\">vyd\u00e1v\u00e1 za podvrh NKVD<\/a>. Podle rozsudku Nejvy\u0161\u0161\u00edho soudu USA Jama\u0161ita v\u0161ak sta\u010d\u00ed k vyvozen\u00ed trestn\u00ed odpov\u011bdnosti za masakr pouh\u00e1 nejvy\u0161\u0161\u00ed velitelsk\u00e1 funkce nad jednotkami, kter\u00e9 zlo\u010din provedly. Podrobnosti v anal\u00fdze.)<\/p>\n<p>Tento d\u011bsiv\u00fd masakr, p\u0159i kter\u00e9m byly Ukrajinci brut\u00e1ln\u011b zavra\u017ed\u011bny, up\u00e1leny, pod\u0159ez\u00e1ny no\u017ei, rozsek\u00e1ny sekerami, ubod\u00e1ny vidlemi, nabodnuty na k\u016fly, ubity holemi, st\u00e1hnuty z k\u016f\u017ee a post\u0159\u00edleny a\u017e dv\u011b stovky tis\u00edc Pol\u00e1k\u016f, \u010cech\u016f, Arm\u00e9n\u016f, Cik\u00e1n\u016f a dal\u0161\u00edch p\u0159\u00edslu\u0161n\u00edk\u016f ne-ukrajinsk\u00fdch n\u00e1rodnost\u00ed ve\u0161el do d\u011bjin\u00a0<a href=\"https:\/\/pl.wikiquote.org\/wiki\/Rze%C5%BA_wo%C5%82y%C5%84ska\">jako Voly\u0148sk\u00e1 \u0159e\u017e<\/a>!<\/p>\n<p>Velitel jedn\u00e9 jednotky ukrajinsk\u00e9 osvobozeneck\u00e9 arm\u00e1dy UPA \u201cLyso\u201d<a href=\"https:\/\/www.lwow.home.pl\/wolyn.html\">\u00a0hl\u00e1sil vrchn\u00edmu veliteli UPA Savurovi spln\u011bn\u00ed rozkazu t\u011bmito slovy<\/a>:\u00a0\u00a0<i>V\u0161echny obyvatele ukrajinsk\u00fdch vesnic z okol\u00ed jsme vyzbrojen\u00e9 sekerami a vidlemi shrom\u00e1\u017edili ve vesnici Mosur, kde jim m\u016fj podvelitel Zuch vysv\u011btlil, \u017ee p\u016fjdou zlikvidovat Pol\u00e1ky do vesnice Ziem\u0142ica, a na\u0159\u00eddil jim, aby byli nemilosrdn\u00ed ke ka\u017ed\u00e9mu, koho tam najdou. V noci byla vesnice obkl\u00ed\u010dena, a za sv\u00edt\u00e1n\u00ed jsme nahnali v\u0161echny jej\u00ed obyvatele do st\u0159edu vesnice. Star\u00e9, d\u011bti a nemocn\u00e9, kte\u0159\u00ed se nemohli sami pohybovat, jsme na m\u00edst\u011b ubili, a vhodili do studny. Ti, kte\u0159\u00ed byli zahn\u00e1ni do st\u0159edu vesnice,\u00a0 si museli nejd\u0159\u00edv vykopat hroby, a pot\u00e9 jsme je zab\u00edjeli \u00fadery sekerou do hlavy. Ti, kte\u0159\u00ed se pokusili ut\u00e9ct, byli zast\u0159eleni. V\u0161ichni obyvatel\u00e9 obce Ziemlica byli zlikvidov\u00e1ni, majetek byl zabaven pro pot\u0159eby UPA, a budovy byly vyp\u00e1leny!\u00a0<\/i><\/p>\n<p><a href=\"https:\/\/stranapro.cz\/\"><img decoding=\"async\" loading=\"lazy\" class=\"wp-image-30218 aligncenter\" src=\"http:\/\/www.infokuryr.cz\/n\/wp-content\/uploads\/2023\/06\/PRO-banner-300x36.png\" alt=\"\" width=\"1375\" height=\"165\" srcset=\"https:\/\/www.infokuryr.cz\/n\/wp-content\/uploads\/2023\/06\/PRO-banner-300x36.png 300w, https:\/\/www.infokuryr.cz\/n\/wp-content\/uploads\/2023\/06\/PRO-banner-768x93.png 768w, https:\/\/www.infokuryr.cz\/n\/wp-content\/uploads\/2023\/06\/PRO-banner.png 849w\" sizes=\"(max-width: 1375px) 100vw, 1375px\" \/><\/a><\/p>\n<p><a href=\"https:\/\/www.prezydent.pl\/kancelaria\/archiwum\/archiwum-aleksandra-kwasniewskiego\/aktualnosci\/rok-2003\/uroczystosci-upamietniajace-60-rocznice-tragedii-wolynskiej,30397,archive\">Na ofici\u00e1ln\u00edm webu Prezidenta Polska<\/a>\u00a0najdete tato\u00a0<span class=\"mw-page-title-main\">\u00a0\u0161okuj\u00edc\u00ed slova o Voly\u0148sk\u00e9m masakru a sou\u010dasn\u00e9 ukrajinsk\u00e9 politice oslavov\u00e1n\u00ed jeho str\u016fjc\u016f:\u00a0<i>\u017d\u00e1dn\u00fd c\u00edl nebo hodnota, by\u0165 tak vzne\u0161en\u00e1 jako svoboda a suverenita n\u00e1roda, nem\u016f\u017ee ospravedlnit\u00a0<b>genocidu<\/b>, vra\u017ed\u011bn\u00ed civilist\u016f, n\u00e1sil\u00ed a zn\u00e1sil\u0148ov\u00e1n\u00ed, zp\u016fsobuj\u00edc\u00ed krut\u00e9 utrpen\u00ed bli\u017en\u00edmu.<\/i><\/span><\/p>\n<p><a href=\"https:\/\/kovel.media\/tag\/vulyczya-gagarina\/\">P\u0159esto byla v \u0159\u00edjnu 2022 p\u0159ejmenov\u00e1na<\/a>\u00a0ve m\u011bst\u011b Kovel ulice Jurije Gagarina na ulici Klyma Savura! 14.10.2022\u00a0<a href=\"https:\/\/ror.gov.ua\/novyny\/v-urochishi-gutvin-vidznachili-80-richchya-stvorennya-upa-1665688011\">se konala dokonce ukrajinsk\u00e1 st\u00e1tn\u00ed oslava<\/a>\u00a0v\u00fdro\u010d\u00ed zalo\u017een\u00ed UPA na m\u00edst\u011b, kde m\u011bl sv\u00e9 velitelstv\u00ed zakladatel UPA Klym Savur, a kde je jeho dal\u0161\u00ed pam\u00e1tn\u00edk! P\u0159i oslav\u011b nezazn\u011blo jedin\u00e9 slovo o l\u00edtosti sou\u010dasn\u00e9 vl\u00e1dy nad \u010diny tohoto arci-zlo\u010dince! Ukrajinci trvale hl\u00e1saj\u00ed, \u017ee o\u010der\u0148ov\u00e1n\u00ed Klyma Savura je d\u00edlem rusk\u00fdch tajn\u00fdch slu\u017eeb.\u00a0<a href=\"https:\/\/www.novinky.cz\/clanek\/historie-cesky-malin-byl-vypalen-po-krvave-nedeli-na-volyni-40437364\">UPA pod velen\u00edm Klyma Savura ov\u0161em brut\u00e1ln\u011b vyhladila podle r\u016fzn\u00fdch pramen\u016f<\/a>\u00a0a\u017e 200 tis\u00edc obyvatel Volyn\u011b a Lvovsk\u00e9 oblasti, v\u010detn\u011b kojenc\u016f! A velitel za genocidu nese p\u0159\u00edmou odpov\u011bdnost!<\/p>\n<p>Podle Judikatury Nejvy\u0161\u0161\u00edho soudu USA v kauze japonsk\u00e9ho\u00a0<a href=\"https:\/\/cs.wikipedia.org\/wiki\/Tomojuki_Jama%C5%A1ita\">gener\u00e1la Jama\u0161ity<\/a>\u00a0\u00a0jsou\u00a0<a href=\"https:\/\/www.law.cornell.edu\/wex\/command_responsibility\">velitel\u00e9\u00a0<em>do ur\u010dit\u00e9 m\u00edry odpov\u011bdn\u00ed za sv\u00e9 pod\u0159\u00edzen\u00e9, a vojen\u0161t\u00ed velitel\u00e9 maj\u00ed kladnou povinnost p\u0159ijmout takov\u00e1 opat\u0159en\u00ed v r\u00e1mci sv\u00e9 moci a p\u0159im\u011b\u0159en\u00e9 okolnostem, aby ochr\u00e1nili v\u00e1le\u010dn\u00e9 zajatce a civiln\u00ed obyvatelstvo p\u0159ed poru\u0161ov\u00e1n\u00edm v\u00e1le\u010dn\u00e9ho pr\u00e1va<\/em><\/a>! Jama\u0161ita byl odsouzen k trestu smrti,\u00a0<a href=\"https:\/\/supreme.justia.com\/cases\/federal\/us\/327\/1\/\">proto\u017ee podle Nejvy\u0161\u0161\u00edho soudu USA<\/a>\u00a0<em>nesplnil svou povinnost velitele arm\u00e1dy \u0159\u00eddit operace sv\u00fdch jednotek a \u201eumo\u017enil jim p\u00e1chat\u201c specifikovan\u00e1 zv\u011brstva na civiln\u00edm obyvatelstvu a v\u00e1le\u010dn\u00fdch zajatc\u00edch. Navrhovatel byl uzn\u00e1n vinn\u00fdm a odsouzen k trestu smrti<\/em>.<\/p>\n<p>Podle logiky sou\u010dasn\u00e9ho kyjevsk\u00e9ho re\u017eimu by tak m\u011bla sou\u010dasn\u00e1 \u010desk\u00e1 vl\u00e1da postavit nacistick\u00fdm zlo\u010dinc\u016fm K. H. Frankovi, Reinhardu Heydrichovi, Heinrichu Himmlerovi a hlavn\u011b Emanuelu Moravcovi, pomn\u00edky, pam\u00e1tn\u00edky, a p\u0159ejmenovat na jejich po\u010dest ulice, proto\u017ee to byli hrdinov\u00e9, kte\u0159\u00ed bojovali proti rusk\u00fdm bol\u0161evik\u016fm!\u00a0<a href=\"http:\/\/michalapetr.cz\/doku.php#map_977_eu_ma_konstruktivne_prerozdelovat_uprchliky_do_ceska_i_na_slovensko_navrhli_pirati\">Stejn\u011b jako d\u011bda sou\u010dasn\u00fdch vl\u00e1dn\u00edch pir\u00e1t\u016f Ferjen\u010d\u00edk\u016f<\/a>, kter\u00fd v roce 1939 u\u017e pochodoval s Hitlerem na Polsko, a v roce 1941 byl dokonce za \u00fa\u010dast v ta\u017een\u00ed na Kyjev pov\u00fd\u0161en na podplukovn\u00edka, jak jsme odhalili v MAP 977!<\/p>\n<p>Proto\u017ee je letos 80. v\u00fdro\u010d\u00ed Voly\u0148sk\u00e9 \u0159e\u017ee, a Pol\u00e1ci se bou\u0159ili, \u017ee se jim Ukrajinci necht\u011bj\u00ed omluvit, ani vyvodit z vra\u017ed\u011bn\u00ed \u017e\u00e1dn\u00e9 d\u016fsledky, tak rafinovan\u00fd prezident<a href=\"https:\/\/www.ceskenoviny.cz\/zpravy\/2388042\">\u00a0Zelenskyj pozval p\u0159ed p\u00e1r dny<\/a>\u00a0polsk\u00e9ho prezidenta Dudu do m\u011bsta Luck, a tam v katedr\u00e1le Svat\u00e9ho Petra a Pavla prov\u00e1d\u011bli tzv. ritu\u00e1l usm\u00ed\u0159en\u00ed. B\u016fh m\u00e1 ov\u0161em smysl pro humor, a tak se polsk\u00fd prezident\u00a0<a href=\"https:\/\/www.google.com\/maps\/place\/Klyma+Savurya+St,+Luts'k,+Volyns'ka+oblast,+Ukrajina,+43000\/@50.7399948,25.3127916,14.42z\/data=!4m6!3m5!1s0x472599ff47972ba5:0x36f0ae7fec2c59d9!8m2!3d50.7475519!4d25.3495865!16s%2Fg%2F1tgdgrhw?entry=ttu\">usmi\u0159oval s Ukrajinci pouh\u00fdch 2200 metr\u016f<\/a>\u00a0od jedn\u00e9 z hlavn\u00edch ulic m\u011bsta Luck, kter\u00e1 je nyn\u00ed p\u0159ejmenovan\u00e1 po hlavn\u00edm organiz\u00e1torovi vra\u017ed\u011bn\u00ed na ulici Klym Savur, a to nejsp\u00ed\u0161 proto, \u017ee samotn\u00ed pravov\u011brn\u00ed Banderovci by neradi na tabuli s n\u00e1zvem ulice \u010detli skute\u010dn\u00e9 jm\u00e9no tohoto jejich n\u00e1rodn\u00edho hrdiny\u00a0<b><a href=\"https:\/\/pl.wikipedia.org\/wiki\/Dmytro_Klaczkiwski\">Klaczkiwski<\/a>!\u00a0<\/b><\/p>\n<p><a href=\"https:\/\/www.michalapetr.com\/map-1731-pamatnik-reinharda-heydricha-v-lidicich-desivy-dusledek-soucasne-politiky-vlady-cr\/\">Michael Svato\u0161<\/a><\/p>\n<p><img decoding=\"async\" loading=\"lazy\" class=\"alignnone size-full wp-image-27204\" src=\"http:\/\/www.infokuryr.cz\/n\/wp-content\/uploads\/2023\/05\/Michael_Svatos.png\" alt=\"\" width=\"180\" height=\"180\" srcset=\"https:\/\/www.infokuryr.cz\/n\/wp-content\/uploads\/2023\/05\/Michael_Svatos.png 180w, https:\/\/www.infokuryr.cz\/n\/wp-content\/uploads\/2023\/05\/Michael_Svatos-150x150.png 150w\" sizes=\"(max-width: 180px) 100vw, 180px\" \/><\/p>\n<p>&nbsp;<\/p>\n<p><a href=\"https:\/\/stranapro.cz\/\"><img decoding=\"async\" loading=\"lazy\" class=\"wp-image-30218 aligncenter\" src=\"http:\/\/www.infokuryr.cz\/n\/wp-content\/uploads\/2023\/06\/PRO-banner-300x36.png\" alt=\"\" width=\"1367\" height=\"164\" srcset=\"https:\/\/www.infokuryr.cz\/n\/wp-content\/uploads\/2023\/06\/PRO-banner-300x36.png 300w, https:\/\/www.infokuryr.cz\/n\/wp-content\/uploads\/2023\/06\/PRO-banner-768x93.png 768w, https:\/\/www.infokuryr.cz\/n\/wp-content\/uploads\/2023\/06\/PRO-banner.png 849w\" sizes=\"(max-width: 1367px) 100vw, 1367px\" \/><\/a><\/p>\n<p>&nbsp;<\/p>\n<p>&nbsp;<\/p>\n<p>&nbsp;<\/p>\n","protected":false},"excerpt":{"rendered":"<p>Na fotografii vid\u00edte jednu z hlav tzv. Pravoslavn\u00e9 c\u00edrkve Ukrajiny, kter\u00e1 je v opozici proti&#8230;<\/p>\n","protected":false},"author":2,"featured_media":24351,"comment_status":"closed","ping_status":"closed","sticky":false,"template":"","format":"standard","meta":[],"categories":[6],"tags":[1650,597,1131,26,99],"_links":{"self":[{"href":"https:\/\/www.infokuryr.cz\/n\/wp-json\/wp\/v2\/posts\/32351"}],"collection":[{"href":"https:\/\/www.infokuryr.cz\/n\/wp-json\/wp\/v2\/posts"}],"about":[{"href":"https:\/\/www.infokuryr.cz\/n\/wp-json\/wp\/v2\/types\/post"}],"author":[{"embeddable":true,"href":"https:\/\/www.infokuryr.cz\/n\/wp-json\/wp\/v2\/users\/2"}],"replies":[{"embeddable":true,"href":"https:\/\/www.infokuryr.cz\/n\/wp-json\/wp\/v2\/comments?post=32351"}],"version-history":[{"count":0,"href":"https:\/\/www.infokuryr.cz\/n\/wp-json\/wp\/v2\/posts\/32351\/revisions"}],"wp:featuredmedia":[{"embeddable":true,"href":"https:\/\/www.infokuryr.cz\/n\/wp-json\/wp\/v2\/media\/24351"}],"wp:attachment":[{"href":"https:\/\/www.infokuryr.cz\/n\/wp-json\/wp\/v2\/media?parent=32351"}],"wp:term":[{"taxonomy":"category","embeddable":true,"href":"https:\/\/www.infokuryr.cz\/n\/wp-json\/wp\/v2\/categories?post=32351"},{"taxonomy":"post_tag","embeddable":true,"href":"https:\/\/www.infokuryr.cz\/n\/wp-json\/wp\/v2\/tags?post=32351"}],"curies":[{"name":"wp","href":"https:\/\/api.w.org\/{rel}","templated":true}]}}