{"id":32330,"date":"2023-07-18T03:45:32","date_gmt":"2023-07-18T01:45:32","guid":{"rendered":"http:\/\/www.infokuryr.cz\/n\/?p=32330"},"modified":"2023-07-18T03:45:32","modified_gmt":"2023-07-18T01:45:32","slug":"banda-uprchliku-znasilnila-ve-spanelsku-devce-nemecka-a-ceska-media-pisi-o-mladych-nemcich","status":"publish","type":"post","link":"https:\/\/www.infokuryr.cz\/n\/2023\/07\/18\/banda-uprchliku-znasilnila-ve-spanelsku-devce-nemecka-a-ceska-media-pisi-o-mladych-nemcich\/","title":{"rendered":"Banda uprchl\u00edk\u016f zn\u00e1silnila ve \u0160pan\u011blsku dev\u010de. N\u011bmeck\u00e1 a \u010desk\u00e1 media p\u00ed\u0161\u00ed o \u201emlad\u00fdch N\u011bmc\u00edch\u201c"},"content":{"rendered":"<div id=\"fb-root\"><\/div>\n<p>O v\u00edkendu d<strong>o\u0161lo na \u0161pan\u011blsk\u00e9m ostrov\u011b Mallorka k hromadn\u00e9mu zn\u00e1siln\u011bn\u00ed mlad\u00e9 d\u00edvky (18). Pachatel\u00e9 jsou banda tureck\u00fdch imigrant\u016f s n\u011bmeck\u00fdm ob\u010danstv\u00edm<\/strong>. A\u010dkoliv<a href=\"https:\/\/jungefreiheit.de\/politik\/ausland\/2023\/untersuchunghaft-fuer-deutsche-urlauber\/\">\u00a0\u0161pan\u011blsk\u00e1 media p\u00ed\u0161\u00ed o p\u016fvodu pachatel\u016f<\/a>, tak\u00a0<strong>v n\u011bmeck\u00fdch establishmentov\u00fdch medi\u00edch se p\u00ed\u0161e o \u201en\u011bmeck\u00e9 sme\u010dce\u201c, nebo \u201e<a href=\"https:\/\/www.bild.de\/news\/ausland\/news-ausland\/vergewaltigung-auf-mallorca-tatverdaechtige-mit-migrationshintergrund-84695260.bild.html\">n\u011bmeck\u00fdch mlad\u00edc\u00edch<\/a>\u201e! Bohu\u017eel podobn\u00e9 \u010dl\u00e1nky vid\u00edme i \u010desk\u00fdch medi\u00edch,<\/strong>\u00a0kde se k t\u00e9to trapn\u00e9 multikulturn\u00ed \u201edemage control\u201c p\u0159idal i jinak celkem solidn\u00ed den\u00edk\u00a0<a href=\"https:\/\/www.parlamentnilisty.cz\/arena\/monitor\/-Nemecka-smecka-Mallorca-6-Nemcu-znasilnilo-zenu-Neskutecny-konec-739698\">Parlamentn\u00ed listy<\/a>.<\/p>\n<p><strong>C\u00edlem kampan\u011b je zakr\u00fdt skute\u010dn\u00fd rozsah probl\u00e9mu imigrantsk\u00e9 kriminality v Evrop\u011b. Jsou oblasti trestn\u011b pr\u00e1vn\u00edch skutk\u016f, kde imigranti v\u00fdrazn\u011b dominuj\u00ed, a\u010dkoliv je jich ve spole\u010dnosti nepom\u011brn\u011b men\u0161\u00ed po\u010det ne\u017e domorodc\u016f. Hromadn\u00e1 zn\u00e1siln\u011bn\u00ed \u017een jsou jednou z dom\u00e9n imigrantsk\u00e9 kriminality a vych\u00e1zej\u00ed z odli\u0161n\u00e9ho kulturn\u00edho prost\u0159ed\u00ed muslimsk\u00fdch imigrant\u016f<\/strong>.<\/p>\n<p>V\u00a0<strong>\u010cR je ta nap\u0159\u00edklad v\u00fdroba a prodej drog, kde maj\u00ed podle statistik Vietnamci kr\u00e1t 10 vy\u0161\u0161\u00ed zastoupen\u00ed jako pachatel\u00e9 ne\u017e \u010ce\u0161i (v\u010detn\u011b Cik\u00e1n\u016f) a to p\u0159esto, \u017ee maj\u00ed maxim\u00e1ln\u00ed mo\u017en\u00e9 kryt\u00ed ze strany nejvy\u0161\u0161\u00edch politick\u00fdch kruh\u016f.<\/strong><\/p>\n<p>Pou\u010den\u00ed z toho je jednoduch\u00e9.<strong>\u00a0Jako se Turek, Arab, \u010dernoch nikdy nem\u016f\u017ee st\u00e1t N\u011bmcem, tak se nem\u016f\u017ee Vietnamec. \u010c\u00ed\u0148an atd. st\u00e1t \u010cechem. B\u00fdt \u010cech nen\u00ed jen o st\u00e1tn\u00edm ob\u010danstv\u00ed. Je to p\u0159edev\u0161\u00edm o kulturn\u00edch ko\u0159enech, mate\u0159sk\u00e9m jazyce, barv\u011b pleti a pocitu p\u0159\u00edslu\u0161nosti ke sv\u00e9mu n\u00e1rodu!\u00a0<\/strong>P\u0159esta\u0148me si proto nalh\u00e1vat, \u017ee\u00a0<strong>se barevn\u00ed imigranti mohou do \u010desk\u00e9 spole\u010dnosti integrovat. Nemohu a oni ani necht\u011bj\u00ed.<\/strong><\/p>\n<p><a href=\"https:\/\/ceskavec.com\/2023\/07\/banda-uprchliku-znasilnila-ve-spanelsku-devce-nemecka-a-ceska-media-pisi-o-mladych-nemcich\">Aroon G.<\/a><\/p>\n<p>&nbsp;<\/p>\n<p><a href=\"https:\/\/stranapro.cz\/\"><img decoding=\"async\" loading=\"lazy\" class=\"wp-image-30218 aligncenter\" src=\"http:\/\/www.infokuryr.cz\/n\/wp-content\/uploads\/2023\/06\/PRO-banner-300x36.png\" alt=\"\" width=\"1358\" height=\"163\" srcset=\"https:\/\/www.infokuryr.cz\/n\/wp-content\/uploads\/2023\/06\/PRO-banner-300x36.png 300w, https:\/\/www.infokuryr.cz\/n\/wp-content\/uploads\/2023\/06\/PRO-banner-768x93.png 768w, https:\/\/www.infokuryr.cz\/n\/wp-content\/uploads\/2023\/06\/PRO-banner.png 849w\" sizes=\"(max-width: 1358px) 100vw, 1358px\" \/><\/a><\/p>\n<p>&nbsp;<\/p>\n<p>&nbsp;<\/p>\n<p>&nbsp;<\/p>\n","protected":false},"excerpt":{"rendered":"<p>O v\u00edkendu do\u0161lo na \u0161pan\u011blsk\u00e9m ostrov\u011b Mallorka k hromadn\u00e9mu zn\u00e1siln\u011bn\u00ed mlad\u00e9 d\u00edvky (18). Pachatel\u00e9 jsou&#8230;<\/p>\n","protected":false},"author":2,"featured_media":32331,"comment_status":"closed","ping_status":"closed","sticky":false,"template":"","format":"standard","meta":[],"categories":[7],"tags":[119,429,440,366],"_links":{"self":[{"href":"https:\/\/www.infokuryr.cz\/n\/wp-json\/wp\/v2\/posts\/32330"}],"collection":[{"href":"https:\/\/www.infokuryr.cz\/n\/wp-json\/wp\/v2\/posts"}],"about":[{"href":"https:\/\/www.infokuryr.cz\/n\/wp-json\/wp\/v2\/types\/post"}],"author":[{"embeddable":true,"href":"https:\/\/www.infokuryr.cz\/n\/wp-json\/wp\/v2\/users\/2"}],"replies":[{"embeddable":true,"href":"https:\/\/www.infokuryr.cz\/n\/wp-json\/wp\/v2\/comments?post=32330"}],"version-history":[{"count":0,"href":"https:\/\/www.infokuryr.cz\/n\/wp-json\/wp\/v2\/posts\/32330\/revisions"}],"wp:featuredmedia":[{"embeddable":true,"href":"https:\/\/www.infokuryr.cz\/n\/wp-json\/wp\/v2\/media\/32331"}],"wp:attachment":[{"href":"https:\/\/www.infokuryr.cz\/n\/wp-json\/wp\/v2\/media?parent=32330"}],"wp:term":[{"taxonomy":"category","embeddable":true,"href":"https:\/\/www.infokuryr.cz\/n\/wp-json\/wp\/v2\/categories?post=32330"},{"taxonomy":"post_tag","embeddable":true,"href":"https:\/\/www.infokuryr.cz\/n\/wp-json\/wp\/v2\/tags?post=32330"}],"curies":[{"name":"wp","href":"https:\/\/api.w.org\/{rel}","templated":true}]}}