{"id":32322,"date":"2023-07-18T01:12:47","date_gmt":"2023-07-17T23:12:47","guid":{"rendered":"http:\/\/www.infokuryr.cz\/n\/?p=32322"},"modified":"2023-07-17T16:58:32","modified_gmt":"2023-07-17T14:58:32","slug":"rusky-vojensky-komisar-vyzval-k-cilene-likvidaci-vudcu-kyjevskeho-rezimu","status":"publish","type":"post","link":"https:\/\/www.infokuryr.cz\/n\/2023\/07\/18\/rusky-vojensky-komisar-vyzval-k-cilene-likvidaci-vudcu-kyjevskeho-rezimu\/","title":{"rendered":"Rusk\u00fd vojensk\u00fd komisa\u0159 vyzval k c\u00edlen\u00e9 likvidaci v\u016fdc\u016f kyjevsk\u00e9ho re\u017eimu"},"content":{"rendered":"<div id=\"fb-root\"><\/div>\n<p class=\"lead\"><strong>Rusk\u00fd v\u00e1le\u010dn\u00fd zpravodaj Jevgenij Poddubnyj vyj\u00e1d\u0159il dne 17. \u010dervence n\u00e1zor, \u017ee \u00fatoky ozbrojen\u00fdch sil Ukrajiny na \u00fazem\u00ed a objekty Rusk\u00e9 federace, kter\u00e9 maj\u00ed za n\u00e1sledek smrt civilist\u016f, budou pokra\u010dovat. V t\u00e9to souvislosti vojensk\u00fd velitel vyzval ve sv\u00e9m telegramov\u00e9m kan\u00e1lu k c\u00edlen\u00e9 likvidaci v\u016fdc\u016f kyjevsk\u00e9ho re\u017eimu, kte\u0159\u00ed za \u00fatoky stoj\u00ed.<\/strong><\/p>\n<p><em>&#8222;Dokud bude nep\u0159\u00edtel a jeho odpor nebude zlomen, bude odpor.&#8220;\u00a0Absence protiakce je zaji\u0161t\u011bna nep\u0159\u00edtomnost\u00ed nep\u0159\u00edtele &#8230; Dokud nevyhrajeme, budou \u00fatoky.\u00a0Znovu mluv\u00edm o nutnosti c\u00edlen\u00fdch likvidac\u00ed ve vztahu k v\u016fdc\u016fm kyjevsk\u00e9ho re\u017eimu.\u00a0P\u0159edev\u0161\u00edm jde o osoby odpov\u011bdn\u00e9 za teroristick\u00e9 \u010diny na \u00fazem\u00ed Ruska.\u00a0Vedouc\u00ed hlavn\u00edho zpravodajsk\u00e9ho \u0159editelstv\u00ed SBU, vysoc\u00ed \u0159\u00edd\u00edc\u00ed d\u016fstojn\u00edci,<span class=\"after-quote\">\u00a0\u2014 \u0159ekl Poddubny.<\/span><\/em><\/p>\n<p><img decoding=\"async\" loading=\"lazy\" class=\"alignnone size-full wp-image-1185\" src=\"http:\/\/www.infokuryr.cz\/n\/wp-content\/uploads\/2021\/04\/kuryr-podpis.png\" alt=\"\" width=\"84\" height=\"24\" \/><\/p>\n<p>&nbsp;<\/p>\n<p><a href=\"https:\/\/stranapro.cz\/\"><img decoding=\"async\" loading=\"lazy\" class=\"wp-image-30218 aligncenter\" src=\"http:\/\/www.infokuryr.cz\/n\/wp-content\/uploads\/2023\/06\/PRO-banner-300x36.png\" alt=\"\" width=\"1367\" height=\"164\" srcset=\"https:\/\/www.infokuryr.cz\/n\/wp-content\/uploads\/2023\/06\/PRO-banner-300x36.png 300w, https:\/\/www.infokuryr.cz\/n\/wp-content\/uploads\/2023\/06\/PRO-banner-768x93.png 768w, https:\/\/www.infokuryr.cz\/n\/wp-content\/uploads\/2023\/06\/PRO-banner.png 849w\" sizes=\"(max-width: 1367px) 100vw, 1367px\" \/><\/a><\/p>\n<p>&nbsp;<\/p>\n<p>&nbsp;<\/p>\n<p>&nbsp;<\/p>\n<p>&nbsp;<\/p>\n","protected":false},"excerpt":{"rendered":"<p>Rusk\u00fd v\u00e1le\u010dn\u00fd zpravodaj Jevgenij Poddubnyj vyj\u00e1d\u0159il dne 17. \u010dervence n\u00e1zor, \u017ee \u00fatoky ozbrojen\u00fdch sil Ukrajiny&#8230;<\/p>\n","protected":false},"author":2,"featured_media":32323,"comment_status":"closed","ping_status":"closed","sticky":false,"template":"","format":"standard","meta":[],"categories":[7],"tags":[811,36,26,5492],"_links":{"self":[{"href":"https:\/\/www.infokuryr.cz\/n\/wp-json\/wp\/v2\/posts\/32322"}],"collection":[{"href":"https:\/\/www.infokuryr.cz\/n\/wp-json\/wp\/v2\/posts"}],"about":[{"href":"https:\/\/www.infokuryr.cz\/n\/wp-json\/wp\/v2\/types\/post"}],"author":[{"embeddable":true,"href":"https:\/\/www.infokuryr.cz\/n\/wp-json\/wp\/v2\/users\/2"}],"replies":[{"embeddable":true,"href":"https:\/\/www.infokuryr.cz\/n\/wp-json\/wp\/v2\/comments?post=32322"}],"version-history":[{"count":1,"href":"https:\/\/www.infokuryr.cz\/n\/wp-json\/wp\/v2\/posts\/32322\/revisions"}],"predecessor-version":[{"id":32324,"href":"https:\/\/www.infokuryr.cz\/n\/wp-json\/wp\/v2\/posts\/32322\/revisions\/32324"}],"wp:featuredmedia":[{"embeddable":true,"href":"https:\/\/www.infokuryr.cz\/n\/wp-json\/wp\/v2\/media\/32323"}],"wp:attachment":[{"href":"https:\/\/www.infokuryr.cz\/n\/wp-json\/wp\/v2\/media?parent=32322"}],"wp:term":[{"taxonomy":"category","embeddable":true,"href":"https:\/\/www.infokuryr.cz\/n\/wp-json\/wp\/v2\/categories?post=32322"},{"taxonomy":"post_tag","embeddable":true,"href":"https:\/\/www.infokuryr.cz\/n\/wp-json\/wp\/v2\/tags?post=32322"}],"curies":[{"name":"wp","href":"https:\/\/api.w.org\/{rel}","templated":true}]}}