{"id":32313,"date":"2023-07-18T01:07:42","date_gmt":"2023-07-17T23:07:42","guid":{"rendered":"http:\/\/www.infokuryr.cz\/n\/?p=32313"},"modified":"2023-07-17T16:28:43","modified_gmt":"2023-07-17T14:28:43","slug":"moskva-oznacila-incident-na-krymskem-moste-za-teroristicky-cin","status":"publish","type":"post","link":"https:\/\/www.infokuryr.cz\/n\/2023\/07\/18\/moskva-oznacila-incident-na-krymskem-moste-za-teroristicky-cin\/","title":{"rendered":"Moskva ozna\u010dila incident na krymsk\u00e9m most\u011b za teroristick\u00fd \u010din"},"content":{"rendered":"<div id=\"fb-root\"><\/div>\n<p><strong>Na Krymsk\u00e9m most\u011b byl proveden teroristick\u00fd \u00fatok pomoc\u00ed dvou ukrajinsk\u00fdch bezpilotn\u00edch nadvodn\u00edch dron\u016f, oznamil rusk\u00fd N\u00e1rodn\u00ed protiteroristick\u00fd v\u00fdbor (NAK).<\/strong><\/p>\n<p>\u201eVe 03:05 do\u0161lo k \u00fatoku dvou ukrajinsk\u00fdch bezpilotn\u00edch letoun\u016f na Krymsk\u00fd most. V d\u016fsledku teroristick\u00e9ho \u00fatoku byla po\u0161kozena silni\u010dn\u00ed \u010d\u00e1st Krymsk\u00e9ho mostu. \u00datok si vy\u017e\u00e1dal \u017eivoty dvou dosp\u011bl\u00fdch, jedno d\u00edt\u011b utrp\u011blo zran\u011bn\u00ed,\u201d uv\u00e1d\u00ed se ve zpr\u00e1v\u011b pro tisk. Trestn\u00ed st\u00edh\u00e1n\u00ed bylo zah\u00e1jeno podle paragrafu Teroristick\u00fd \u010din.<\/p>\n<p>Rusko si z\u00e1rove\u0148 vyhranilo pr\u00e1vo adekv\u00e1tn\u011b reagovat. Mo\u017en\u00e1, \u017ee je to i Zelensk\u00e9ho konec, proto\u017ee rusk\u00e9 raketov\u00e9 s\u00edly se mohou trefit na p\u0159esnost jednoho metru.<\/p>\n<p><img decoding=\"async\" loading=\"lazy\" class=\"alignnone size-full wp-image-1185\" src=\"http:\/\/www.infokuryr.cz\/n\/wp-content\/uploads\/2021\/04\/kuryr-podpis.png\" alt=\"\" width=\"84\" height=\"24\" \/><\/p>\n<p>&nbsp;<\/p>\n<p><a href=\"http:\/\/Na Krymsk\u00e9m most\u011b byl proveden teroristick\u00fd \u00fatok pomoc\u00ed dvou ukrajinsk\u00fdch bezpilotn\u00edch nadvodn\u00edch dron\u016f, oznamil rusk\u00fd N\u00e1rodn\u00ed protiteroristick\u00fd v\u00fdbor (NAK). \u201eVe 03:05 do\u0161lo k \u00fatoku dvou ukrajinsk\u00fdch bezpilotn\u00edch letoun\u016f na Krymsk\u00fd most. V d\u016fsledku teroristick\u00e9ho \u00fatoku byla po\u0161kozena silni\u010dn\u00ed \u010d\u00e1st Krymsk\u00e9ho mostu. \u00datok si vy\u017e\u00e1dal \u017eivoty dvou dosp\u011bl\u00fdch, jedno d\u00edt\u011b utrp\u011blo zran\u011bn\u00ed,\u201d uv\u00e1d\u00ed se vezpr\u00e1v\u011b pro tisk. Trestn\u00ed st\u00edh\u00e1n\u00ed bylo zah\u00e1jeno podle paragrafu Teroristick\u00fd \u010din.\"><img decoding=\"async\" loading=\"lazy\" class=\"wp-image-30218 aligncenter\" src=\"http:\/\/www.infokuryr.cz\/n\/wp-content\/uploads\/2023\/06\/PRO-banner-300x36.png\" alt=\"\" width=\"1358\" height=\"163\" srcset=\"https:\/\/www.infokuryr.cz\/n\/wp-content\/uploads\/2023\/06\/PRO-banner-300x36.png 300w, https:\/\/www.infokuryr.cz\/n\/wp-content\/uploads\/2023\/06\/PRO-banner-768x93.png 768w, https:\/\/www.infokuryr.cz\/n\/wp-content\/uploads\/2023\/06\/PRO-banner.png 849w\" sizes=\"(max-width: 1358px) 100vw, 1358px\" \/><\/a><\/p>\n<p>&nbsp;<\/p>\n","protected":false},"excerpt":{"rendered":"<p>Na Krymsk\u00e9m most\u011b byl proveden teroristick\u00fd \u00fatok pomoc\u00ed dvou ukrajinsk\u00fdch bezpilotn\u00edch nadvodn\u00edch dron\u016f, oznamil rusk\u00fd&#8230;<\/p>\n","protected":false},"author":2,"featured_media":935,"comment_status":"closed","ping_status":"closed","sticky":false,"template":"","format":"standard","meta":[],"categories":[7],"tags":[5490,246,3128],"_links":{"self":[{"href":"https:\/\/www.infokuryr.cz\/n\/wp-json\/wp\/v2\/posts\/32313"}],"collection":[{"href":"https:\/\/www.infokuryr.cz\/n\/wp-json\/wp\/v2\/posts"}],"about":[{"href":"https:\/\/www.infokuryr.cz\/n\/wp-json\/wp\/v2\/types\/post"}],"author":[{"embeddable":true,"href":"https:\/\/www.infokuryr.cz\/n\/wp-json\/wp\/v2\/users\/2"}],"replies":[{"embeddable":true,"href":"https:\/\/www.infokuryr.cz\/n\/wp-json\/wp\/v2\/comments?post=32313"}],"version-history":[{"count":1,"href":"https:\/\/www.infokuryr.cz\/n\/wp-json\/wp\/v2\/posts\/32313\/revisions"}],"predecessor-version":[{"id":32314,"href":"https:\/\/www.infokuryr.cz\/n\/wp-json\/wp\/v2\/posts\/32313\/revisions\/32314"}],"wp:featuredmedia":[{"embeddable":true,"href":"https:\/\/www.infokuryr.cz\/n\/wp-json\/wp\/v2\/media\/935"}],"wp:attachment":[{"href":"https:\/\/www.infokuryr.cz\/n\/wp-json\/wp\/v2\/media?parent=32313"}],"wp:term":[{"taxonomy":"category","embeddable":true,"href":"https:\/\/www.infokuryr.cz\/n\/wp-json\/wp\/v2\/categories?post=32313"},{"taxonomy":"post_tag","embeddable":true,"href":"https:\/\/www.infokuryr.cz\/n\/wp-json\/wp\/v2\/tags?post=32313"}],"curies":[{"name":"wp","href":"https:\/\/api.w.org\/{rel}","templated":true}]}}