{"id":32300,"date":"2023-07-18T01:02:38","date_gmt":"2023-07-17T23:02:38","guid":{"rendered":"http:\/\/www.infokuryr.cz\/n\/?p=32300"},"modified":"2023-07-17T15:56:25","modified_gmt":"2023-07-17T13:56:25","slug":"srbsky-byvaly-nacelnik-generalniho-stabu-nato-se-pripravuje-na-velkou-valku-s-ruskem","status":"publish","type":"post","link":"https:\/\/www.infokuryr.cz\/n\/2023\/07\/18\/srbsky-byvaly-nacelnik-generalniho-stabu-nato-se-pripravuje-na-velkou-valku-s-ruskem\/","title":{"rendered":"Srbsk\u00fd b\u00fdval\u00fd n\u00e1\u010deln\u00edk gener\u00e1ln\u00edho \u0161t\u00e1bu: NATO se p\u0159ipravuje na \u201evelkou v\u00e1lku\u201c s Ruskem!"},"content":{"rendered":"<div id=\"fb-root\"><\/div>\n<p><span>N\u00e1znaky houstnou.\u00a0NATO z\u0159ejm\u011b pl\u00e1nuje p\u0159\u00edmou vojenskou konfrontaci s Ruskem na evropsk\u00e9 p\u016fd\u011b.\u00a0Sv\u011bd\u010d\u00ed o tom nejen ned\u00e1vn\u00fd p\u0159esun 300 000 (!) sil NATO do rusk\u00fdch pohrani\u010dn\u00edch oblast\u00ed Evropy,\u00a0<\/span><a href=\"https:\/\/www.fr.de\/politik\/nato-usa-operation-atlantic-resolve-biden-verlegt-tausende-soldaten-nach-europa-ostflanke-zr-92402919.html\"><span>p\u0159esun a\u017e 3 000 americk\u00fdch vojensk\u00fdch z\u00e1lo\u017en\u00edk\u016f do\u00a0<\/span><\/a><span>Evropy v r\u00e1mci \u201eAtlantic Resolve\u201c za \u00fa\u010delem pos\u00edlen\u00ed v\u00fdchodn\u00edho k\u0159\u00eddla NATO, ale tak\u00e9\u00a0ned\u00e1vn\u00e1\u00a0<\/span><a href=\"https:\/\/twitter.com\/onlydjole\/status\/1679972451214565376\"><span>prohl\u00e1\u0161en\u00ed<\/span><\/a><span> b\u00fdval\u00e9ho n\u00e1\u010deln\u00edka gener\u00e1ln\u00edho \u0161t\u00e1bu srbsk\u00e9 arm\u00e1dy gener\u00e1la Ljubi\u0161i Dikovi\u0107e.<\/span><\/p>\n<p><span style=\"font-size: 18pt;\"><strong>\u010cl\u00e1nek 5 NATO jako p\u0159ek\u00e1\u017eka pro p\u0159ijet\u00ed Ukrajiny<\/strong><\/span><\/p>\n<p><span>Dokud bude Ukrajina ve v\u00e1lce, nebude p\u0159ijata do NATO, proto\u017ee nikdo v t\u00e9to alianci nechce p\u0159\u00edm\u00fd konflikt s Ruskem, \u0159\u00edk\u00e1 b\u00fdval\u00fd n\u00e1\u010deln\u00edk gener\u00e1ln\u00edho \u0161t\u00e1bu srbsk\u00fdch ozbrojen\u00fdch sil.<\/span><\/p>\n<p><span>Dikovi\u0107 zd\u016fraz\u0148uje, \u017ee usnesen\u00ed summitu nejsou p\u0159ekvapen\u00edm.\u00a0Nebylo ani re\u00e1ln\u00e9 o\u010dek\u00e1vat, \u017ee NATO u\u010din\u00ed rozhodnut\u00ed o p\u0159ijet\u00ed Ukrajiny do aliance, a\u010dkoli byli \u010dlenov\u00e9, kte\u0159\u00ed tomu byli naklon\u011bni.\u00a0Poznamen\u00e1v\u00e1, \u017ee Amerika je nakonec t\u00e1z\u00e1na na v\u0161echno v alianci, v\u010detn\u011b ot\u00e1zky Ukrajiny.\u00a0Podle Dikovi\u010de je \u010dl\u00e1nek 5 Severoatlantick\u00e9 smlouvy hlavn\u00edm d\u016fvodem, pro\u010d Ukrajina nedostala pozv\u00e1n\u00ed do NATO, co\u017e by znamenalo, \u017ee pokud by tato zem\u011b byla p\u0159ijata, cel\u00e1 aliance by byla okam\u017eit\u011b ve v\u00e1lce s Ruskem.<\/span><\/p>\n<p><span style=\"font-size: 18pt;\"><strong>NATO se p\u0159ipravuje na v\u00e1lku<\/strong><\/span><\/p>\n<p><span>Proto, jak \u0159\u00edk\u00e1, bylo \u0159e\u010deno: &#8222;Ukrajinu nep\u0159ijmeme, ale nen\u00ed vylou\u010dena mo\u017enost jejich p\u0159ijet\u00ed, jak na tom trval chorvatsk\u00fd prezident Zoran Milanovi\u0107, i kdy\u017e bude spln\u011bno 50 000 podm\u00ednek.&#8220;<\/span><\/p>\n<p><span>Dikovi\u0107 tak\u00e9 prov\u011b\u0159uje nov\u00fd pl\u00e1n NATO proti rusk\u00fdm hrozb\u00e1m, p\u0159ijat\u00fd poprv\u00e9 od konce studen\u00e9 v\u00e1lky, kter\u00fd zahrnuje rozm\u00edst\u011bn\u00ed 300 000 p\u0159\u00edslu\u0161n\u00edk\u016f ozbrojen\u00fdch sil aliance v rusk\u00e9m sm\u011bru.<\/span><\/p>\n<p><em><span>\u201eP\u0159ipravuje se NATO na p\u0159\u00edm\u00fd konflikt \u2013 ano.\u00a0Kdy\u017e rozm\u00edst\u00edte a p\u0159iprav\u00edte 300 000 voj\u00e1k\u016f v oblasti p\u0159ita\u017een\u00e9 k Rusk\u00e9 federaci, nerozhodli jste se, \u017ee tam prost\u011b budou&#8230;<\/span><\/em><\/p>\n<p><span>Jde o strategick\u00fd rozvoj sil NATO pod rou\u0161kou hrozby, kterou p\u0159edstavuje Rusk\u00e1 federace.\u00a0Nyn\u00ed je pro n\u011b skv\u011bl\u00e1 p\u0159\u00edle\u017eitost, aby mohly nasadit ozbrojen\u00e9 s\u00edly, vyzbrojit je a po\u017eadovat, aby ka\u017ed\u00fd \u010dlensk\u00fd st\u00e1t vy\u010dlenil 2 % HDP na arm\u00e1du.<\/span><\/p>\n<p><span>A to je velk\u00fd tlak na Ruskou federaci.\u00a0<\/span><em><span>&#8222;Uvid\u00edme, jak dopadne rusk\u00e1 odpov\u011b\u010f, ale nez\u016fstane bez odezvy<\/span><\/em><span>\u00a0,&#8220; \u0159\u00edk\u00e1 gener\u00e1l.<\/span><\/p>\n<p><span>To v\u0161e je formou n\u00e1tlaku na Rusko, uzav\u00edr\u00e1 Dikovi\u0107, ale tak\u00e9 vynikaj\u00edc\u00ed p\u0159\u00edle\u017eitost\u00ed pro sjednocen\u00ed NATO, proto\u017ee \u201eNATO nen\u00ed tak uzav\u0159en\u00e9, nen\u00ed v n\u011bm harmonie \u2013 jsou zde rozd\u00edly a Ukrajina je vynikaj\u00edc\u00ed p\u0159\u00edle\u017eitost zam\u00e9st v\u0161e pod koberec.&#8220;<\/span><\/p>\n<p><img decoding=\"async\" loading=\"lazy\" class=\"alignnone size-full wp-image-1185\" src=\"http:\/\/www.infokuryr.cz\/n\/wp-content\/uploads\/2021\/04\/kuryr-podpis.png\" alt=\"\" width=\"84\" height=\"24\" \/><\/p>\n<p>&nbsp;<\/p>\n<p><a href=\"https:\/\/stranapro.cz\/\"><img decoding=\"async\" loading=\"lazy\" class=\"wp-image-30218 aligncenter\" src=\"http:\/\/www.infokuryr.cz\/n\/wp-content\/uploads\/2023\/06\/PRO-banner-300x36.png\" alt=\"\" width=\"1358\" height=\"163\" srcset=\"https:\/\/www.infokuryr.cz\/n\/wp-content\/uploads\/2023\/06\/PRO-banner-300x36.png 300w, https:\/\/www.infokuryr.cz\/n\/wp-content\/uploads\/2023\/06\/PRO-banner-768x93.png 768w, https:\/\/www.infokuryr.cz\/n\/wp-content\/uploads\/2023\/06\/PRO-banner.png 849w\" sizes=\"(max-width: 1358px) 100vw, 1358px\" \/><\/a><\/p>\n<p>&nbsp;<\/p>\n<p>&nbsp;<\/p>\n<p>&nbsp;<\/p>\n","protected":false},"excerpt":{"rendered":"<p>N\u00e1znaky houstnou.\u00a0NATO z\u0159ejm\u011b pl\u00e1nuje p\u0159\u00edmou vojenskou konfrontaci s Ruskem na evropsk\u00e9 p\u016fd\u011b.\u00a0Sv\u011bd\u010d\u00ed o tom nejen&#8230;<\/p>\n","protected":false},"author":2,"featured_media":32301,"comment_status":"closed","ping_status":"closed","sticky":false,"template":"","format":"standard","meta":[],"categories":[7],"tags":[39,3769,22,40],"_links":{"self":[{"href":"https:\/\/www.infokuryr.cz\/n\/wp-json\/wp\/v2\/posts\/32300"}],"collection":[{"href":"https:\/\/www.infokuryr.cz\/n\/wp-json\/wp\/v2\/posts"}],"about":[{"href":"https:\/\/www.infokuryr.cz\/n\/wp-json\/wp\/v2\/types\/post"}],"author":[{"embeddable":true,"href":"https:\/\/www.infokuryr.cz\/n\/wp-json\/wp\/v2\/users\/2"}],"replies":[{"embeddable":true,"href":"https:\/\/www.infokuryr.cz\/n\/wp-json\/wp\/v2\/comments?post=32300"}],"version-history":[{"count":1,"href":"https:\/\/www.infokuryr.cz\/n\/wp-json\/wp\/v2\/posts\/32300\/revisions"}],"predecessor-version":[{"id":32302,"href":"https:\/\/www.infokuryr.cz\/n\/wp-json\/wp\/v2\/posts\/32300\/revisions\/32302"}],"wp:featuredmedia":[{"embeddable":true,"href":"https:\/\/www.infokuryr.cz\/n\/wp-json\/wp\/v2\/media\/32301"}],"wp:attachment":[{"href":"https:\/\/www.infokuryr.cz\/n\/wp-json\/wp\/v2\/media?parent=32300"}],"wp:term":[{"taxonomy":"category","embeddable":true,"href":"https:\/\/www.infokuryr.cz\/n\/wp-json\/wp\/v2\/categories?post=32300"},{"taxonomy":"post_tag","embeddable":true,"href":"https:\/\/www.infokuryr.cz\/n\/wp-json\/wp\/v2\/tags?post=32300"}],"curies":[{"name":"wp","href":"https:\/\/api.w.org\/{rel}","templated":true}]}}