{"id":32299,"date":"2023-07-18T01:01:59","date_gmt":"2023-07-17T23:01:59","guid":{"rendered":"http:\/\/www.infokuryr.cz\/n\/?p=32299"},"modified":"2023-07-17T15:50:06","modified_gmt":"2023-07-17T13:50:06","slug":"nositel-nobelovy-ceny-neexistuje-zadna-klimaticka-krize-ale-vypraveni-o-ni-ohrozuje-miliardy-lidi","status":"publish","type":"post","link":"https:\/\/www.infokuryr.cz\/n\/2023\/07\/18\/nositel-nobelovy-ceny-neexistuje-zadna-klimaticka-krize-ale-vypraveni-o-ni-ohrozuje-miliardy-lidi\/","title":{"rendered":"Nositel Nobelovy ceny: Neexistuje \u017e\u00e1dn\u00e1 klimatick\u00e1 krize \u2013 ale vypr\u00e1v\u011bn\u00ed o n\u00ed ohro\u017euje miliardy lid\u00ed"},"content":{"rendered":"<div id=\"fb-root\"><\/div>\n<p><strong>Podle Dr.\u00a0Johna F. Clausera, nositele Nobelovy ceny za fyziku, lidstvo neohro\u017euje klimatick\u00e1 krize, ale p\u0159\u00edb\u011bh o n\u00ed.\u00a0Fyzik, kter\u00fd v minulosti kritizoval jednostrann\u00e9 modely, kter\u00e9 maj\u00ed p\u0159edpov\u00eddat klimatickou zm\u011bnu zp\u016fsobenou \u010dlov\u011bkem, odsuzuje \u201enebezpe\u010dnou korupci v\u011bdy\u201c.<\/strong><\/p>\n<p>Dr\u00a0Clauser obdr\u017eel v roce 2022 Nobelovu cenu za fyziku;\u00a0v roce 2010 mu ji\u017e byla ud\u011blena\u00a0<em>Wolfova cena za fyziku<\/em>\u00a0.\u00a0Kdy\u017e byla jeho pr\u00e1ce na v\u00fdvoji klimatick\u00fdch model\u016f v roce 2021 ocen\u011bna Nobelovou cenou, vyj\u00e1d\u0159il ostrou kritiku a \u0159ekl prezidentu Joe Bidenovi, \u017ee odm\u00edt\u00e1 jeho klimatickou politiku.\u00a0<strong>Clauser s\u00e1m vyvinul klimatick\u00fd model, kter\u00fd zahrnuje proces, kter\u00fd je ve st\u00e1vaj\u00edc\u00edch modelech do zna\u010dn\u00e9 m\u00edry ignorov\u00e1n: odraz sv\u011btla kupovit\u00fdmi mraky.<\/strong><\/p>\n<p>Ty pokr\u00fdvaj\u00ed jednu a\u017e dv\u011b t\u0159etiny Zem\u011b a odr\u00e1\u017eej\u00ed asi 90 procent dopadaj\u00edc\u00edho slune\u010dn\u00edho sv\u011btla zp\u011bt do vesm\u00edru.\u00a0Kdy\u017e slune\u010dn\u00ed sv\u011btlo dos\u00e1hne bezobla\u010dn\u00fdch oblast\u00ed zemsk\u00e9ho povrchu, z nich\u017e t\u0159i t\u0159etiny jsou pokryty oce\u00e1nem, zp\u016fsob\u00ed odpa\u0159ov\u00e1n\u00ed mo\u0159sk\u00e9 vody, co\u017e zp\u016fsob\u00ed tvorbu nov\u00fdch kupovit\u00fdch mrak\u016f.\u00a0Pokud se obla\u010dnost zmen\u0161uje a teplota stoup\u00e1, tvo\u0159\u00ed se dal\u0161\u00ed nov\u00e9 mraky.\u00a0<strong>Takto se stabilizuje teplota na zemsk\u00e9m povrchu: Clauser pova\u017euje tuto zp\u011btnou vazbu \u0159\u00edzenou variabilitu obla\u010dnosti za v\u00fdkonn\u00fd \u201etermostat\u201c.\u00a0<\/strong>Podle Clausera lze vliv CO2 na klima pova\u017eovat ve srovn\u00e1n\u00ed s vlivem obla\u010dnosti za zanedbateln\u00fd.<\/p>\n<p>Ozn\u00e1men\u00ed\u00a0<a href=\"https:\/\/co2coalition.org\/publications\/nobel-laureate-john-clauser-elected-to-co2-coalition-board-of-directors\/\" target=\"_blank\" rel=\"noreferrer noopener\">koalice CO2,<\/a> \u017ee Dr.\u00a0Clauser je v p\u0159edstavenstvu od kv\u011btna 2023, je vid\u011bt, \u017ee nap\u0159\u00edklad zpr\u00e1vy Mezivl\u00e1dn\u00edho panelu pro zm\u011bnu klimatu nebo N\u00e1rodn\u00ed akademie v\u011bd p\u0159ipou\u0161t\u011bj\u00ed, \u017ee vliv obla\u010dnosti je nejv\u011bt\u0161\u00edm faktorem nejistoty v p\u0159edpov\u011bd\u00edch klimatu \u2013 v\u00fdznamn\u011b ale nebyl u\u010din\u011bn \u017e\u00e1dn\u00fd pokrok v \u0159e\u0161en\u00ed tohoto probl\u00e9mu v modelech. Proto\u017ee by bylo tak z\u0159ejm\u00e9, \u017ee vypr\u00e1v\u011bn\u00ed o lidsky zp\u016fsoben\u00e9 zm\u011bn\u011b klimatu neodpov\u00edd\u00e1 realit\u011b?<\/p>\n<p>Pokud jde o vypr\u00e1v\u011bn\u00ed o klimatu, Dr.\u00a0Clauser pova\u017eoval v\u011bdu za zkorumpovanou.\u00a0<strong>Neexistuje \u017e\u00e1dn\u00e1 klimatick\u00e1 krize \u2013 ale vypr\u00e1v\u011bn\u00ed o jedn\u00e9 ohro\u017euje blahobyt miliard lid\u00ed.\u00a0<\/strong>CO2 Coalition ho cituje takto:<\/p>\n<p><em>Popul\u00e1rn\u00ed p\u0159\u00edb\u011bh o zm\u011bn\u011b klimatu odr\u00e1\u017e\u00ed nebezpe\u010dnou korupci v\u011bdy, kter\u00e1 ohro\u017euje glob\u00e1ln\u00ed ekonomiku a blahobyt miliard lid\u00ed.\u00a0Zav\u00e1d\u011bj\u00edc\u00ed klimatick\u00e1 v\u011bda se zm\u011bnila v masivn\u00ed \u0161okuj\u00edc\u00ed novin\u00e1\u0159skou pseudov\u011bdu.\u00a0Pseudov\u011bda se zase stala ob\u011btn\u00edm ber\u00e1nkem pro \u0159adu dal\u0161\u00edch nesouvisej\u00edc\u00edch zel.\u00a0Byl propagov\u00e1n a \u0161\u00ed\u0159en podobn\u011b pom\u00fdlen\u00fdmi obchodn\u00edmi marketingov\u00fdmi agenty, politiky, novin\u00e1\u0159i, vl\u00e1dn\u00edmi agenturami a ekology.<strong>Podle m\u00e9ho n\u00e1zoru neexistuje skute\u010dn\u00e1 klimatick\u00e1 krize.\u00a0Existuje v\u0161ak velmi re\u00e1ln\u00fd probl\u00e9m zajistit slu\u0161nou \u017eivotn\u00ed \u00farove\u0148 obrovsk\u00e9 sv\u011btov\u00e9 populaci as t\u00edm souvisej\u00edc\u00ed energetick\u00e1 krize.\u00a0To druh\u00e9 je zbyte\u010dn\u011b umocn\u011bno t\u00edm, co pova\u017euji za nespr\u00e1vnou klimatickou v\u011bdu.<\/strong><\/em><\/p>\n<p><em><cite><a href=\"https:\/\/co2coalition.org\/publications\/nobel-laureate-john-clauser-elected-to-co2-coalition-board-of-directors\/\" target=\"_blank\" rel=\"noreferrer noopener\">Dr\u00a0Clauser<\/a><\/cite><\/em><\/p>\n<p>Nezb\u00fdv\u00e1 ne\u017e doufat, \u017ee jeho Nobelova cena nebude pot\u00e9 odebr\u00e1na: Kritick\u00e9 n\u00e1zory na ty p\u0159\u00edb\u011bhy, kter\u00e9 slou\u017e\u00ed k p\u0159erozd\u011blov\u00e1n\u00ed miliard dolar\u016f, nejsou obecn\u011b v\u00edt\u00e1ny&#8230;<\/p>\n<p><img decoding=\"async\" loading=\"lazy\" class=\"alignnone size-full wp-image-1185\" src=\"http:\/\/www.infokuryr.cz\/n\/wp-content\/uploads\/2021\/04\/kuryr-podpis.png\" alt=\"\" width=\"84\" height=\"24\" \/><\/p>\n<p>&nbsp;<\/p>\n<p><a href=\"https:\/\/stranapro.cz\/\"><img decoding=\"async\" loading=\"lazy\" class=\"wp-image-30218 aligncenter\" src=\"http:\/\/www.infokuryr.cz\/n\/wp-content\/uploads\/2023\/06\/PRO-banner-300x36.png\" alt=\"\" width=\"1375\" height=\"165\" srcset=\"https:\/\/www.infokuryr.cz\/n\/wp-content\/uploads\/2023\/06\/PRO-banner-300x36.png 300w, https:\/\/www.infokuryr.cz\/n\/wp-content\/uploads\/2023\/06\/PRO-banner-768x93.png 768w, https:\/\/www.infokuryr.cz\/n\/wp-content\/uploads\/2023\/06\/PRO-banner.png 849w\" sizes=\"(max-width: 1375px) 100vw, 1375px\" \/><\/a><\/p>\n<p>&nbsp;<\/p>\n<p>&nbsp;<\/p>\n<p>&nbsp;<\/p>\n","protected":false},"excerpt":{"rendered":"<p>Podle Dr.\u00a0Johna F. Clausera, nositele Nobelovy ceny za fyziku, lidstvo neohro\u017euje klimatick\u00e1 krize, ale p\u0159\u00edb\u011bh&#8230;<\/p>\n","protected":false},"author":2,"featured_media":2569,"comment_status":"closed","ping_status":"closed","sticky":false,"template":"","format":"standard","meta":[],"categories":[7],"tags":[1042,873,276,4699],"_links":{"self":[{"href":"https:\/\/www.infokuryr.cz\/n\/wp-json\/wp\/v2\/posts\/32299"}],"collection":[{"href":"https:\/\/www.infokuryr.cz\/n\/wp-json\/wp\/v2\/posts"}],"about":[{"href":"https:\/\/www.infokuryr.cz\/n\/wp-json\/wp\/v2\/types\/post"}],"author":[{"embeddable":true,"href":"https:\/\/www.infokuryr.cz\/n\/wp-json\/wp\/v2\/users\/2"}],"replies":[{"embeddable":true,"href":"https:\/\/www.infokuryr.cz\/n\/wp-json\/wp\/v2\/comments?post=32299"}],"version-history":[{"count":0,"href":"https:\/\/www.infokuryr.cz\/n\/wp-json\/wp\/v2\/posts\/32299\/revisions"}],"wp:featuredmedia":[{"embeddable":true,"href":"https:\/\/www.infokuryr.cz\/n\/wp-json\/wp\/v2\/media\/2569"}],"wp:attachment":[{"href":"https:\/\/www.infokuryr.cz\/n\/wp-json\/wp\/v2\/media?parent=32299"}],"wp:term":[{"taxonomy":"category","embeddable":true,"href":"https:\/\/www.infokuryr.cz\/n\/wp-json\/wp\/v2\/categories?post=32299"},{"taxonomy":"post_tag","embeddable":true,"href":"https:\/\/www.infokuryr.cz\/n\/wp-json\/wp\/v2\/tags?post=32299"}],"curies":[{"name":"wp","href":"https:\/\/api.w.org\/{rel}","templated":true}]}}