{"id":32297,"date":"2023-07-18T01:00:49","date_gmt":"2023-07-17T23:00:49","guid":{"rendered":"http:\/\/www.infokuryr.cz\/n\/?p=32297"},"modified":"2023-07-17T15:47:09","modified_gmt":"2023-07-17T13:47:09","slug":"diktatura-nemecko-nyni-by-mel-platit-zakaz-opustit-zemi-pro-ty-kteri-smysleji-jinak","status":"publish","type":"post","link":"https:\/\/www.infokuryr.cz\/n\/2023\/07\/18\/diktatura-nemecko-nyni-by-mel-platit-zakaz-opustit-zemi-pro-ty-kteri-smysleji-jinak\/","title":{"rendered":"Diktatura N\u011bmecko: Nyn\u00ed by m\u011bl platit z\u00e1kaz opustit zemi pro ty, kte\u0159\u00ed sm\u00fd\u0161lej\u00ed jinak"},"content":{"rendered":"<div id=\"fb-root\"><\/div>\n<p><strong><span>Ka\u017ed\u00fd, kdo m\u00e1 \u0161patn\u00fd n\u00e1zor, by ji\u017e nem\u011bl dost\u00e1vat cestovn\u00ed doklady v N\u011bmecku.\u00a0Tento pl\u00e1n nepoch\u00e1z\u00ed z NDR, kde nejzvrhlej\u0161\u00ed spodina komunistick\u00e9 diktatury st\u0159\u00edlela a vra\u017edila \u017eeny a d\u011bti, kter\u00e9 cht\u011bly emigrovat.\u00a0Je sou\u010d\u00e1st\u00ed aktu\u00e1ln\u00edho legislativn\u00edho projektu vl\u00e1dy semafor\u016f.\u00a0Skute\u010dnost, \u017ee FDP tak\u00e9 pom\u00e1h\u00e1 nastolit tuto novou diktaturu, je obzvl\u00e1\u0161t\u011b odporn\u00e1.<\/span><\/strong><\/p>\n<p><span>&#8222;V\u017edycky m\u00e1te tak tvrd\u00fd v\u00fdb\u011br slov,&#8220; \u0159\u00edkaj\u00ed n\u011bkte\u0159\u00ed \u010dten\u00e1\u0159i.\u00a0Ale probl\u00e9my jako tyto si nezaslou\u017e\u00ed d\u011btsk\u00e9 rukavice.\u00a0Dne 7. \u010dervna 2023 p\u0159edlo\u017eily poslaneck\u00e9 kluby SPD, Zelen\u00ed a FDP n\u00e1vrh na usnesen\u00ed Bundestagu:<\/span><\/p>\n<p><em>Odm\u00edtnut\u00ed pasu p\u0159i \u00fa\u010dasti na zahrani\u010dn\u00edch akc\u00edch, kter\u00e9 sv\u00fdm obsahem odporuj\u00ed z\u00e1sad\u00e1m svobodn\u00e9ho demokratick\u00e9ho z\u00e1kladn\u00edho \u0159\u00e1du z\u00e1kladn\u00edho z\u00e1kona.<\/em><\/p>\n<p><span>Ani s t\u00edmto drz\u00fdm \u0161\u00edlenstv\u00edm se u\u017e nikdo nesna\u017e\u00ed skr\u00fdvat sv\u016fj totalitn\u00ed postoj.\u00a0<\/span><strong><span>M\u00e1 tak vzniknout pr\u00e1vn\u00ed z\u00e1klad, kter\u00fd zabr\u00e1n\u00ed tomu, aby lid\u00e9 ut\u00edkali z republiky jako ve vra\u017eedn\u00e9 NDR t\u00edm, \u017ee u\u017e nebudou cht\u00edt vyd\u00e1vat cestovn\u00ed doklady nev\u00edtan\u00fdm ob\u010dan\u016fm.\u00a0<\/span><\/strong><span>Navrhovan\u00fd z\u00e1kon je v rozporu se svobodn\u011b-demokratick\u00fdm z\u00e1kladn\u00edm \u0159\u00e1dem \u2013 a p\u0159edst\u00edr\u00e1, \u017ee chr\u00e1n\u00ed svobodn\u011bdemokratick\u00fd z\u00e1kladn\u00ed \u0159\u00e1d.<\/span><\/p>\n<p><span>N\u011bmeck\u00e9 \u00fa\u0159ady cht\u011bj\u00ed v budoucnu z \u00fatrob ur\u010dit, zda je ud\u00e1lost v zahrani\u010d\u00ed v rozporu se \u201ez\u00e1kladn\u00edm svobodn\u00fdm demokratick\u00fdm \u0159\u00e1dem z\u00e1kladn\u00edho z\u00e1kona\u201c.\u00a0V plynul\u00e9m p\u0159echodu je pak zm\u00edn\u011bn \u201epravicov\u00fd extremismus\u201c.\u00a0Pokud v\u00edme, n\u011bmeck\u00fd z\u00e1kladn\u00ed z\u00e1kon nestanov\u00ed rozd\u00edl mezi lidmi na z\u00e1klad\u011b jejich politick\u00fdch n\u00e1zor\u016f, stejn\u011b jako nenab\u00edz\u00ed mo\u017enost diskriminovat ty, kte\u0159\u00ed sm\u00fd\u0161lej\u00ed jinak.<\/span><\/p>\n<p><span>Dal\u0161\u00ed p\u0159ita\u017een\u00fd za vlasy p\u0159\u00edklad v tomto pohybu je velmi zaj\u00edmav\u00fd.\u00a0To popisuje, \u017ee \u201en\u011bmeck\u00fd st\u00e1tn\u00ed p\u0159\u00edslu\u0161n\u00edk\u201c m\u011bl zak\u00e1z\u00e1no cestovat do Afgh\u00e1nist\u00e1nu, proto\u017ee tam mohl b\u00fdt unesen.\u00a0Skute\u010dnost, \u017ee se Spolkov\u00e1 republika N\u011bmecko znepokojuje a znepokojuje, proto\u017ee jsou za osobu po\u017eadov\u00e1ny v\u00fdkupn\u00e9, lze p\u0159ijmout jen s hlasit\u00fdm sm\u00edchem.\u00a0<\/span><strong><span>Nakonec zem\u011b pumpuje miliardy na rozvojovou pomoc, vojenskou pomoc a dal\u0161\u00ed neplacen\u00e9 dary do cel\u00e9ho sv\u011bta, proto\u017ee lid\u00e9 v N\u011bmecku se pova\u017euj\u00ed za zachr\u00e1nce planety.\u00a0<\/span><\/strong><span>To, \u017ee je \u00fadol\u00ed Ahr st\u00e1le v trosk\u00e1ch, se d\u00e1 zmi\u0148ovat znovu a znovu \u2013 to prost\u011b nikoho nezaj\u00edm\u00e1.<\/span><\/p>\n<p><span>Shrnut\u00ed: N\u011bmeck\u00e1 koalice semafor\u016f chce, aby politi\u010dt\u00ed p\u0159edstavitel\u00e9 v budoucnu podle vlastn\u00edho uv\u00e1\u017een\u00ed h\u00e1dali, zda se n\u011bjak\u00fd N\u011bmec v zahrani\u010d\u00ed m\u016f\u017ee cht\u00edt z\u00fa\u010dastnit akce, kter\u00e1 nen\u00ed vhodn\u00e1.\u00a0Dareb\u00e1k, kter\u00fd by se cht\u011bl t\u0159eba domn\u00edvat, \u017ee se t\u00edm mysl\u00ed v\u0161ichni voli\u010di, sympatizanti a funkcion\u00e1\u0159i AfD.\u00a0<\/span><strong><span>Tak\u017ee pokud pasov\u00fd \u00fa\u0159edn\u00edk n\u011bjak p\u0159es \u0161kytavku, bolest b\u0159icha a vol\u00e1n\u00ed ze zelen\u00e9ho politbyra napadne, \u017ee ob\u010dan m\u016f\u017ee m\u00edt \u0161patn\u00fd n\u00e1zor, u\u017e pas nedostane.\u00a0<\/span><\/strong><span>A H\u00e1dej co?\u00a0Tyto podm\u00ednky si pr\u00fd vybrala v\u011bt\u0161ina v N\u011bmecku.\u00a0Tomu se \u0159\u00edk\u00e1 demokracie, \u00fadajn\u011b nejlep\u0161\u00ed dodnes zn\u00e1m\u00e1 forma vl\u00e1dy.<\/span><\/p>\n<p><em>Koment\u00e1\u0159 Williho Hubera<\/em><\/p>\n<p>&nbsp;<\/p>\n<p><a href=\"https:\/\/stranapro.cz\/\"><img decoding=\"async\" loading=\"lazy\" class=\"wp-image-30218 aligncenter\" src=\"http:\/\/www.infokuryr.cz\/n\/wp-content\/uploads\/2023\/06\/PRO-banner-300x36.png\" alt=\"\" width=\"1375\" height=\"165\" srcset=\"https:\/\/www.infokuryr.cz\/n\/wp-content\/uploads\/2023\/06\/PRO-banner-300x36.png 300w, https:\/\/www.infokuryr.cz\/n\/wp-content\/uploads\/2023\/06\/PRO-banner-768x93.png 768w, https:\/\/www.infokuryr.cz\/n\/wp-content\/uploads\/2023\/06\/PRO-banner.png 849w\" sizes=\"(max-width: 1375px) 100vw, 1375px\" \/><\/a><\/p>\n<p>&nbsp;<\/p>\n<p>&nbsp;<\/p>\n<p>&nbsp;<\/p>\n","protected":false},"excerpt":{"rendered":"<p>Ka\u017ed\u00fd, kdo m\u00e1 \u0161patn\u00fd n\u00e1zor, by ji\u017e nem\u011bl dost\u00e1vat cestovn\u00ed doklady v N\u011bmecku.\u00a0Tento pl\u00e1n nepoch\u00e1z\u00ed&#8230;<\/p>\n","protected":false},"author":2,"featured_media":32298,"comment_status":"closed","ping_status":"closed","sticky":false,"template":"","format":"standard","meta":[],"categories":[7],"tags":[5488,84,48],"_links":{"self":[{"href":"https:\/\/www.infokuryr.cz\/n\/wp-json\/wp\/v2\/posts\/32297"}],"collection":[{"href":"https:\/\/www.infokuryr.cz\/n\/wp-json\/wp\/v2\/posts"}],"about":[{"href":"https:\/\/www.infokuryr.cz\/n\/wp-json\/wp\/v2\/types\/post"}],"author":[{"embeddable":true,"href":"https:\/\/www.infokuryr.cz\/n\/wp-json\/wp\/v2\/users\/2"}],"replies":[{"embeddable":true,"href":"https:\/\/www.infokuryr.cz\/n\/wp-json\/wp\/v2\/comments?post=32297"}],"version-history":[{"count":0,"href":"https:\/\/www.infokuryr.cz\/n\/wp-json\/wp\/v2\/posts\/32297\/revisions"}],"wp:featuredmedia":[{"embeddable":true,"href":"https:\/\/www.infokuryr.cz\/n\/wp-json\/wp\/v2\/media\/32298"}],"wp:attachment":[{"href":"https:\/\/www.infokuryr.cz\/n\/wp-json\/wp\/v2\/media?parent=32297"}],"wp:term":[{"taxonomy":"category","embeddable":true,"href":"https:\/\/www.infokuryr.cz\/n\/wp-json\/wp\/v2\/categories?post=32297"},{"taxonomy":"post_tag","embeddable":true,"href":"https:\/\/www.infokuryr.cz\/n\/wp-json\/wp\/v2\/tags?post=32297"}],"curies":[{"name":"wp","href":"https:\/\/api.w.org\/{rel}","templated":true}]}}