{"id":32272,"date":"2023-07-17T05:13:55","date_gmt":"2023-07-17T03:13:55","guid":{"rendered":"http:\/\/www.infokuryr.cz\/n\/?p=32272"},"modified":"2023-07-17T05:13:55","modified_gmt":"2023-07-17T03:13:55","slug":"summit-nato-kde-je-hovezi","status":"publish","type":"post","link":"https:\/\/www.infokuryr.cz\/n\/2023\/07\/17\/summit-nato-kde-je-hovezi\/","title":{"rendered":"Summit NATO:  Kde je hov\u011bz\u00ed?"},"content":{"rendered":"<div id=\"fb-root\"><\/div>\n<section class=\"perex\"><strong>V roce 1984 vydala spole\u010dnost Wendy&#8217;s (americk\u00fd \u0159et\u011bzec rychl\u00e9ho ob\u010derstven\u00ed) reklamu, v n\u00ed\u017e vystupovala star\u0161\u00ed here\u010dka Clara Pellerov\u00e1. V reklam\u011b si Pellerov\u00e1 objednala hamburger u nejmenovan\u00e9ho konkurenta, ale dostala velmi velkou housku s velmi malou hov\u011bz\u00ed plackou uvnit\u0159.<\/strong><\/p>\n<p>Pellerov\u00e1 se p\u0159i prohl\u00eddce hamburgeru roz\u010dilen\u011b pod\u00edv\u00e1 nahoru a prohl\u00e1s\u00ed: \u201eKde je hov\u011bz\u00ed?\u201c<\/p>\n<\/section>\n<p>&nbsp;<\/p>\n<p><iframe loading=\"lazy\" title=\"A Scott Ritter Investigation: Agent Zelensky - Part 1\" width=\"640\" height=\"360\" src=\"https:\/\/www.youtube.com\/embed\/HLeBb6hPUC8?feature=oembed\" frameborder=\"0\" allow=\"accelerometer; autoplay; clipboard-write; encrypted-media; gyroscope; picture-in-picture; web-share\" allowfullscreen><\/iframe><\/p>\n<p>&nbsp;<\/p>\n<section class=\"clanek-obsah\">Po dvoudenn\u00edm summitu NATO, kter\u00fd se konal 11. a 12. \u010dervence ve Vilniusu, se nelze ubr\u00e1nit pocitu, \u017ee duch Clary Pellerov\u00e9 se p\u0159enesl i do ukrajinsk\u00e9ho prezidenta Volodymyra Zelensk\u00e9ho, kdy\u017e se zab\u00fdval v\u00fdsledky t\u00e9to akce a porovn\u00e1val je s o\u010dek\u00e1v\u00e1n\u00edmi, s nimi\u017e na summit vstupoval. Nev\u00edm, jak se ukrajinsky \u0159ekne \u201eKde je hov\u011bz\u00ed\u201c, ale n\u011bco podobn\u00e9ho muselo ukrajinsk\u00e9mu prezidentovi prob\u011bhnout hlavou, kdy\u017e zkoumal velk\u00fd \u201enicotn\u00fd hamburger\u201c, kter\u00fd mu NATO dodalo.<\/p>\n<p>C\u00edlem summitu ve Vilniusu bylo uk\u00e1zat jednotu a odhodl\u00e1n\u00ed aliance \u010delit v\u00fdzv\u00e1m, kter\u00e9 p\u0159edstavuje Rusko a prob\u00edhaj\u00edc\u00ed konflikt na Ukrajin\u011b. P\u0159ed summitem se hodn\u011b diskutovalo o vyhl\u00eddk\u00e1ch ukrajinsk\u00e9ho \u010dlenstv\u00ed v NATO. V\u0161echny strany byly srozum\u011bny s t\u00edm, \u017ee dokud konflikt mezi Ukrajinou a Ruskem z\u016fst\u00e1v\u00e1 v aktivn\u00ed f\u00e1zi, je ukrajinsk\u00e9 \u010dlenstv\u00ed nemo\u017en\u00e9, u\u017e jen proto, \u017ee podle \u010dl\u00e1nku 5 Charty NATO by se NATO okam\u017eit\u011b ocitlo ve v\u00e1lce s Ruskem, kter\u00e1 by m\u011bla velkou \u0161anci p\u0159ej\u00edt v jadernou.<\/p>\n<p>Pracovn\u00ed p\u0159edpoklad pro vilniusk\u00fd summit byl, \u017ee NATO zmocn\u00ed Ukrajinu k proveden\u00ed masivn\u00ed protiofenz\u00edvy, jej\u00edm\u017e c\u00edlem bude prolomit ruskou obranu a proniknout k Azovsk\u00e9mu mo\u0159i, \u010d\u00edm\u017e p\u0159eru\u0161\u00ed pozemn\u00ed most mezi Krymem a Ruskem a donut\u00ed Rusko k jedn\u00e1n\u00ed o ukon\u010den\u00ed konfliktu. V tomto okam\u017eiku by NATO po \u201ezmrazen\u00ed\u201c konfliktu za podm\u00ednek, kter\u00e9 by byly pro Rusko nev\u00fdhodn\u00e9, pozvalo Ukrajinu ke \u010dlenstv\u00ed, \u010d\u00edm\u017e by zahalilo ukrajinsk\u00e9 zisky ochranou podle \u010dl\u00e1nku 5 a z\u00e1rove\u0148 \u00fa\u010dinn\u011b kontrolovalo jak\u00e9koli budouc\u00ed rusk\u00e9 \u00fato\u010dn\u00e9 operace.<\/p>\n<p>V t\u00fddnech p\u0159edch\u00e1zej\u00edc\u00edch summitu se Ukrajina zoufale sna\u017eila splnit sv\u016fj \u00fakol a vrhla sv\u00e9 nov\u011b vytvo\u0159en\u00e9 \u00fato\u010dn\u00e9 brig\u00e1dy vycvi\u010den\u00e9 a vybaven\u00e9 NATO na p\u0159ipravenou ruskou obranu v akc\u00edch, kter\u00e9 ve srovn\u00e1n\u00ed s nechvaln\u011b proslul\u00fdm \u201eP\u0159epaden\u00edm lehk\u00e9 brig\u00e1dy\u201c vypadaly jako zt\u011blesn\u011bn\u00ed vojensk\u00e9ho pl\u00e1nov\u00e1n\u00ed a proveden\u00ed. Ukrajinsk\u00e1 protiofenz\u00edva byla zni\u010dena nebo po\u0161kozena, ani\u017e by dos\u00e1hla hlavn\u00edch rusk\u00fdch obrann\u00fdch pozic, a p\u0159inesla p\u0159ibli\u017en\u011b 20 000 ukrajinsk\u00fdch ob\u011bt\u00ed, p\u0159i\u010dem\u017e v\u011bt\u0161ina v\u00fdzbroje dodan\u00e9 NATO, v\u010detn\u011b tolik vychvalovan\u00fdch tank\u016f Leopard a bojov\u00fdch vozidel p\u011bchoty Bradley, byla zni\u010dena. M\u00edsto toho, aby Zelenskyj sv\u00fdm partner\u016fm v NATO p\u0159edstavil rozhoduj\u00edc\u00ed ukrajinsk\u00e9 v\u00edt\u011bzstv\u00ed, konfrontoval sv\u00e9 n\u011bkdej\u0161\u00ed spojence s krutou realitou, \u017ee nejen\u017ee konflikt s Ruskem v dohledn\u00e9 dob\u011b neskon\u010d\u00ed, ale tak\u00e9 s rostouc\u00edm v\u011bdom\u00edm, \u017ee a\u017e skon\u010d\u00ed, bude to jako rozhoduj\u00edc\u00ed rusk\u00e9 vojensk\u00e9 v\u00edt\u011bzstv\u00ed.<\/p>\n<p><a href=\"https:\/\/stranapro.cz\/\"><img decoding=\"async\" loading=\"lazy\" class=\"wp-image-30218 aligncenter\" src=\"http:\/\/www.infokuryr.cz\/n\/wp-content\/uploads\/2023\/06\/PRO-banner-300x36.png\" alt=\"\" width=\"1350\" height=\"162\" srcset=\"https:\/\/www.infokuryr.cz\/n\/wp-content\/uploads\/2023\/06\/PRO-banner-300x36.png 300w, https:\/\/www.infokuryr.cz\/n\/wp-content\/uploads\/2023\/06\/PRO-banner-768x93.png 768w, https:\/\/www.infokuryr.cz\/n\/wp-content\/uploads\/2023\/06\/PRO-banner.png 849w\" sizes=\"(max-width: 1350px) 100vw, 1350px\" \/><\/a><\/p>\n<p>V konfrontaci s touto skute\u010dnost\u00ed se NATO sna\u017eilo zm\u00edrnit o\u010dek\u00e1v\u00e1n\u00ed ohledn\u011b ukrajinsk\u00e9ho \u010dlenstv\u00ed. M\u00edsto toho, aby Ukrajin\u011b poskytlo konkr\u00e9tn\u00ed pl\u00e1n cesty ke \u010dlenstv\u00ed, NATO prohl\u00e1silo, \u017ee pozv\u00e1n\u00ed Ukrajin\u011b za\u0161le, a\u017e budou \u201espln\u011bny podm\u00ednky\u201c, z nich\u017e jednou je, \u017ee mus\u00ed b\u00fdt ukon\u010den konflikt s Ruskem. Jako cenu \u00fat\u011bchy nab\u00eddlo NATO z\u0159\u00edzen\u00ed Rady NATO-Ukrajina \u201ek podpo\u0159e politick\u00e9ho dialogu, anga\u017eovanosti, spolupr\u00e1ce a euroatlantick\u00fdch aspirac\u00ed Ukrajiny na \u010dlenstv\u00ed v NATO\u201c a sl\u00edbilo, \u017ee \u201ebude pokra\u010dovat v na\u0161\u00ed podpo\u0159e tak dlouho, jak bude t\u0159eba\u201c.<\/p>\n<p>Podle Zelensk\u00e9ho jsou tato slova pr\u00e1zdn\u00e1 tv\u00e1\u0159\u00ed v tv\u00e1\u0159 zhor\u0161uj\u00edc\u00ed se situaci na boji\u0161ti, kter\u00e9 bylo do zna\u010dn\u00e9 m\u00edry ur\u010deno p\u0159edchoz\u00ed podporou NATO. A krut\u00e1 realita boji\u0161t\u011b se r\u00fdsuje v okam\u017eiku, kdy Zelenskij odj\u00ed\u017ed\u00ed z Vilniusu s o m\u00e1lo v\u011bt\u0161\u00edm uji\u0161t\u011bn\u00edm, \u017ee NATO bude pokra\u010dovat v podpo\u0159e Ukrajiny v souladu s t\u00edm, co d\u011blalo doposud. Jedin\u00e9, co tato podpora zp\u016fsobila, je odsouzen\u00ed statis\u00edc\u016f ukrajinsk\u00fdch voj\u00e1k\u016f k smrti, zat\u00edmco ukrajinsk\u00e9 partnery v NATO p\u0159ipravila o zbrojn\u00ed arzen\u00e1ly i pokladny.<\/p>\n<p>Zelenskij se mus\u00ed rovn\u011b\u017e zamyslet nad slovy americk\u00e9ho prezidenta Joea Bidena, kter\u00fd v rozhovoru pro CNN poznamenal, \u017ee Ukrajina \u201enen\u00ed p\u0159ipravena na \u010dlenstv\u00ed v NATO\u201c, a dodal, \u017ee jak\u00fdkoli takov\u00fd dialog je \u201ep\u0159ed\u010dasn\u00fd\u201c, kdy\u017e se Ukrajina nach\u00e1z\u00ed uprost\u0159ed konfliktu. Biden rovn\u011b\u017e prohl\u00e1sil, \u017ee si nemysl\u00ed, \u201e\u017ee v NATO panuje jednota ohledn\u011b toho, zda nyn\u00ed p\u0159iv\u00e9st Ukrajinu do rodiny NATO, a \u017ee tento proces by se mohl uskute\u010dnit a\u017e pot\u00e9, co bude uzav\u0159ena m\u00edrov\u00e1 dohoda s Ruskem\u201c.<\/p>\n<p>Dosa\u017een\u00ed m\u00edru, kter\u00fd by vytvo\u0159il p\u0159\u00edzniv\u00e9 podm\u00ednky pro vstup Ukrajiny do NATO, v\u0161ak znamenalo, \u017ee Ukrajina mus\u00ed nejprve porazit ruskou arm\u00e1du na bitevn\u00edm poli. K tomu by Ukrajina pot\u0159ebovala, aby NATO radik\u00e1ln\u011b zm\u011bnilo formulaci, na jej\u00edm\u017e z\u00e1klad\u011b se vypo\u010d\u00edt\u00e1v\u00e1 sou\u010dasn\u00e1 \u00farove\u0148 vojensk\u00e9 pomoci, u\u017e jen proto, \u017ee sou\u010dasn\u00e1 formulace jednodu\u0161e \u0159e\u010deno nefunguje. NATO v\u0161ak nen\u00ed ochotno ani schopno tuto formulaci zm\u011bnit. Jeho c\u00edlem nikdy nebyla obrana Ukrajiny, ale sp\u00ed\u0161e por\u00e1\u017eka Ruska, za kterou je ochotno j\u00edt a\u017e do posledn\u00edho Ukrajince.<\/p>\n<p>Zelenskij p\u0159i\u0161el do Vilniusu jako z\u00e1kazn\u00edci do restaurac\u00ed rychl\u00e9ho ob\u010derstven\u00ed, plni o\u010dek\u00e1v\u00e1n\u00ed, \u017ee si objednaj\u00ed a zkonzumuj\u00ed lahodn\u00fd hamburger, jen aby se ocitl v roli Clary Pellerov\u00e9, kter\u00e1 roz\u010dilen\u011b k\u0159i\u010d\u00ed: \u201eKde je to hov\u011bz\u00ed?\u201c<\/p>\n<p>Nen\u00ed to role, kterou Zelenskij cht\u011bl nebo o\u010dek\u00e1val, kdy\u017e vstupoval do Vilniusk\u00e9ho summitu. V\u00edce ne\u017e 500 dn\u00ed byl obsazov\u00e1n do role novodob\u00e9 inkarnace Winstona Churchilla, hrdinsk\u00e9 postavy stoj\u00edc\u00ed pevn\u011b proti sil\u00e1m zla. Zelenskij se v\u0161ak pohybuje v divadle absurdity, kde vn\u00edm\u00e1n\u00ed p\u0159eva\u017euje nad realitou, dokud realita nezas\u00e1hne tvrd\u011b a sc\u00e9n\u00e1\u0159 se nezm\u011bn\u00ed. Vypr\u00e1v\u011bn\u00ed se p\u0159evrac\u00ed a Ukrajina se z hlavn\u00ed postavy st\u00e1v\u00e1 sou\u010d\u00e1st\u00ed vedlej\u0161\u00edho hereck\u00e9ho obsazen\u00ed. Politik Zelenskyj mus\u00ed b\u00fdt t\u00edmto obratem ud\u00e1lost\u00ed zklam\u00e1n. Ale Zelenskij-herec se prost\u011b pod\u00edv\u00e1 na slova, kter\u00e1 p\u0159ed n\u011bj polo\u017eili jin\u00ed, vezme si p\u0159\u00edklad a nahlas \u010dte.<\/p>\n<p>\u201eKde je hov\u011bz\u00ed?\u201c<\/p>\n<p>Na odpov\u011bdi nez\u00e1le\u017e\u00ed. \u017d\u00e1dn\u00e9 hov\u011bz\u00ed maso neexistuje. Je to jen sc\u00e9n\u00e1\u0159. A Zelenskij je jen herec, kter\u00fd hraje svou roli v tragick\u00e9 ope\u0159e, j\u00ed\u017e se stal rusko-ukrajinsk\u00fd konflikt, a bezmocn\u011b p\u0159ihl\u00ed\u017e\u00ed, jak jsou jeho n\u00e1rod a lid\u00e9 ob\u011btov\u00e1ni ve prosp\u011bch nefunk\u010dn\u00ed aliance NATO, kter\u00e1 proklamuje sv\u00e9 posl\u00e1n\u00ed jako m\u00edr, ale jej\u00edm\u017e jedin\u00fdm produktem je v\u00e1lka.<\/p>\n<p><strong>Scott Ritter<\/strong><\/p>\n<div class=\"podcarou\">\n<p><a href=\"https:\/\/www.informationclearinghouse.info\/57672.htm\" target=\"_blank\" rel=\"external noopener\">Scott Ritter: NATO Summit Serves Up Cringe Nothing-Burger<\/a> vy\u0161el 14.7.2023 na ICH. P\u0159eklad\u00a0<a href=\"https:\/\/zvedavec.news\/komentare\/2023\/07\/9711-kde-je-hovezi.htm\">Zvedavec.org<\/a><\/p>\n<p><a href=\"https:\/\/stranapro.cz\/\"><img decoding=\"async\" loading=\"lazy\" class=\"wp-image-30218 aligncenter\" src=\"http:\/\/www.infokuryr.cz\/n\/wp-content\/uploads\/2023\/06\/PRO-banner-300x36.png\" alt=\"\" width=\"1367\" height=\"164\" srcset=\"https:\/\/www.infokuryr.cz\/n\/wp-content\/uploads\/2023\/06\/PRO-banner-300x36.png 300w, https:\/\/www.infokuryr.cz\/n\/wp-content\/uploads\/2023\/06\/PRO-banner-768x93.png 768w, https:\/\/www.infokuryr.cz\/n\/wp-content\/uploads\/2023\/06\/PRO-banner.png 849w\" sizes=\"(max-width: 1367px) 100vw, 1367px\" \/><\/a><\/p>\n<\/div>\n<\/section>\n<p>&nbsp;<\/p>\n<p>&nbsp;<\/p>\n<p>&nbsp;<\/p>\n","protected":false},"excerpt":{"rendered":"<p>V roce 1984 vydala spole\u010dnost Wendy&#8217;s (americk\u00fd \u0159et\u011bzec rychl\u00e9ho ob\u010derstven\u00ed) reklamu, v n\u00ed\u017e vystupovala star\u0161\u00ed&#8230;<\/p>\n","protected":false},"author":2,"featured_media":32027,"comment_status":"closed","ping_status":"closed","sticky":false,"template":"","format":"standard","meta":[],"categories":[7],"tags":[72,29,39,1000],"_links":{"self":[{"href":"https:\/\/www.infokuryr.cz\/n\/wp-json\/wp\/v2\/posts\/32272"}],"collection":[{"href":"https:\/\/www.infokuryr.cz\/n\/wp-json\/wp\/v2\/posts"}],"about":[{"href":"https:\/\/www.infokuryr.cz\/n\/wp-json\/wp\/v2\/types\/post"}],"author":[{"embeddable":true,"href":"https:\/\/www.infokuryr.cz\/n\/wp-json\/wp\/v2\/users\/2"}],"replies":[{"embeddable":true,"href":"https:\/\/www.infokuryr.cz\/n\/wp-json\/wp\/v2\/comments?post=32272"}],"version-history":[{"count":0,"href":"https:\/\/www.infokuryr.cz\/n\/wp-json\/wp\/v2\/posts\/32272\/revisions"}],"wp:featuredmedia":[{"embeddable":true,"href":"https:\/\/www.infokuryr.cz\/n\/wp-json\/wp\/v2\/media\/32027"}],"wp:attachment":[{"href":"https:\/\/www.infokuryr.cz\/n\/wp-json\/wp\/v2\/media?parent=32272"}],"wp:term":[{"taxonomy":"category","embeddable":true,"href":"https:\/\/www.infokuryr.cz\/n\/wp-json\/wp\/v2\/categories?post=32272"},{"taxonomy":"post_tag","embeddable":true,"href":"https:\/\/www.infokuryr.cz\/n\/wp-json\/wp\/v2\/tags?post=32272"}],"curies":[{"name":"wp","href":"https:\/\/api.w.org\/{rel}","templated":true}]}}