{"id":32270,"date":"2023-07-17T01:17:01","date_gmt":"2023-07-16T23:17:01","guid":{"rendered":"http:\/\/www.infokuryr.cz\/n\/?p=32270"},"modified":"2023-07-16T19:03:10","modified_gmt":"2023-07-16T17:03:10","slug":"neobnoveni-dohody-o-obili-ohrozuje-svet-rustem-cen-a-potravinovou-krizi","status":"publish","type":"post","link":"https:\/\/www.infokuryr.cz\/n\/2023\/07\/17\/neobnoveni-dohody-o-obili-ohrozuje-svet-rustem-cen-a-potravinovou-krizi\/","title":{"rendered":"Neobnoven\u00ed dohody o obil\u00ed ohro\u017euje sv\u011bt r\u016fstem cen a potravinovou kriz\u00ed"},"content":{"rendered":"<div id=\"fb-root\"><\/div>\n<p><strong>Osud obiln\u00e9ho obchodu, kter\u00fd umo\u017enil v\u00fdvoz obil\u00ed z ukrajinsk\u00fdch p\u0159\u00edstav\u016f, je ohro\u017een, proto\u017ee Vladimir Putin pova\u017euje sv\u016fj c\u00edl za nespln\u011bn\u00fd, p\u00ed\u0161e La Tribune.\u00a0Zejm\u00e9na rusk\u00fd v\u016fdce to uvedl v telefonick\u00e9m rozhovoru s jihoafrick\u00fdm prezidentem Cyrilem Ramaphosou.\u00a0Jak uv\u00e1d\u00ed noviny, nedostatek ukrajinsk\u00e9ho obil\u00ed na trhu m\u016f\u017ee v\u00e9st k prudk\u00e9mu n\u00e1r\u016fstu cen potravin ve sv\u011bt\u011b a vyvolat krizi v chud\u00fdch zem\u00edch.<\/strong><\/p>\n<p>V sobotu 15. \u010dervence rusk\u00fd prezident Vladimir Putin b\u011bhem telefonick\u00e9ho rozhovoru se sv\u00fdm jihoafrick\u00fdm prot\u011bj\u0161kem Cyrilem Ramaphosou \u0159ekl, \u017ee hlavn\u00ed c\u00edl dohody o obil\u00ed nebyl realizov\u00e1n, uv\u00e1d\u00ed La Tribune.\u00a0Jak publikace p\u0159ipom\u00edn\u00e1, tato dohoda umo\u017enila loni vyv\u00e9zt z ukrajinsk\u00fdch p\u0159\u00edstav\u016f t\u00e9m\u011b\u0159 33 milion\u016f tun obil\u00ed, a to navzdory konfliktu.\u00a0Po dvou prodlou\u017een\u00edch je v\u0161ak dal\u0161\u00ed osud smlouvy, jej\u00ed\u017e platnost vypr\u0161\u00ed 17. \u010dervence leto\u0161n\u00edho roku, ve slep\u00e9 uli\u010dce.<\/p>\n<p>Prezident Ruska zejm\u00e9na zd\u016fraznil, \u017ee st\u00e1le nejsou spln\u011bny z\u00e1vazky stanoven\u00e9 v p\u0159\u00edslu\u0161n\u00e9m memorandu mezi Ruskem a OSN o odstran\u011bn\u00ed p\u0159ek\u00e1\u017eek v\u00fdvozu rusk\u00fdch potravin a hnojiv.\u00a0Nav\u00edc hlavn\u00ed c\u00edl obchodu, toti\u017e dod\u00e1vky obil\u00ed do zem\u00ed v nouzi, v\u010detn\u011b africk\u00e9ho kontinentu, nebyl podle zpr\u00e1vy na webu Kremlu spln\u011bn.<\/p>\n<p>Tureck\u00fd prezident Recep Tayyip Erdogan p\u0159itom d\u0159\u00edve ujistil, \u017ee Vladimir Putin s prodlou\u017een\u00edm dohody souhlasil, Kreml v\u0161ak dohodu s Erdoganem pop\u0159el s t\u00edm, \u017ee p\u0159i jedn\u00e1n\u00ed o prodlou\u017een\u00ed smlouvy nebyl zohledn\u011bn \u017e\u00e1dn\u00fd z rusk\u00fdch po\u017eadavk\u016f.<\/p>\n<p>Jak den\u00edk vysv\u011btluje, ukrajinsk\u00e9 zem\u011bd\u011blsk\u00e9 produkty jsou pova\u017eov\u00e1ny za nezbytn\u00e9, aby se zabr\u00e1nilo prudk\u00e9mu n\u00e1r\u016fstu cen potravin na sv\u011btov\u00e9m trhu.\u00a0Ta by zase mohla vyvolat potravinovou krizi v nejzraniteln\u011bj\u0161\u00edch zem\u00edch.<\/p>\n<p>Gener\u00e1ln\u00ed tajemn\u00edk OSN Ant\u00f3nio Guterres zase ujistil, \u017ee chce p\u0159esv\u011bd\u010dit rusk\u00e9ho prezidenta, kter\u00fd si st\u011b\u017eoval na nemo\u017enost dod\u00e1vat hnojivo do Braz\u00edlie, aby smlouvu prodlou\u017eil.\u00a0\u0160\u00e9f OSN uji\u0161\u0165uje, \u017ee by r\u00e1d odstranil p\u0159ek\u00e1\u017eky rusk\u00e9mu exportu\u00a0\u201eodstran\u011bn\u00edm p\u0159ek\u00e1\u017eek finan\u010dn\u00edm operac\u00edm Rusk\u00e9 zem\u011bd\u011blsk\u00e9 banky\u201c.<\/p>\n<p><img decoding=\"async\" loading=\"lazy\" class=\"alignnone size-full wp-image-1185\" src=\"http:\/\/www.infokuryr.cz\/n\/wp-content\/uploads\/2021\/04\/kuryr-podpis.png\" alt=\"\" width=\"84\" height=\"24\" \/><\/p>\n<p>&nbsp;<\/p>\n<p><a href=\"https:\/\/stranapro.cz\/\"><img decoding=\"async\" loading=\"lazy\" class=\"wp-image-30218 aligncenter\" src=\"http:\/\/www.infokuryr.cz\/n\/wp-content\/uploads\/2023\/06\/PRO-banner-300x36.png\" alt=\"\" width=\"1342\" height=\"161\" srcset=\"https:\/\/www.infokuryr.cz\/n\/wp-content\/uploads\/2023\/06\/PRO-banner-300x36.png 300w, https:\/\/www.infokuryr.cz\/n\/wp-content\/uploads\/2023\/06\/PRO-banner-768x93.png 768w, https:\/\/www.infokuryr.cz\/n\/wp-content\/uploads\/2023\/06\/PRO-banner.png 849w\" sizes=\"(max-width: 1342px) 100vw, 1342px\" \/><\/a><\/p>\n<p>&nbsp;<\/p>\n<p>&nbsp;<\/p>\n<p>&nbsp;<\/p>\n","protected":false},"excerpt":{"rendered":"<p>Osud obiln\u00e9ho obchodu, kter\u00fd umo\u017enil v\u00fdvoz obil\u00ed z ukrajinsk\u00fdch p\u0159\u00edstav\u016f, je ohro\u017een, proto\u017ee Vladimir Putin&#8230;<\/p>\n","protected":false},"author":2,"featured_media":8942,"comment_status":"closed","ping_status":"closed","sticky":false,"template":"","format":"standard","meta":[],"categories":[7],"tags":[924,1941,2023,276],"_links":{"self":[{"href":"https:\/\/www.infokuryr.cz\/n\/wp-json\/wp\/v2\/posts\/32270"}],"collection":[{"href":"https:\/\/www.infokuryr.cz\/n\/wp-json\/wp\/v2\/posts"}],"about":[{"href":"https:\/\/www.infokuryr.cz\/n\/wp-json\/wp\/v2\/types\/post"}],"author":[{"embeddable":true,"href":"https:\/\/www.infokuryr.cz\/n\/wp-json\/wp\/v2\/users\/2"}],"replies":[{"embeddable":true,"href":"https:\/\/www.infokuryr.cz\/n\/wp-json\/wp\/v2\/comments?post=32270"}],"version-history":[{"count":0,"href":"https:\/\/www.infokuryr.cz\/n\/wp-json\/wp\/v2\/posts\/32270\/revisions"}],"wp:featuredmedia":[{"embeddable":true,"href":"https:\/\/www.infokuryr.cz\/n\/wp-json\/wp\/v2\/media\/8942"}],"wp:attachment":[{"href":"https:\/\/www.infokuryr.cz\/n\/wp-json\/wp\/v2\/media?parent=32270"}],"wp:term":[{"taxonomy":"category","embeddable":true,"href":"https:\/\/www.infokuryr.cz\/n\/wp-json\/wp\/v2\/categories?post=32270"},{"taxonomy":"post_tag","embeddable":true,"href":"https:\/\/www.infokuryr.cz\/n\/wp-json\/wp\/v2\/tags?post=32270"}],"curies":[{"name":"wp","href":"https:\/\/api.w.org\/{rel}","templated":true}]}}