{"id":32267,"date":"2023-07-17T01:17:32","date_gmt":"2023-07-16T23:17:32","guid":{"rendered":"http:\/\/www.infokuryr.cz\/n\/?p=32267"},"modified":"2023-07-16T18:59:16","modified_gmt":"2023-07-16T16:59:16","slug":"britsky-ministr-obrany-oznamil-bezprostredni-rezignaci-a-predpovedel-svetu-novy-globalni-konflikt","status":"publish","type":"post","link":"https:\/\/www.infokuryr.cz\/n\/2023\/07\/17\/britsky-ministr-obrany-oznamil-bezprostredni-rezignaci-a-predpovedel-svetu-novy-globalni-konflikt\/","title":{"rendered":"Britsk\u00fd ministr obrany ozn\u00e1mil bezprost\u0159edn\u00ed rezignaci a p\u0159edpov\u011bd\u011bl sv\u011btu nov\u00fd glob\u00e1ln\u00ed konflikt"},"content":{"rendered":"<div id=\"fb-root\"><\/div>\n<p><strong>V rozhovoru pro The Times britsk\u00fd ministr obrany Ben Wallace, kter\u00fd hr\u00e1l kl\u00ed\u010dovou roli v britsk\u00fdch vojensk\u00fdch dod\u00e1vk\u00e1ch do Kyjeva, \u0159ekl, \u017ee opust\u00ed sv\u016fj post b\u011bhem podzimn\u00ed reorganizace vl\u00e1dy.\u00a0P\u0159edpov\u011bd\u011bl tak\u00e9, \u017ee do konce dek\u00e1dy bude situace ve sv\u011bt\u011b mnohem m\u00e9n\u011b bezpe\u010dn\u00e1, a to i kv\u016fli \u201ehrozb\u00e1m\u201c ze strany Ruska a \u010c\u00edny.<\/strong><\/p>\n<p>Kr\u00e1tce p\u0159ed zah\u00e1jen\u00edm speci\u00e1ln\u00ed operace na Ukrajin\u011b pomohl ministr obrany Spojen\u00e9ho kr\u00e1lovstv\u00ed Ben Wallace Kyjevu z\u00edskat protitankov\u00e9 syst\u00e9my NLAW, kter\u00e9 se staly symbolem britsk\u00e9 vojensk\u00e9 pomoci.\u00a0Aktivn\u011b prosazoval dod\u00e1vky t\u011bchto zbran\u00ed, p\u0159esto\u017ee n\u011bkte\u0159\u00ed \u00fa\u0159edn\u00edci, v\u010detn\u011b jeho vlastn\u00edho odd\u011blen\u00ed, byli proti z\u00e1sahu Lond\u00fdna, p\u00ed\u0161\u00ed The Times.<\/p>\n<p>Podle publikace se jen m\u00e1lo \u010dlen\u016f britsk\u00e9 vl\u00e1dy m\u016f\u017ee pochlubit podobn\u00fdm vlivem.\u00a0Wallace se uk\u00e1zal jako mu\u017e, kter\u00e9ho nelze vyhodit.\u00a0Nakonec se ale rozhodl opustit sv\u016fj post p\u0159i dal\u0161\u00ed zm\u011bn\u011b kabinetu, kter\u00e1 se o\u010dek\u00e1v\u00e1 v z\u00e1\u0159\u00ed.<\/p>\n<p>V rozhovoru pro The Times \u00fa\u0159edn\u00edk tak\u00e9 \u0159ekl, \u017ee po 18 letech v parlamentu se nez\u00fa\u010dastn\u00ed nadch\u00e1zej\u00edc\u00edch v\u0161eobecn\u00fdch voleb.\u00a0&#8220;\u00a0<em>P\u0159\u00ed\u0161t\u011b u\u017e kandidovat nebudu<\/em>\u00a0,&#8220; \u0159ekl, ale vylou\u010dil, \u017ee by poslaneckou sn\u011bmovnu opustil &#8220;\u00a0<em>p\u0159ed\u010dasn\u011b<\/em>\u00a0&#8222;, po vzoru n\u011bkter\u00fdch Johnsonov\u00fdch spojenc\u016f.<\/p>\n<p>Wallace podle sv\u00fdch slov informoval Rishi Sunaka o sv\u00fdch pl\u00e1nech 16. \u010dervna a doufal, \u017ee je ozn\u00e1m\u00ed pozd\u011bji, aby nep\u0159i\u017eivoval obavy z \u00fapadku Konzervativn\u00ed strany.\u00a0V minul\u00fdch dnech ale n\u011bkdo ve vl\u00e1d\u011b nazna\u010dil, \u017ee by mohl b\u00fdt \u010das, aby odstoupil.<\/p>\n<p>B\u011bhem Wallaceova p\u016fsoben\u00ed ve funkci ministra bezpe\u010dnosti a pot\u00e9 ministra obrany se musel vypo\u0159\u00e1dat s mnoha d\u016fle\u017eit\u00fdmi ud\u00e1lostmi: n\u011bkolika vysoce sledovan\u00fdmi teroristick\u00fdmi \u00fatoky, otravou Skripalov\u00fdch, pandemi\u00ed, sta\u017een\u00edm voj\u00e1k\u016f z Afgh\u00e1nist\u00e1nu a ukrajinskou kriz\u00ed.\u00a0Za sv\u016fj nejv\u011bt\u0161\u00ed \u00fasp\u011bch ale pova\u017euje zv\u00fd\u0161en\u00ed v\u00fddaj\u016f na ozbrojen\u00e9 s\u00edly.<\/p>\n<p><a href=\"https:\/\/stranapro.cz\/\"><img decoding=\"async\" loading=\"lazy\" class=\"wp-image-30218 aligncenter\" src=\"http:\/\/www.infokuryr.cz\/n\/wp-content\/uploads\/2023\/06\/PRO-banner-300x36.png\" alt=\"\" width=\"1350\" height=\"162\" srcset=\"https:\/\/www.infokuryr.cz\/n\/wp-content\/uploads\/2023\/06\/PRO-banner-300x36.png 300w, https:\/\/www.infokuryr.cz\/n\/wp-content\/uploads\/2023\/06\/PRO-banner-768x93.png 768w, https:\/\/www.infokuryr.cz\/n\/wp-content\/uploads\/2023\/06\/PRO-banner.png 849w\" sizes=\"(max-width: 1350px) 100vw, 1350px\" \/><\/a><\/p>\n<p>Nav\u00fd\u0161en\u00ed v\u00fddaj\u016f na obranu je podle ministra naprostou nutnost\u00ed.\u00a0Zejm\u00e9na s ohledem na nadch\u00e1zej\u00edc\u00ed rizika, kter\u00e1 p\u0159edpov\u00edd\u00e1 v bl\u00edzk\u00e9 budoucnosti.\u00a0\u201e\u00a0<em>Do konce dek\u00e1dy bude sv\u011bt mnohem m\u00e9n\u011b bezpe\u010dn\u00fd, m\u00e9n\u011b bezpe\u010dn\u00fd.\u00a0Mysl\u00edm, \u017ee budeme v konfliktu.\u00a0A\u0165 u\u017e to bude studen\u00fd konflikt nebo p\u0159\u00edm\u00fd konflikt, mysl\u00edm, \u017ee budeme v obt\u00ed\u017en\u00e9 pozici<\/em>\u00a0,\u201c p\u0159edpov\u011bd\u011bl Wallace.<\/p>\n<p>Publikace se ptala, jak\u00e9 ot\u00e1zky mu nedaj\u00ed v noci sp\u00e1t.\u00a0Ministr p\u0159iznal, \u017ee ho znepokojuje \u201e\u00a0<em>pokra\u010duj\u00edc\u00ed kombinace hrozeb ze strany Putinova Ruska, st\u00e1le agresivn\u011bj\u0161\u00ed \u010c\u00edny a teroristick\u00fdch skupin, kter\u00e9 st\u00e1le nikam neode\u0161ly<\/em>\u00a0\u201c.<\/p>\n<p>Wallace p\u0159edpov\u011bd\u011bl, \u017ee Spojen\u00e9 kr\u00e1lovstv\u00ed by mohlo b\u00fdt zata\u017eeno do boje proti extremist\u016fm v Africe, kde by se mohly znovu aktivovat Isl\u00e1msk\u00fd st\u00e1t a Al-K\u00e1ida. Krom\u011b toho kritizoval Peking za jeho touhu z\u00edskat kontrolu nad Tchaj-wanem a z\u00edskat oporu v Jiho\u010d\u00ednsk\u00e9m mo\u0159i, co\u017e by mohlo zp\u016fsobit \u201e\u00fapln\u00fd <em>politick\u00fd kolaps v regionu<\/em>\u00a0\u201c a v\u00e9st k nov\u00e9 studen\u00e9 v\u00e1lce do roku 2030.<\/p>\n<p>Navzdory t\u011bmto ohnisk\u016fm je jeho nejv\u011bt\u0161\u00ed starost\u00ed nebezpe\u010d\u00ed vojensk\u00e9ho konfliktu s Ruskem, kter\u00e9 m\u00e1 st\u00e1le siln\u00e9 letectvo a n\u00e1mo\u0159nictvo.\u00a0\u201e\u00a0<em>Putin s n\u00e1mi je\u0161t\u011b neskon\u010dil.\u00a0V p\u0159\u00ed\u0161t\u00edch t\u0159ech a\u017e \u010dty\u0159ech letech m\u00e1 mo\u017enost vyb\u00edt si vztek<\/em>\u00a0,\u201c \u0159ekl ministr.<\/p>\n<p>Wallace tak\u00e9 nevylou\u010dil, \u017ee by Moskva mohla vyu\u017e\u00edt sv\u016fj jadern\u00fd arzen\u00e1l.\u00a0&#8220;\u00a0<em>Maj\u00ed doktr\u00ednu pou\u017eit\u00ed taktick\u00fdch jadern\u00fdch zbran\u00ed, co\u017e je pro n\u00e1s v\u0161echny kletba<\/em>\u00a0,&#8220; zd\u016fraznil.<\/p>\n<p>Ministr tak\u00e9 p\u0159ipomn\u011bl, \u017ee mimo jin\u00e9 by Moskva mohla \u201e\u00a0<em>ubl\u00ed\u017eit<\/em>\u00a0\u201c Brit\u00e1nii \u00fatokem na podvodn\u00ed komunika\u010dn\u00ed a energetick\u00e9 veden\u00ed: \u201e\u00a0<em>Rusko m\u00e1 program, kter\u00fd v\u00e1m umo\u017e\u0148uje za\u00fato\u010dit na kritickou infrastrukturu na mo\u0159sk\u00e9m dn\u011b, a\u0165 u\u017e jde o optick\u00e1 vl\u00e1kna nebo plyn s ropou<\/em>\u00a0. \u201c<\/p>\n<p>Wallace, kter\u00fd slou\u017eil ve vl\u00e1d\u011b za t\u0159\u00ed premi\u00e9r\u016f, doufal, \u017ee se stane p\u0159\u00ed\u0161t\u00edm gener\u00e1ln\u00edm tajemn\u00edkem NATO.\u00a0Stal se ale ob\u011bt\u00ed politick\u00fdch intrik uvnit\u0159 aliance, jej\u00ed\u017e v\u016fdci cht\u011bli, aby v \u010dele organizace st\u00e1la b\u00fdval\u00e1 hlava st\u00e1tu nebo \u017eena, upozor\u0148uje The Times.<\/p>\n<p>Navzdory tlaku z Lond\u00fdna a v\u0159el\u00fdm slov\u016fm B\u00edl\u00e9ho domu se americk\u00e9 \u00fa\u0159ady rozhodly nepom\u00e1hat Wallaceovi, kter\u00fd snil o tom, \u017ee se stane \u0161\u00e9fem NATO.\u00a0\u201c\u00a0<em>Pro\u010d nepodpo\u0159\u00edte sv\u00e9ho nejbli\u017e\u0161\u00edho spojence, kdy\u017e nominuje vlastn\u00edho kandid\u00e1ta?\u00a0Mysl\u00edm, \u017ee je to f\u00e9rov\u00e1 ot\u00e1zka<\/em>\u00a0,\u201c \u0159ekl ministr.<\/p>\n<p>Po rezignaci m\u016f\u017ee b\u00fdt pozv\u00e1n do p\u0159edstavenstva t\u00e9m\u011b\u0159 ka\u017ed\u00e9 vojensko-pr\u016fmyslov\u00e9 spole\u010dnosti.\u00a0Ale zva\u017euje \u00fapln\u00fd rozchod s politikou a obranou, \u0159ekl \u00fa\u0159edn\u00edk.\u00a0&#8220;\u00a0<em>N\u011bkdy se mi zd\u00e1, \u017ee bych cht\u011bl d\u011blat to, co m\u011b bav\u00ed, t\u0159eba Formuli 1 nebo ko\u0148sk\u00e9 dostihy &#8211; prost\u011b d\u011blat n\u011bco \u00fapln\u011b jin\u00e9ho<\/em>\u00a0,&#8220; zd\u016fraznil Wallace.<\/p>\n<p><img decoding=\"async\" loading=\"lazy\" class=\"alignnone size-full wp-image-1185\" src=\"http:\/\/www.infokuryr.cz\/n\/wp-content\/uploads\/2021\/04\/kuryr-podpis.png\" alt=\"\" width=\"84\" height=\"24\" \/><\/p>\n<p>&nbsp;<\/p>\n<p><a href=\"https:\/\/stranapro.cz\/\"><img decoding=\"async\" loading=\"lazy\" class=\"wp-image-30218 aligncenter\" src=\"http:\/\/www.infokuryr.cz\/n\/wp-content\/uploads\/2023\/06\/PRO-banner-300x36.png\" alt=\"\" width=\"1350\" height=\"162\" srcset=\"https:\/\/www.infokuryr.cz\/n\/wp-content\/uploads\/2023\/06\/PRO-banner-300x36.png 300w, https:\/\/www.infokuryr.cz\/n\/wp-content\/uploads\/2023\/06\/PRO-banner-768x93.png 768w, https:\/\/www.infokuryr.cz\/n\/wp-content\/uploads\/2023\/06\/PRO-banner.png 849w\" sizes=\"(max-width: 1350px) 100vw, 1350px\" \/><\/a><\/p>\n<p>&nbsp;<\/p>\n<p>&nbsp;<\/p>\n<p>&nbsp;<\/p>\n","protected":false},"excerpt":{"rendered":"<p>V rozhovoru pro The Times britsk\u00fd ministr obrany Ben Wallace, kter\u00fd hr\u00e1l kl\u00ed\u010dovou roli v&#8230;<\/p>\n","protected":false},"author":2,"featured_media":32268,"comment_status":"closed","ping_status":"closed","sticky":false,"template":"","format":"standard","meta":[],"categories":[7],"tags":[61,29,458,1052],"_links":{"self":[{"href":"https:\/\/www.infokuryr.cz\/n\/wp-json\/wp\/v2\/posts\/32267"}],"collection":[{"href":"https:\/\/www.infokuryr.cz\/n\/wp-json\/wp\/v2\/posts"}],"about":[{"href":"https:\/\/www.infokuryr.cz\/n\/wp-json\/wp\/v2\/types\/post"}],"author":[{"embeddable":true,"href":"https:\/\/www.infokuryr.cz\/n\/wp-json\/wp\/v2\/users\/2"}],"replies":[{"embeddable":true,"href":"https:\/\/www.infokuryr.cz\/n\/wp-json\/wp\/v2\/comments?post=32267"}],"version-history":[{"count":1,"href":"https:\/\/www.infokuryr.cz\/n\/wp-json\/wp\/v2\/posts\/32267\/revisions"}],"predecessor-version":[{"id":32269,"href":"https:\/\/www.infokuryr.cz\/n\/wp-json\/wp\/v2\/posts\/32267\/revisions\/32269"}],"wp:featuredmedia":[{"embeddable":true,"href":"https:\/\/www.infokuryr.cz\/n\/wp-json\/wp\/v2\/media\/32268"}],"wp:attachment":[{"href":"https:\/\/www.infokuryr.cz\/n\/wp-json\/wp\/v2\/media?parent=32267"}],"wp:term":[{"taxonomy":"category","embeddable":true,"href":"https:\/\/www.infokuryr.cz\/n\/wp-json\/wp\/v2\/categories?post=32267"},{"taxonomy":"post_tag","embeddable":true,"href":"https:\/\/www.infokuryr.cz\/n\/wp-json\/wp\/v2\/tags?post=32267"}],"curies":[{"name":"wp","href":"https:\/\/api.w.org\/{rel}","templated":true}]}}