{"id":32237,"date":"2023-07-17T01:01:53","date_gmt":"2023-07-16T23:01:53","guid":{"rendered":"http:\/\/www.infokuryr.cz\/n\/?p=32237"},"modified":"2023-07-16T17:13:05","modified_gmt":"2023-07-16T15:13:05","slug":"dnes-zacina-summit-narodu","status":"publish","type":"post","link":"https:\/\/www.infokuryr.cz\/n\/2023\/07\/17\/dnes-zacina-summit-narodu\/","title":{"rendered":"Dnes za\u010d\u00edn\u00e1 summit n\u00e1rod\u016f"},"content":{"rendered":"<div id=\"fb-root\"><\/div>\n<p><span>Ve dnech 17. a 18. \u010dervence se v Bruselu bude konat \u201ePeople&#8217;s Summit\u201c.\u00a0Je to velk\u00e1 mezin\u00e1rodn\u00ed solid\u00e1rn\u00ed akce organizovan\u00e1 soci\u00e1ln\u00edmi hnut\u00edmi z Latinsk\u00e9 Ameriky a Evropy.\u00a0Kon\u00e1 se soub\u011b\u017en\u011b s ofici\u00e1ln\u00edm summitem mezi Evropskou uni\u00ed a CELAC (Spole\u010denstv\u00ed zem\u00ed Latinsk\u00e9 Ameriky a Karibiku), kter\u00fd se ve stejn\u00fdch dnech kon\u00e1 tak\u00e9 v Bruselu.<\/span><\/p>\n<p><span style=\"font-size: 18pt;\"><strong>Za m\u00edr, spravedliv\u00fd obchod a spravedliv\u00fd energetick\u00fd p\u0159echod<\/strong><\/span><\/p>\n<p><span>People&#8217;s Summit podporuje transcendent\u00e1ln\u00ed ofici\u00e1ln\u00ed Summit, kter\u00fd se nekonal od roku 2015 a kter\u00fd umo\u017e\u0148uje vybudov\u00e1n\u00ed nov\u00e9ho r\u00e1mce vztah\u016f mezi Latinskou Amerikou a Evropou.\u00a0V dob\u011b velk\u00e9ho geopolitick\u00e9ho nap\u011bt\u00ed mus\u00ed b\u00fdt v\u016fd\u010d\u00edmi z\u00e1sadami z\u00e1vazek k m\u00edru a dialogu.<\/span><\/p>\n<p><span>People&#8217;s Summit je iniciativou v\u00edce ne\u017e 160 politick\u00fdch a spole\u010densk\u00fdch organizac\u00ed ze dvou kontinent\u016f.\u00a0Na programu des\u00edtky mezin\u00e1rodn\u00edch konferenc\u00ed s \u00fa\u010dast\u00ed des\u00edtek skupin.\u00a0Ji\u017e se p\u0159ihl\u00e1silo v\u00edce ne\u017e 900 lid\u00ed z 30 r\u016fzn\u00fdch zem\u00ed.\u00a0Mezi diskutovan\u00e1 t\u00e9mata pat\u0159\u00ed m\u00edr, ekologick\u00e1 transformace, boj proti blok\u00e1d\u011b Kuby, m\u00e9dia a soci\u00e1ln\u00ed s\u00edt\u011b, dekolonizace, dluhov\u00e1 krize, migrace, nov\u00e9 formy v\u00e1lky a bojov\u00e9 odbory atd.<\/span><\/p>\n<p><span>V\u011bt\u0161ina debat se bude konat na Svobodn\u00e9 univerzit\u011b v Bruselu (Boulevard de la Plaine 2, 1050 Ixelles).\u00a0Hlavn\u00ed ud\u00e1lost\u00ed je z\u00e1v\u011bre\u010dn\u00fd ceremoni\u00e1l v Evropsk\u00e9m parlamentu, kter\u00fd za\u010d\u00edn\u00e1 v 18:30.\u00a0Akce, kterou moderuje \u0161pan\u011blsk\u00fd europoslanec Manu Pineda (IU) a kter\u00e9 se z\u00fa\u010dastn\u00ed n\u011bkolik latinskoamerick\u00fdch prezident\u016f a vedouc\u00edch delegac\u00ed.\u00a0P\u0159edt\u00edm bude Lucembursk\u00e9 n\u00e1m\u011bst\u00ed hostit velkou demonstraci podpory.<\/span><\/p>\n<p><span>V\u00edce informac\u00ed a kompletn\u00ed program na\u00a0<\/span><a href=\"https:\/\/cumbredelospueblos2023.com\/\"><span>webu<\/span><\/a><span>\u00a0.<\/span><\/p>\n<p><img decoding=\"async\" loading=\"lazy\" class=\"alignnone size-full wp-image-1185\" src=\"http:\/\/www.infokuryr.cz\/n\/wp-content\/uploads\/2021\/04\/kuryr-podpis.png\" alt=\"\" width=\"84\" height=\"24\" \/><\/p>\n<p>&nbsp;<\/p>\n<p><a href=\"https:\/\/stranapro.cz\/\"><img decoding=\"async\" loading=\"lazy\" class=\"wp-image-30218 aligncenter\" src=\"http:\/\/www.infokuryr.cz\/n\/wp-content\/uploads\/2023\/06\/PRO-banner-300x36.png\" alt=\"\" width=\"1342\" height=\"161\" srcset=\"https:\/\/www.infokuryr.cz\/n\/wp-content\/uploads\/2023\/06\/PRO-banner-300x36.png 300w, https:\/\/www.infokuryr.cz\/n\/wp-content\/uploads\/2023\/06\/PRO-banner-768x93.png 768w, https:\/\/www.infokuryr.cz\/n\/wp-content\/uploads\/2023\/06\/PRO-banner.png 849w\" sizes=\"(max-width: 1342px) 100vw, 1342px\" \/><\/a><\/p>\n<p>&nbsp;<\/p>\n<p>&nbsp;<\/p>\n<p>&nbsp;<\/p>\n","protected":false},"excerpt":{"rendered":"<p>Ve dnech 17. a 18. \u010dervence se v Bruselu bude konat \u201ePeople&#8217;s Summit\u201c.\u00a0Je to velk\u00e1&#8230;<\/p>\n","protected":false},"author":2,"featured_media":32238,"comment_status":"closed","ping_status":"closed","sticky":false,"template":"","format":"standard","meta":[],"categories":[7],"tags":[41,2417,5479],"_links":{"self":[{"href":"https:\/\/www.infokuryr.cz\/n\/wp-json\/wp\/v2\/posts\/32237"}],"collection":[{"href":"https:\/\/www.infokuryr.cz\/n\/wp-json\/wp\/v2\/posts"}],"about":[{"href":"https:\/\/www.infokuryr.cz\/n\/wp-json\/wp\/v2\/types\/post"}],"author":[{"embeddable":true,"href":"https:\/\/www.infokuryr.cz\/n\/wp-json\/wp\/v2\/users\/2"}],"replies":[{"embeddable":true,"href":"https:\/\/www.infokuryr.cz\/n\/wp-json\/wp\/v2\/comments?post=32237"}],"version-history":[{"count":0,"href":"https:\/\/www.infokuryr.cz\/n\/wp-json\/wp\/v2\/posts\/32237\/revisions"}],"wp:featuredmedia":[{"embeddable":true,"href":"https:\/\/www.infokuryr.cz\/n\/wp-json\/wp\/v2\/media\/32238"}],"wp:attachment":[{"href":"https:\/\/www.infokuryr.cz\/n\/wp-json\/wp\/v2\/media?parent=32237"}],"wp:term":[{"taxonomy":"category","embeddable":true,"href":"https:\/\/www.infokuryr.cz\/n\/wp-json\/wp\/v2\/categories?post=32237"},{"taxonomy":"post_tag","embeddable":true,"href":"https:\/\/www.infokuryr.cz\/n\/wp-json\/wp\/v2\/tags?post=32237"}],"curies":[{"name":"wp","href":"https:\/\/api.w.org\/{rel}","templated":true}]}}