{"id":32235,"date":"2023-07-17T01:00:51","date_gmt":"2023-07-16T23:00:51","guid":{"rendered":"http:\/\/www.infokuryr.cz\/n\/?p=32235"},"modified":"2023-07-16T17:08:37","modified_gmt":"2023-07-16T15:08:37","slug":"ukrajinsky-spion-odhalen-a-zatcen-jako-lgbt-aktivista","status":"publish","type":"post","link":"https:\/\/www.infokuryr.cz\/n\/2023\/07\/17\/ukrajinsky-spion-odhalen-a-zatcen-jako-lgbt-aktivista\/","title":{"rendered":"\u201eUkrajinsk\u00fd \u0161pi\u00f3n\u201c odhalen a zat\u010den jako LGBT aktivista"},"content":{"rendered":"<div id=\"fb-root\"><\/div>\n<p><span>Rusk\u00e1 dom\u00e1c\u00ed zpravodajsk\u00e1 slu\u017eba FSB zatkla LGBT aktivistu za p\u0159evod pen\u011bz ukrajinsk\u00fdm ozbrojen\u00fdm sil\u00e1m.<\/span><\/p>\n<p><span>Podez\u0159el\u00fd pr\u00fd nav\u00edc pracoval pro medi\u00e1ln\u00ed projekt, kter\u00fd je v Rusku zak\u00e1zan\u00fd.<\/span><\/p>\n<p><span style=\"font-size: 18pt;\"><strong>Zat\u010den za zradu<\/strong><\/span><\/p>\n<p><span>P\u0159edstavitel\u00e9 rusk\u00e9 dom\u00e1c\u00ed zpravodajsk\u00e9 slu\u017eby FSB zatkli obyvatele Orjolsk\u00e9 oblasti pro podez\u0159en\u00ed z vlastizrady v souvislosti s finan\u010dn\u00ed podporou ukrajinsk\u00e9 arm\u00e1dy.<\/span><\/p>\n<p><span>Trestn\u00fd \u010din spo\u010d\u00edval v p\u0159evodu pen\u011bz na \u00fa\u010det \u00fav\u011brov\u00e9 a finan\u010dn\u00ed instituce na Ukrajin\u011b.\u00a0Informovalo o tom odd\u011blen\u00ed pro styk s ve\u0159ejnost\u00ed FSB a nazna\u010duje, \u017ee podez\u0159el\u00fd ji\u017e d\u0159\u00edve zm\u011bnil svou genderovou identitu z \u017eeny na mu\u017ee.<\/span><\/p>\n<p><span>Zat\u010den\u00ed lze vid\u011bt na\u00a0<\/span><a href=\"https:\/\/t.me\/boris_rozhin\/91976\"><span>videu zve\u0159ejn\u011bn\u00e9m<\/span><\/a><span>\u00a0\u00fa\u0159ady .<\/span><\/p>\n<p><span>Bylo tak\u00e9 zji\u0161t\u011bno, \u017ee zadr\u017een\u00fd byl aktivistou v hnut\u00ed LGBT a byl zapojen jako dobrovoln\u00edk do medi\u00e1ln\u00edho projektu OWD-Info.<\/span><\/p>\n<p><span>Tato organizace byla v Rusku klasifikov\u00e1na jako \u201ezahrani\u010dn\u00ed agent\u201c.\u00a0Krom\u011b toho vy\u0161lo najevo, \u017ee tato osoba spravovala tematicky protirusk\u00fd informa\u010dn\u00ed zdroj (soci\u00e1ln\u00ed m\u00e9dia).<\/span><\/p>\n<p><span>Proti zadr\u017een\u00e9 osob\u011b bylo zah\u00e1jeno trestn\u00ed \u0159\u00edzen\u00ed pro zradu podle \u010dl\u00e1nku 275 trestn\u00edho z\u00e1kon\u00edku Rusk\u00e9 federace.\u00a0Za trestn\u00e9 \u010diny tohoto druhu z\u00e1kon stanov\u00ed tresty odn\u011bt\u00ed svobody a\u017e na do\u017eivot\u00ed.<\/span><\/p>\n<p><span>V sou\u010dasn\u00e9 dob\u011b prob\u00edhaj\u00ed operativn\u00ed vy\u0161et\u0159ovac\u00ed opat\u0159en\u00ed a vy\u0161et\u0159ov\u00e1n\u00ed.<\/span><\/p>\n<p><img decoding=\"async\" loading=\"lazy\" class=\"alignnone size-full wp-image-1185\" src=\"http:\/\/www.infokuryr.cz\/n\/wp-content\/uploads\/2021\/04\/kuryr-podpis.png\" alt=\"\" width=\"84\" height=\"24\" \/><\/p>\n<p>&nbsp;<\/p>\n<p><a href=\"https:\/\/stranapro.cz\/\"><img decoding=\"async\" loading=\"lazy\" class=\"wp-image-30218 aligncenter\" src=\"http:\/\/www.infokuryr.cz\/n\/wp-content\/uploads\/2023\/06\/PRO-banner-300x36.png\" alt=\"\" width=\"1367\" height=\"164\" srcset=\"https:\/\/www.infokuryr.cz\/n\/wp-content\/uploads\/2023\/06\/PRO-banner-300x36.png 300w, https:\/\/www.infokuryr.cz\/n\/wp-content\/uploads\/2023\/06\/PRO-banner-768x93.png 768w, https:\/\/www.infokuryr.cz\/n\/wp-content\/uploads\/2023\/06\/PRO-banner.png 849w\" sizes=\"(max-width: 1367px) 100vw, 1367px\" \/><\/a><\/p>\n<p>&nbsp;<\/p>\n<p>&nbsp;<\/p>\n<p>&nbsp;<\/p>\n","protected":false},"excerpt":{"rendered":"<p>Rusk\u00e1 dom\u00e1c\u00ed zpravodajsk\u00e1 slu\u017eba FSB zatkla LGBT aktivistu za p\u0159evod pen\u011bz ukrajinsk\u00fdm ozbrojen\u00fdm sil\u00e1m. Podez\u0159el\u00fd&#8230;<\/p>\n","protected":false},"author":2,"featured_media":32236,"comment_status":"closed","ping_status":"closed","sticky":false,"template":"","format":"standard","meta":[],"categories":[7],"tags":[143,22,3427,26,2407],"_links":{"self":[{"href":"https:\/\/www.infokuryr.cz\/n\/wp-json\/wp\/v2\/posts\/32235"}],"collection":[{"href":"https:\/\/www.infokuryr.cz\/n\/wp-json\/wp\/v2\/posts"}],"about":[{"href":"https:\/\/www.infokuryr.cz\/n\/wp-json\/wp\/v2\/types\/post"}],"author":[{"embeddable":true,"href":"https:\/\/www.infokuryr.cz\/n\/wp-json\/wp\/v2\/users\/2"}],"replies":[{"embeddable":true,"href":"https:\/\/www.infokuryr.cz\/n\/wp-json\/wp\/v2\/comments?post=32235"}],"version-history":[{"count":0,"href":"https:\/\/www.infokuryr.cz\/n\/wp-json\/wp\/v2\/posts\/32235\/revisions"}],"wp:featuredmedia":[{"embeddable":true,"href":"https:\/\/www.infokuryr.cz\/n\/wp-json\/wp\/v2\/media\/32236"}],"wp:attachment":[{"href":"https:\/\/www.infokuryr.cz\/n\/wp-json\/wp\/v2\/media?parent=32235"}],"wp:term":[{"taxonomy":"category","embeddable":true,"href":"https:\/\/www.infokuryr.cz\/n\/wp-json\/wp\/v2\/categories?post=32235"},{"taxonomy":"post_tag","embeddable":true,"href":"https:\/\/www.infokuryr.cz\/n\/wp-json\/wp\/v2\/tags?post=32235"}],"curies":[{"name":"wp","href":"https:\/\/api.w.org\/{rel}","templated":true}]}}