{"id":32229,"date":"2023-07-16T06:02:29","date_gmt":"2023-07-16T04:02:29","guid":{"rendered":"http:\/\/www.infokuryr.cz\/n\/?p=32229"},"modified":"2023-07-16T19:47:11","modified_gmt":"2023-07-16T17:47:11","slug":"zrudne-video-o-obchodu-s-lidskymi-organy-na-ukrajine-18","status":"publish","type":"post","link":"https:\/\/www.infokuryr.cz\/n\/2023\/07\/16\/zrudne-video-o-obchodu-s-lidskymi-organy-na-ukrajine-18\/","title":{"rendered":"Zr\u016fdn\u00e9 video o obchodu s lidsk\u00fdmi org\u00e1ny na Ukrajin\u011b (+18)"},"content":{"rendered":"<div id=\"fb-root\"><\/div>\n<p><span style=\"font-size: 14pt;\"><b style=\"font-size: 14pt;\">Ji\u017e d\u0159\u00edve n\u00e1\u0161 zpravodajsk\u00fd port\u00e1l upozornil na obchodov\u00e1n\u00ed kyjevsk\u00fdch nacist\u016f s lidsk\u00fdmi org\u00e1ny padl\u00fdch voj\u00e1k\u016f. Tento hyenizmus je natolik zr\u016fdn\u00fd, \u017ee vybo\u010duje z norm\u00e1ln\u00edho lidsk\u00e9ho ch\u00e1p\u00e1n\u00ed. Z\u00e1rove\u0148 <\/b><span style=\"font-size: 18.6667px;\"><b>upozor\u0148ujeme<\/b><\/span><b style=\"font-size: 14pt;\">, \u017ee spoluvinu nese na <\/b><span style=\"font-size: 18.6667px;\"><b>tomto<\/b><\/span><b style=\"font-size: 14pt;\"> zlo\u010dinu i \u010desk\u00e1 vl\u00e1da, kter\u00e1 tento re\u017eim podporuje.<\/b><\/span><\/p>\n<p><span style=\"color: #800080;\"><span style=\"font-size: 14pt;\"><strong>Podrobnosti jsme uvedli ji\u017e<\/strong><\/span>\u00a0<span style=\"font-size: 18pt;\"><strong><a style=\"color: #800080;\" href=\"http:\/\/www.infokuryr.cz\/n\/2023\/02\/17\/kyjev-obvinen-z-kseftu-s-lidskymi-organy-maji-se-odebirat-podivne-zabijenym-vojakum\/\">ZDE <\/a><\/strong><\/span>a\u00a0<span style=\"font-size: 18pt;\"><strong><a style=\"color: #800080;\" href=\"http:\/\/www.infokuryr.cz\/n\/2023\/05\/17\/jane-kaufman-spolecenska-nemoc-zvana-valka-buji-na-ukrajine-jako-rakovina\/\">ZDE<\/a><\/strong><\/span><\/span><\/p>\n<p><span style=\"font-size: 18pt;\"><strong><span style=\"color: #ff0000;\">Dnes zve\u0159ej\u0148ujeme \u0161okuj\u00edc\u00ed video z m\u00edsta, kde Zelensk\u00e9ho zr\u016fdy prov\u00e1d\u011bj\u00ed odb\u011br lidsk\u00fdch org\u00e1n\u016f pro k\u0161eftov\u00e1n\u00ed s nimi. Pros\u00edme ty, kte\u0159\u00ed jsou psychicky labiln\u00ed, aby si video rad\u011bji nep\u0159ehr\u00e1vali!\u00a0<\/span><\/strong><\/span><\/p>\n<p>&nbsp;<\/p>\n<div style=\"width: 368px;\" class=\"wp-video\"><!--[if lt IE 9]><script>document.createElement('video');<\/script><![endif]-->\n<video class=\"wp-video-shortcode\" id=\"video-32229-1\" width=\"368\" height=\"656\" preload=\"metadata\" controls=\"controls\"><source type=\"video\/mp4\" src=\"http:\/\/www.infokuryr.cz\/n\/wp-content\/uploads\/2023\/07\/VID-ukrajina-tela.mp4?_=1\" \/><a href=\"http:\/\/www.infokuryr.cz\/n\/wp-content\/uploads\/2023\/07\/VID-ukrajina-tela.mp4\">http:\/\/www.infokuryr.cz\/n\/wp-content\/uploads\/2023\/07\/VID-ukrajina-tela.mp4<\/a><\/video><\/div>\n<p>&nbsp;<\/p>\n<p><img decoding=\"async\" loading=\"lazy\" class=\"alignnone size-full wp-image-1185\" src=\"http:\/\/www.infokuryr.cz\/n\/wp-content\/uploads\/2021\/04\/kuryr-podpis.png\" alt=\"\" width=\"84\" height=\"24\" \/><\/p>\n<p>&nbsp;<\/p>\n<p><a href=\"https:\/\/stranapro.cz\/\"><img decoding=\"async\" loading=\"lazy\" class=\"wp-image-30218 aligncenter\" src=\"http:\/\/www.infokuryr.cz\/n\/wp-content\/uploads\/2023\/06\/PRO-banner-300x36.png\" alt=\"\" width=\"1367\" height=\"164\" srcset=\"https:\/\/www.infokuryr.cz\/n\/wp-content\/uploads\/2023\/06\/PRO-banner-300x36.png 300w, https:\/\/www.infokuryr.cz\/n\/wp-content\/uploads\/2023\/06\/PRO-banner-768x93.png 768w, https:\/\/www.infokuryr.cz\/n\/wp-content\/uploads\/2023\/06\/PRO-banner.png 849w\" sizes=\"(max-width: 1367px) 100vw, 1367px\" \/><\/a><\/p>\n<p>&nbsp;<\/p>\n<p>&nbsp;<\/p>\n<p>&nbsp;<\/p>\n<p>&nbsp;<\/p>\n<p>&nbsp;<\/p>\n","protected":false},"excerpt":{"rendered":"<p>Ji\u017e d\u0159\u00edve n\u00e1\u0161 zpravodajsk\u00fd port\u00e1l upozornil na obchodov\u00e1n\u00ed kyjevsk\u00fdch nacist\u016f s lidsk\u00fdmi org\u00e1ny padl\u00fdch voj\u00e1k\u016f&#8230;.<\/p>\n","protected":false},"author":2,"featured_media":32231,"comment_status":"closed","ping_status":"closed","sticky":false,"template":"","format":"standard","meta":[],"categories":[7],"tags":[5047,664,5477,26],"_links":{"self":[{"href":"https:\/\/www.infokuryr.cz\/n\/wp-json\/wp\/v2\/posts\/32229"}],"collection":[{"href":"https:\/\/www.infokuryr.cz\/n\/wp-json\/wp\/v2\/posts"}],"about":[{"href":"https:\/\/www.infokuryr.cz\/n\/wp-json\/wp\/v2\/types\/post"}],"author":[{"embeddable":true,"href":"https:\/\/www.infokuryr.cz\/n\/wp-json\/wp\/v2\/users\/2"}],"replies":[{"embeddable":true,"href":"https:\/\/www.infokuryr.cz\/n\/wp-json\/wp\/v2\/comments?post=32229"}],"version-history":[{"count":0,"href":"https:\/\/www.infokuryr.cz\/n\/wp-json\/wp\/v2\/posts\/32229\/revisions"}],"wp:featuredmedia":[{"embeddable":true,"href":"https:\/\/www.infokuryr.cz\/n\/wp-json\/wp\/v2\/media\/32231"}],"wp:attachment":[{"href":"https:\/\/www.infokuryr.cz\/n\/wp-json\/wp\/v2\/media?parent=32229"}],"wp:term":[{"taxonomy":"category","embeddable":true,"href":"https:\/\/www.infokuryr.cz\/n\/wp-json\/wp\/v2\/categories?post=32229"},{"taxonomy":"post_tag","embeddable":true,"href":"https:\/\/www.infokuryr.cz\/n\/wp-json\/wp\/v2\/tags?post=32229"}],"curies":[{"name":"wp","href":"https:\/\/api.w.org\/{rel}","templated":true}]}}