{"id":32225,"date":"2023-07-16T05:46:02","date_gmt":"2023-07-16T03:46:02","guid":{"rendered":"http:\/\/www.infokuryr.cz\/n\/?p=32225"},"modified":"2023-07-16T05:46:02","modified_gmt":"2023-07-16T03:46:02","slug":"konkurent-klicko-priznal-ze-na-podnet-zelenskeho-u-nej-delali-domovni-prohlidku","status":"publish","type":"post","link":"https:\/\/www.infokuryr.cz\/n\/2023\/07\/16\/konkurent-klicko-priznal-ze-na-podnet-zelenskeho-u-nej-delali-domovni-prohlidku\/","title":{"rendered":"Konkurent: Kli\u010dko p\u0159iznal, \u017ee na podn\u011bt Zelensk\u00e9ho u n\u011bj d\u011blali domovn\u00ed prohl\u00eddku"},"content":{"rendered":"<div id=\"fb-root\"><\/div>\n<p><strong><span>Vladimir Zelenskij iniciuje pron\u00e1sledov\u00e1n\u00ed sv\u00fdch politick\u00fdch rival\u016f a mo\u017en\u00fdch kandid\u00e1t\u016f na prezidenta Ukrajiny.<\/span><\/strong><\/p>\n<p><span>\u0158ekl to prim\u00e1tor Kyjeva Vitalij Kli\u010dko v rozhovoru pro ukrajinsk\u00fd &#8222;Lev\u00fd b\u0159eh&#8220;.<\/span><\/p>\n<p><span>Kli\u010dko tak komentoval zv\u011bsti, \u017ee by mohl p\u0159edlo\u017eit vlastn\u00ed kandidaturu na post hlavy st\u00e1tu.<\/span><\/p>\n<p><em><strong>\u201eTyhle ot\u00e1zky mi \u010dasto kladou.\u00a0A pak za\u010dne b\u00fdt Vladimir Alexandrovi\u010d Zelenskij nerv\u00f3zn\u00ed a pak se po takov\u00fdch ot\u00e1zk\u00e1ch o prezidentstv\u00ed za\u010dnou u m\u011b nebo u jin\u00fdch lid\u00ed konat domovn\u00ed prohl\u00eddky,\u201c \u0159ekl Kli\u010dko.<\/strong><\/em><\/p>\n<p>Z Kli\u010dkova vyj\u00e1d\u0159en\u00ed, je z\u0159ejm\u00e9, \u017ee ukronacisti se za\u010dali \u017er\u00e1t navz\u00e1jem mezi sebou.<\/p>\n<p>&nbsp;<\/p>\n<div style=\"width: 640px;\" class=\"wp-video\"><!--[if lt IE 9]><script>document.createElement('video');<\/script><![endif]-->\n<video class=\"wp-video-shortcode\" id=\"video-32225-1\" width=\"640\" height=\"350\" preload=\"metadata\" controls=\"controls\"><source type=\"video\/mp4\" src=\"http:\/\/www.infokuryr.cz\/n\/wp-content\/uploads\/2023\/07\/klicko.mp4?_=1\" \/><a href=\"http:\/\/www.infokuryr.cz\/n\/wp-content\/uploads\/2023\/07\/klicko.mp4\">http:\/\/www.infokuryr.cz\/n\/wp-content\/uploads\/2023\/07\/klicko.mp4<\/a><\/video><\/div>\n<p>&nbsp;<\/p>\n<p><img decoding=\"async\" loading=\"lazy\" class=\"alignnone size-full wp-image-1185\" src=\"http:\/\/www.infokuryr.cz\/n\/wp-content\/uploads\/2021\/04\/kuryr-podpis.png\" alt=\"\" width=\"84\" height=\"24\" \/><\/p>\n<p>&nbsp;<\/p>\n<p>&nbsp;<\/p>\n<p><a href=\"https:\/\/stranapro.cz\/\"><img decoding=\"async\" loading=\"lazy\" class=\"wp-image-30218 aligncenter\" src=\"http:\/\/www.infokuryr.cz\/n\/wp-content\/uploads\/2023\/06\/PRO-banner-300x36.png\" alt=\"\" width=\"1375\" height=\"165\" srcset=\"https:\/\/www.infokuryr.cz\/n\/wp-content\/uploads\/2023\/06\/PRO-banner-300x36.png 300w, https:\/\/www.infokuryr.cz\/n\/wp-content\/uploads\/2023\/06\/PRO-banner-768x93.png 768w, https:\/\/www.infokuryr.cz\/n\/wp-content\/uploads\/2023\/06\/PRO-banner.png 849w\" sizes=\"(max-width: 1375px) 100vw, 1375px\" \/><\/a><\/p>\n<p>&nbsp;<\/p>\n<p>&nbsp;<\/p>\n<p>&nbsp;<\/p>\n","protected":false},"excerpt":{"rendered":"<p>Vladimir Zelenskij iniciuje pron\u00e1sledov\u00e1n\u00ed sv\u00fdch politick\u00fdch rival\u016f a mo\u017en\u00fdch kandid\u00e1t\u016f na prezidenta Ukrajiny. \u0158ekl to&#8230;<\/p>\n","protected":false},"author":2,"featured_media":32227,"comment_status":"closed","ping_status":"closed","sticky":false,"template":"","format":"standard","meta":[],"categories":[7],"tags":[3011,3085,1000],"_links":{"self":[{"href":"https:\/\/www.infokuryr.cz\/n\/wp-json\/wp\/v2\/posts\/32225"}],"collection":[{"href":"https:\/\/www.infokuryr.cz\/n\/wp-json\/wp\/v2\/posts"}],"about":[{"href":"https:\/\/www.infokuryr.cz\/n\/wp-json\/wp\/v2\/types\/post"}],"author":[{"embeddable":true,"href":"https:\/\/www.infokuryr.cz\/n\/wp-json\/wp\/v2\/users\/2"}],"replies":[{"embeddable":true,"href":"https:\/\/www.infokuryr.cz\/n\/wp-json\/wp\/v2\/comments?post=32225"}],"version-history":[{"count":0,"href":"https:\/\/www.infokuryr.cz\/n\/wp-json\/wp\/v2\/posts\/32225\/revisions"}],"wp:featuredmedia":[{"embeddable":true,"href":"https:\/\/www.infokuryr.cz\/n\/wp-json\/wp\/v2\/media\/32227"}],"wp:attachment":[{"href":"https:\/\/www.infokuryr.cz\/n\/wp-json\/wp\/v2\/media?parent=32225"}],"wp:term":[{"taxonomy":"category","embeddable":true,"href":"https:\/\/www.infokuryr.cz\/n\/wp-json\/wp\/v2\/categories?post=32225"},{"taxonomy":"post_tag","embeddable":true,"href":"https:\/\/www.infokuryr.cz\/n\/wp-json\/wp\/v2\/tags?post=32225"}],"curies":[{"name":"wp","href":"https:\/\/api.w.org\/{rel}","templated":true}]}}