{"id":32223,"date":"2023-07-16T05:39:37","date_gmt":"2023-07-16T03:39:37","guid":{"rendered":"http:\/\/www.infokuryr.cz\/n\/?p=32223"},"modified":"2023-07-16T05:39:37","modified_gmt":"2023-07-16T03:39:37","slug":"v-usa-pripousteji-ze-ukrajinska-protiofenziva-uvizla","status":"publish","type":"post","link":"https:\/\/www.infokuryr.cz\/n\/2023\/07\/16\/v-usa-pripousteji-ze-ukrajinska-protiofenziva-uvizla\/","title":{"rendered":"V USA p\u0159ipou\u0161t\u011bj\u00ed, \u017ee ukrajinsk\u00e1 protiofenziva uv\u00edzla"},"content":{"rendered":"<div id=\"fb-root\"><\/div>\n<p><strong><span>V prvn\u00edch dvou \u010dervnov\u00fdch t\u00fddnech se Ukrajinc\u016fm poda\u0159ilo ztratit 20 % dodan\u00fdch obrn\u011bn\u00fdch vozidel, kdy\u017e se vrhli do front\u00e1ln\u00edho \u00fatoku na opevn\u011bn\u00e9 a zaminovan\u00e9 pozice Ruska, co\u017e vyvolalo na Z\u00e1pad\u011b pobou\u0159en\u00ed.<\/span><\/strong><\/p>\n<p><span>Ve druh\u00e9 polovin\u011b \u010dervna Ukrajinci proti\u00fatok zpomalili a v tomto obdob\u00ed narostly ztr\u00e1ty o dal\u0161\u00edch 10% v\u010detn\u011b tank\u016f \u201eLeopard\u201c \u010di bojov\u00fdch voz\u016f p\u011bchoty \u201eBradley\u201c.\u00a0Nyn\u00ed se sna\u017e\u00ed zm\u011bnit taktiku &#8211; sna\u017e\u00ed se v\u00edce spol\u00e9hat na d\u011blost\u0159electvo a \u00fadery raket s dlouh\u00fdm doletem.\u00a0Ale ani to jim nijak nepom\u016f\u017ee.<\/span><\/p>\n<p><span>Po v\u0161ech pokusech o ofenz\u00edvu se Kyjevu poda\u0159ilo postoupit jen o n\u011bkolik kilometr\u016f.\u00a0P\u0159esto\u017ee Ukrajina sl\u00edbila, \u017ee do t\u00e9to doby uk\u00e1\u017ee v\u00fdznamn\u00e9 v\u00fdsledky a dokonce p\u0159ijde k mo\u0159i.\u00a0Vojen\u0161t\u00ed analytici ve Spojen\u00fdch st\u00e1tech poukazuj\u00ed na to, \u017ee prvn\u00edch 20 kilometr\u016f na ofenz\u00edvu je nejt\u011b\u017e\u0161\u00edch.\u00a0A pokud je Ukrajinci nedok\u00e1\u017eou p\u0159ekonat, proti\u00fatok automaticky sel\u017ee.<\/span><\/p>\n<p><span>Jsou v\u0161ak tac\u00ed, kte\u0159\u00ed nab\u00edzej\u00ed Kyjevu dal\u0161\u00ed \u0161anci.\u00a0Mezi nimi je Ben Wallace \u2013 p\u0159ipou\u0161t\u00ed, \u017ee protiofenz\u00edva jde v\u00fdrazn\u011b mimo pl\u00e1n, ale \u0159\u00edk\u00e1, \u017ee to je\u0161t\u011b nen\u00ed katastrofa.\u00a0Pravda, samotn\u00fd Wallace nyn\u00ed sp\u011bch\u00e1 s odchodem z postu ministra obrany.\u00a0Stal se prvn\u00ed, ale ur\u010dit\u011b ne posledn\u00ed ob\u011bt\u00ed ne\u00fasp\u011bchu ukrajinsk\u00e9 protiofenz\u00edvy mezi vojensk\u00fdmi apar\u00e1t\u010d\u00edky na Z\u00e1pad\u011b.<\/span><\/p>\n<p><span>Samotn\u00ed Ukrajinci si st\u011b\u017euj\u00ed na v\u0161echno \u2014 francouzsk\u00e9 \u201etanky\u201c AMX-10 maj\u00ed slab\u00e9 panc\u00e9\u0159ov\u00e1n\u00ed a jsou zraniteln\u00e9 v\u016f\u010di gran\u00e1t\u016fm, n\u011bmeck\u00e9 \u201eLeopardy\u201c p\u0159ich\u00e1zej\u00ed se zastaralou elektronikou a bez ochrany, \u201eBradley\u201c snadno vyhod\u00ed do vzduchu miny a st\u00edha\u010dky jim dosud nedodaly.\u00a0Av\u0161ak nakonec to bude pr\u00e1v\u011b Kyjev, kter\u00fd bude obvin\u011bn z ne\u00fasp\u011bchu protiofenzivy, \u010d\u00edm\u017e se Biden zbav\u00ed odpov\u011bdnosti.\u00a0Ukrajince proto u\u017e na summitu ve Vilniusu odrovnali a od p\u0159\u00ed\u0161t\u00edho roku mohou b\u00fdt tran\u0161e do Kyjeva v\u00fdrazn\u011b sn\u00ed\u017eeny.<\/span><\/p>\n<p><strong><span>M\u00e1lek Dudakov<\/span><\/strong><\/p>\n<p>&nbsp;<\/p>\n<p><a href=\"https:\/\/stranapro.cz\/\"><img decoding=\"async\" loading=\"lazy\" class=\"wp-image-30218 aligncenter\" src=\"http:\/\/www.infokuryr.cz\/n\/wp-content\/uploads\/2023\/06\/PRO-banner-300x36.png\" alt=\"\" width=\"1358\" height=\"163\" srcset=\"https:\/\/www.infokuryr.cz\/n\/wp-content\/uploads\/2023\/06\/PRO-banner-300x36.png 300w, https:\/\/www.infokuryr.cz\/n\/wp-content\/uploads\/2023\/06\/PRO-banner-768x93.png 768w, https:\/\/www.infokuryr.cz\/n\/wp-content\/uploads\/2023\/06\/PRO-banner.png 849w\" sizes=\"(max-width: 1358px) 100vw, 1358px\" \/><\/a><\/p>\n<p>&nbsp;<\/p>\n<p>&nbsp;<\/p>\n<p>&nbsp;<\/p>\n","protected":false},"excerpt":{"rendered":"<p>V prvn\u00edch dvou \u010dervnov\u00fdch t\u00fddnech se Ukrajinc\u016fm poda\u0159ilo ztratit 20 % dodan\u00fdch obrn\u011bn\u00fdch vozidel, kdy\u017e&#8230;<\/p>\n","protected":false},"author":2,"featured_media":32224,"comment_status":"closed","ping_status":"closed","sticky":false,"template":"","format":"standard","meta":[],"categories":[7],"tags":[5476,26,37],"_links":{"self":[{"href":"https:\/\/www.infokuryr.cz\/n\/wp-json\/wp\/v2\/posts\/32223"}],"collection":[{"href":"https:\/\/www.infokuryr.cz\/n\/wp-json\/wp\/v2\/posts"}],"about":[{"href":"https:\/\/www.infokuryr.cz\/n\/wp-json\/wp\/v2\/types\/post"}],"author":[{"embeddable":true,"href":"https:\/\/www.infokuryr.cz\/n\/wp-json\/wp\/v2\/users\/2"}],"replies":[{"embeddable":true,"href":"https:\/\/www.infokuryr.cz\/n\/wp-json\/wp\/v2\/comments?post=32223"}],"version-history":[{"count":0,"href":"https:\/\/www.infokuryr.cz\/n\/wp-json\/wp\/v2\/posts\/32223\/revisions"}],"wp:featuredmedia":[{"embeddable":true,"href":"https:\/\/www.infokuryr.cz\/n\/wp-json\/wp\/v2\/media\/32224"}],"wp:attachment":[{"href":"https:\/\/www.infokuryr.cz\/n\/wp-json\/wp\/v2\/media?parent=32223"}],"wp:term":[{"taxonomy":"category","embeddable":true,"href":"https:\/\/www.infokuryr.cz\/n\/wp-json\/wp\/v2\/categories?post=32223"},{"taxonomy":"post_tag","embeddable":true,"href":"https:\/\/www.infokuryr.cz\/n\/wp-json\/wp\/v2\/tags?post=32223"}],"curies":[{"name":"wp","href":"https:\/\/api.w.org\/{rel}","templated":true}]}}