{"id":32209,"date":"2023-07-16T01:19:43","date_gmt":"2023-07-15T23:19:43","guid":{"rendered":"http:\/\/www.infokuryr.cz\/n\/?p=32209"},"modified":"2023-07-15T19:32:54","modified_gmt":"2023-07-15T17:32:54","slug":"patriarcha-kirill-oslovil-svetove-predstavitele-s-poselstvim-na-obranu-vikare-kyjevsko-pecerske-lavry-pravoslavneho-metropolity-pavla","status":"publish","type":"post","link":"https:\/\/www.infokuryr.cz\/n\/2023\/07\/16\/patriarcha-kirill-oslovil-svetove-predstavitele-s-poselstvim-na-obranu-vikare-kyjevsko-pecerske-lavry-pravoslavneho-metropolity-pavla\/","title":{"rendered":"Patriarcha Kirill oslovil sv\u011btov\u00e9 p\u0159edstavitele s poselstv\u00edm na obranu vik\u00e1\u0159e Kyjevsko-pe\u010dersk\u00e9 l\u00e1vry pravoslavn\u00e9ho metropolity Pavla"},"content":{"rendered":"<div id=\"fb-root\"><\/div>\n<div id=\"node-news-full-group-l-box\" class=\"group-l-box field-group-div\">\n<div class=\"field field-name-field-img field-type-image field-label-hidden\">\n<div class=\"field-items\">\n<div class=\"field-item even\"><strong>Patriarcha moskevsk\u00fd a cel\u00e9 Rusi Kirill <\/strong><strong>vyslal poselstv\u00ed p\u0159edstavitel\u016fm c\u00edrkv\u00ed, gener\u00e1ln\u00edm tajemn\u00edk\u016fm OSN, OBSE a Rady Evropy v souvislosti se zat\u010den\u00edm vik\u00e1\u0159e Kyjevsko-pe\u010dersk\u00e9 l\u00e1vry pravoslavn\u00e9ho metropolity Pavla z Vy\u0161horodu a \u010cernobylu, ve kter\u00e9m vyzval k p\u0159ijet\u00ed opat\u0159en\u00ed na jeho ochranu.<\/strong><\/div>\n<\/div>\n<\/div>\n<\/div>\n<div class=\"field field-name-field-text field-type-text-long field-label-hidden\">\n<div class=\"field-items\">\n<div class=\"field-item even\">\n<p><span>Okresn\u00ed soud Solomensk\u00fd v Kyjev\u011b v sobotu zatkl opata kl\u00e1\u0161tera Ukrajinsk\u00e9 pravoslavn\u00e9 c\u00edkve-MP v Kyjevsko-pe\u010dersk\u00e9 l\u00e1v\u0159e metropolitu Pavla (sv\u011btsk\u00fdm jm\u00e9nem Peter Lebed) pro podez\u0159en\u00ed z podvratn\u00e9 \u010dinnosti proti Ukrajin\u011b. Soud rozhodl o ponech\u00e1n\u00ed kn\u011bze ve vazb\u011b do 14. srpna.<\/span><\/p>\n<p><span>Podle hlavy rusk\u00e9 pravoslavn\u00e9 c\u00edrkve mu zadr\u017een\u00ed metropolity Pavla hroz\u00ed v\u00e1\u017en\u00fdm zhor\u0161en\u00edm zdravotn\u00edho stavu, kter\u00e9 by mohlo v\u00e9st a\u017e k jeho smrti ve vy\u0161et\u0159ovac\u00ed vazb\u011b.<\/span><\/p>\n<p><em><strong>&#8222;Zat\u010den\u00ed guvern\u00e9ra m\u016f\u017ee v\u00e9st k jeho smrti,&#8220; \u0159ekl patriarcha Kirill.<\/strong><\/em><\/p>\n<p><span>Pozd\u011bji vy\u0161lo najevo, \u017ee pape\u017e Franti\u0161ek reagoval na v\u00fdzvu hlavy rusk\u00e9 pravoslavn\u00e9 c\u00edrkve a sl\u00edbil, \u017ee se bude osobn\u011b zab\u00fdvat ot\u00e1zkou propu\u0161t\u011bn\u00ed metropolity Pavla.\u00a0Podle Franti\u0161ka je nep\u0159ijateln\u00e9, aby byl guvern\u00e9r L\u00e1vry zat\u010den z politick\u00fdch d\u016fvod\u016f.<\/span><\/p>\n<\/div>\n<\/div>\n<\/div>\n<p><img decoding=\"async\" loading=\"lazy\" class=\"alignnone size-full wp-image-1185\" src=\"http:\/\/www.infokuryr.cz\/n\/wp-content\/uploads\/2021\/04\/kuryr-podpis.png\" alt=\"\" width=\"84\" height=\"24\" \/><\/p>\n<p>&nbsp;<\/p>\n<p><a href=\"https:\/\/stranapro.cz\/\"><img decoding=\"async\" loading=\"lazy\" class=\"wp-image-30218 aligncenter\" src=\"http:\/\/www.infokuryr.cz\/n\/wp-content\/uploads\/2023\/06\/PRO-banner-300x36.png\" alt=\"\" width=\"1358\" height=\"163\" srcset=\"https:\/\/www.infokuryr.cz\/n\/wp-content\/uploads\/2023\/06\/PRO-banner-300x36.png 300w, https:\/\/www.infokuryr.cz\/n\/wp-content\/uploads\/2023\/06\/PRO-banner-768x93.png 768w, https:\/\/www.infokuryr.cz\/n\/wp-content\/uploads\/2023\/06\/PRO-banner.png 849w\" sizes=\"(max-width: 1358px) 100vw, 1358px\" \/><\/a><\/p>\n<p>&nbsp;<\/p>\n<p>&nbsp;<\/p>\n<p>&nbsp;<\/p>\n","protected":false},"excerpt":{"rendered":"<p>Patriarcha moskevsk\u00fd a cel\u00e9 Rusi Kirill vyslal poselstv\u00ed p\u0159edstavitel\u016fm c\u00edrkv\u00ed, gener\u00e1ln\u00edm tajemn\u00edk\u016fm OSN, OBSE a&#8230;<\/p>\n","protected":false},"author":2,"featured_media":32210,"comment_status":"closed","ping_status":"closed","sticky":false,"template":"","format":"standard","meta":[],"categories":[7],"tags":[3557,869,1118,26],"_links":{"self":[{"href":"https:\/\/www.infokuryr.cz\/n\/wp-json\/wp\/v2\/posts\/32209"}],"collection":[{"href":"https:\/\/www.infokuryr.cz\/n\/wp-json\/wp\/v2\/posts"}],"about":[{"href":"https:\/\/www.infokuryr.cz\/n\/wp-json\/wp\/v2\/types\/post"}],"author":[{"embeddable":true,"href":"https:\/\/www.infokuryr.cz\/n\/wp-json\/wp\/v2\/users\/2"}],"replies":[{"embeddable":true,"href":"https:\/\/www.infokuryr.cz\/n\/wp-json\/wp\/v2\/comments?post=32209"}],"version-history":[{"count":0,"href":"https:\/\/www.infokuryr.cz\/n\/wp-json\/wp\/v2\/posts\/32209\/revisions"}],"wp:featuredmedia":[{"embeddable":true,"href":"https:\/\/www.infokuryr.cz\/n\/wp-json\/wp\/v2\/media\/32210"}],"wp:attachment":[{"href":"https:\/\/www.infokuryr.cz\/n\/wp-json\/wp\/v2\/media?parent=32209"}],"wp:term":[{"taxonomy":"category","embeddable":true,"href":"https:\/\/www.infokuryr.cz\/n\/wp-json\/wp\/v2\/categories?post=32209"},{"taxonomy":"post_tag","embeddable":true,"href":"https:\/\/www.infokuryr.cz\/n\/wp-json\/wp\/v2\/tags?post=32209"}],"curies":[{"name":"wp","href":"https:\/\/api.w.org\/{rel}","templated":true}]}}