{"id":32178,"date":"2023-07-16T01:06:20","date_gmt":"2023-07-15T23:06:20","guid":{"rendered":"http:\/\/www.infokuryr.cz\/n\/?p=32178"},"modified":"2023-07-15T15:40:32","modified_gmt":"2023-07-15T13:40:32","slug":"nikdo-nevi-kam-mizi-miliardy-z-fondu-eu-pro-koronaviry","status":"publish","type":"post","link":"https:\/\/www.infokuryr.cz\/n\/2023\/07\/16\/nikdo-nevi-kam-mizi-miliardy-z-fondu-eu-pro-koronaviry\/","title":{"rendered":"Nikdo nev\u00ed, kam miz\u00ed miliardy z fondu EU pro koronaviry"},"content":{"rendered":"<div id=\"fb-root\"><\/div>\n<p><strong>V\u00fdbor pro rozpo\u010dtovou kontrolu Evropsk\u00e9ho parlamentu by m\u011bl sledovat rozd\u011blen\u00ed 723 miliard eur z fondu na obnovu po koronaviru, poznamen\u00e1v\u00e1 n\u011bmeck\u00e1 televize N-TV.\u00a0Sv\u016fj \u00fakol v\u0161ak jednodu\u0161e splnit nem\u016f\u017ee: zem\u011b EU a Evropsk\u00e1 komise neposkytuj\u00ed kompletn\u00ed data o tom, jak p\u0159esn\u011b jsou prost\u0159edky vynakl\u00e1d\u00e1ny, tak\u017ee \u010dasto nen\u00ed mo\u017en\u00e9 zjistit, kam nakonec miz\u00ed.<\/strong><\/p>\n<p>\u0160\u00e9fka v\u00fdboru pro rozpo\u010dtovou kontrolu Evropsk\u00e9ho parlamentu Monica Hohlmeierov\u00e1 se pot\u00fdkala s probl\u00e9mem: jej\u00ed resort podle n\u00ed \u010d\u00e1ste\u010dn\u011b nezvl\u00e1d\u00e1 sv\u016fj \u00fakol.\u00a0V d\u016fsledku toho nikdo nev\u00ed, kam miz\u00ed miliardy Evropsk\u00e9 unie, uv\u00e1d\u00ed n\u011bmeck\u00e1 televize N-TV.<\/p>\n<p>V centru kritiky je netransparentnost p\u0159i rozd\u011blov\u00e1n\u00ed dotac\u00ed z Fondu obnovy koronaviru.\u00a0B\u011bhem pandemie EU z\u0159\u00eddila tento fond ve v\u00fd\u0161i 723 miliard EUR, a to jak ve form\u011b p\u016fj\u010dek, tak grant\u016f, s c\u00edlem vybudovat odolnost \u010dlensk\u00fdch zem\u00ed v\u016f\u010di krizi financov\u00e1n\u00edm r\u016fzn\u00fdch projekt\u016f.\u00a0Na opl\u00e1tku mus\u00ed \u010dlenov\u00e9 EU zah\u00e1jit reformy, zejm\u00e9na v digit\u00e1ln\u00ed a environment\u00e1ln\u00ed sf\u00e9\u0159e.<\/p>\n<p>Holmeier po\u017eaduje od evropsk\u00fdch zem\u00ed a Evropsk\u00e9 komise informace, kam p\u0159esn\u011b budou pen\u00edze investov\u00e1ny.\u00a0P\u0159es n\u011bkolik dotaz\u016f nebyla dosud obdr\u017eena \u017e\u00e1dn\u00e1 uspokojiv\u00e1 odpov\u011b\u010f.\u00a0<em>\u201eV\u00fdbor pro kontrolu rozpo\u010dtu neobdr\u017eel \u00fapln\u00e9 hodnocen\u00ed v\u0161ech nebo dokonce velk\u00fdch projekt\u016f od \u017e\u00e1dn\u00e9ho \u010dlensk\u00e9ho st\u00e1tu,\u201c<\/em>\u00a0st\u011b\u017euje si.<\/p>\n<p>Ve skute\u010dnosti jsou zem\u011b EU povinny poskytnout v\u00fdboru seznam 100 nejv\u00fdznamn\u011bj\u0161\u00edch kone\u010dn\u00fdch p\u0159\u00edjemc\u016f dvakr\u00e1t ro\u010dn\u011b.\u00a0Tuto povinnost ji\u017e splnilo celkem 14 zem\u00ed.\u00a0Holmeier si v\u0161ak st\u011b\u017euje, \u017ee tyto seznamy, kter\u00e9 lze voln\u011b naj\u00edt na internetu, p\u0159\u00edli\u0161 neobjas\u0148uj\u00ed.<\/p>\n<p>V datab\u00e1zi nap\u0159\u00edklad Rakousko uv\u00e1d\u00ed, \u017ee z fondu p\u0159id\u011bluje ministerstvu \u0161kolstv\u00ed, v\u011bdy a v\u00fdzkumu v\u00edce ne\u017e 78 milion\u016f eur, z toho asi 73 milion\u016f eur by m\u011blo sm\u011b\u0159ovat na poskytov\u00e1n\u00ed digit\u00e1ln\u00edch za\u0159\u00edzen\u00ed student\u016fm.\u00a0Jak\u00e1 v\u00fdb\u011brov\u00e1 \u0159\u00edzen\u00ed se konaj\u00ed, kter\u00e1 firma dod\u00e1v\u00e1 p\u0159\u00edstroje a kdo d\u00edky tomu dostane pen\u00edze, je nakonec nejasn\u00e9.<\/p>\n<p><a href=\"https:\/\/stranapro.cz\/\"><img decoding=\"async\" loading=\"lazy\" class=\"wp-image-30218 aligncenter\" src=\"http:\/\/www.infokuryr.cz\/n\/wp-content\/uploads\/2023\/06\/PRO-banner-300x36.png\" alt=\"\" width=\"1375\" height=\"165\" srcset=\"https:\/\/www.infokuryr.cz\/n\/wp-content\/uploads\/2023\/06\/PRO-banner-300x36.png 300w, https:\/\/www.infokuryr.cz\/n\/wp-content\/uploads\/2023\/06\/PRO-banner-768x93.png 768w, https:\/\/www.infokuryr.cz\/n\/wp-content\/uploads\/2023\/06\/PRO-banner.png 849w\" sizes=\"(max-width: 1375px) 100vw, 1375px\" \/><\/a><\/p>\n<p>V mnoha p\u0159\u00edpadech poslanci ani nev\u011bd\u00ed, kam dotace miz\u00ed, zd\u016fraz\u0148uje n\u011bmeck\u00fd televizn\u00ed kan\u00e1l.\u00a0Hohlmeier n\u011bkolikr\u00e1t kontaktoval Evropskou komisi pro dal\u0161\u00ed informace, ale bez \u00fasp\u011bchu.\u00a0Nap\u0159\u00edklad \u0160pan\u011blsko vy\u010dlenilo finan\u010dn\u00ed prost\u0159edky na zdravotn\u00ed p\u00e9\u010di.\u00a0<em>\u201eKdy\u017e chceme jako parlament EU v\u011bd\u011bt, na co byly prost\u0159edky skute\u010dn\u011b pou\u017eity, dost\u00e1v\u00e1me ne\u00fapln\u00e9 jednotliv\u00e9 p\u0159\u00edklady, kter\u00e9 n\u00e1m neumo\u017e\u0148uj\u00ed vyvozovat z\u00e1v\u011bry o rozd\u011blen\u00ed prost\u0159edk\u016f jako celku,\u201c \u0159\u00edk\u00e1 Hohlmeier<\/em>\u00a0.\u00a0<em>&#8211; Nelze nap\u0159\u00edklad zjistit, kter\u00e9 nemocnice dostaly to \u010di ono vybaven\u00ed a za jakou cenu.\u00a0V\u00fdbor tak\u00e9 nem\u016f\u017ee ov\u011b\u0159it, jak spravedliv\u011b a nestrann\u011b byly pen\u00edze vynalo\u017eeny.\u201c<\/em><\/p>\n<p>V It\u00e1lii, kter\u00e1 je stejn\u011b jako \u0160pan\u011blsko jedn\u00edm z nejv\u011bt\u0161\u00edch p\u0159\u00edjemc\u016f stavebn\u00edho fondu, dobr\u00fd p\u0159\u00edklad uk\u00e1zal, jak mohou b\u00fdt prost\u0159edky zneu\u017eity, pokud jejich rozd\u011blov\u00e1n\u00ed nen\u00ed kontrolov\u00e1no. \u0158\u00edm cht\u011bl dotovat stavbu a rekonstrukci dvou fotbalov\u00fdch stadion\u016f. Stadion v Ben\u00e1tk\u00e1ch m\u011bl dostat 93 milion\u016f eur, dal\u0161\u00ed stadion ve Florencii &#8211; 55 milion\u016f eur. V d\u016fsledku toho zas\u00e1hla Evropsk\u00e1 komise a odm\u00edtla financovat tyto projekty prost\u0159ednictv\u00edm fondu. Starosta Florencie reagoval vzdorovit\u011b s t\u00edm, \u017ee finan\u010dn\u00ed prost\u0159edky ji\u017e byly schv\u00e1leny.<\/p>\n<p>Hohlmeier se domn\u00edv\u00e1, \u017ee kv\u016fli nedostatku zam\u011bstnanc\u016f jsou italsk\u00e9 \u00fa\u0159ady zavaleny prac\u00ed na z\u00edsk\u00e1v\u00e1n\u00ed finan\u010dn\u00edch prost\u0159edk\u016f z fondu pro rekonstrukci soub\u011b\u017en\u011b s dal\u0161\u00edmi investicemi a \u201e\u00a0<em>vynakl\u00e1d\u00e1n\u00edm na projekty, kter\u00e9 skute\u010dn\u011b d\u00e1vaj\u00ed smysl<\/em>\u00a0\u201c .\u00a0Platba r\u016fzn\u00fdch tran\u0161\u00ed It\u00e1lii se proto zpo\u017e\u010fuje.\u00a0Italsk\u00e1 vl\u00e1da \u00fadajn\u011b omezuje pravomoci sv\u00e9ho kontroln\u00edho \u00fa\u0159adu, proto\u017ee kritizuje pr\u016ftahy ve vyu\u017e\u00edv\u00e1n\u00ed dotac\u00ed.<\/p>\n<p>Z\u00e1stupce Evropsk\u00e9 komise v reakci na Hohlmeierovu kritiku vysv\u011btlil N-TV, \u017ee \u010dlensk\u00e9 st\u00e1ty jsou skute\u010dn\u011b povinny\u00a0<em>\u201ev\u00e9st evidenci kone\u010dn\u00fdch p\u0159\u00edjemc\u016f zvl\u00e1\u0161tn\u00edch prost\u0159edk\u016f\u201c,<\/em>\u00a0ale tyto \u00fadaje by m\u011bly zve\u0159ej\u0148ovat pouze na \u017e\u00e1dost Evropsk\u00e9 komise, Evropsk\u00fd \u00fa\u010detn\u00ed dv\u016fr, Evropsk\u00fd \u00fa\u0159ad pro boj proti podvod\u016fm nebo \u00da\u0159ad evropsk\u00e9ho prokur\u00e1tora.<\/p>\n<p>Ve skute\u010dnosti zem\u011b neporu\u0161uj\u00ed pr\u00e1vo EU, pokud Parlamentu poskytuj\u00ed pouze obecn\u00e9, v\u00e1gn\u00ed informace.\u00a0Evropsk\u00e1 komise podle tiskov\u00e9ho tajemn\u00edka poskytuje \u00fadaje V\u00fdboru pro rozpo\u010dtovou kontrolu, kdy\u017e o n\u011b po\u017e\u00e1d\u00e1.\u00a0Holmeier to kategoricky pop\u00edr\u00e1.\u00a0Informace\u00a0<em>jsou podle n\u00ed \u201eposkytov\u00e1ny jen po tro\u0161k\u00e1ch a pod velk\u00fdm tlakem\u201c.<\/em><\/p>\n<p>Evropsk\u00e1 komise zase uji\u0161\u0165uje, \u017ee takzvan\u00e1 v\u00fdsledkov\u00e1 tabulka a digit\u00e1ln\u00ed mapa d\u00e1vaj\u00ed dobrou p\u0159edstavu o rozd\u011blen\u00ed finan\u010dn\u00edch prost\u0159edk\u016f.\u00a0V\u00fdbor naopak kritizuje, \u017ee projekty zde prezentovan\u00e9 jsou vyb\u00edr\u00e1ny pouze jako p\u0159\u00edklady, a Evropsk\u00e1 komise to uzn\u00e1v\u00e1.\u00a0K vytvo\u0159en\u00ed grafu jsou podle z\u00e1stupce Evropsk\u00e9 komise pou\u017eity ve\u0159ejn\u011b dostupn\u00e9 \u00fadaje.\u00a0<em>\u201eMapa je \u017eiv\u00fd projekt a je pravideln\u011b aktualizov\u00e1na,\u201c<\/em>\u00a0dodala.<\/p>\n<p>V souladu s t\u00edm mapa poskytuje pouze kus\u00e9 informace.\u00a0N\u011bkdy chyb\u00ed odkazy na str\u00e1nky s podrobn\u00fdm popisem projekt\u016f, jindy odkazy nikam nevedou.\u00a0St\u00e1v\u00e1 se tak\u00e9, \u017ee je program pops\u00e1n pouze v n\u011bkolika v\u011bt\u00e1ch.\u00a0To pro Holmeier\u016fv v\u00fdbor, kter\u00fd m\u00e1 pom\u00e1hat Evropsk\u00e9 komisi p\u0159i dodr\u017eov\u00e1n\u00ed rozpo\u010dtov\u00e9 k\u00e1zn\u011b, nem\u016f\u017ee slou\u017eit jako dostate\u010dn\u00fd z\u00e1klad pro pln\u011bn\u00ed jeho \u00fakol\u016f, zd\u016fraz\u0148uje n\u011bmeck\u00e1 televize N-TV.<\/p>\n<p><img decoding=\"async\" loading=\"lazy\" class=\"alignnone size-full wp-image-1185\" src=\"http:\/\/www.infokuryr.cz\/n\/wp-content\/uploads\/2021\/04\/kuryr-podpis.png\" alt=\"\" width=\"84\" height=\"24\" \/><\/p>\n<p>&nbsp;<\/p>\n<p><a href=\"https:\/\/stranapro.cz\/\"><img decoding=\"async\" loading=\"lazy\" class=\"wp-image-30218 aligncenter\" src=\"http:\/\/www.infokuryr.cz\/n\/wp-content\/uploads\/2023\/06\/PRO-banner-300x36.png\" alt=\"\" width=\"1367\" height=\"164\" srcset=\"https:\/\/www.infokuryr.cz\/n\/wp-content\/uploads\/2023\/06\/PRO-banner-300x36.png 300w, https:\/\/www.infokuryr.cz\/n\/wp-content\/uploads\/2023\/06\/PRO-banner-768x93.png 768w, https:\/\/www.infokuryr.cz\/n\/wp-content\/uploads\/2023\/06\/PRO-banner.png 849w\" sizes=\"(max-width: 1367px) 100vw, 1367px\" \/><\/a><\/p>\n<p>&nbsp;<\/p>\n<p>&nbsp;<\/p>\n<p>&nbsp;<\/p>\n","protected":false},"excerpt":{"rendered":"<p>V\u00fdbor pro rozpo\u010dtovou kontrolu Evropsk\u00e9ho parlamentu by m\u011bl sledovat rozd\u011blen\u00ed 723 miliard eur z fondu&#8230;<\/p>\n","protected":false},"author":2,"featured_media":31518,"comment_status":"closed","ping_status":"closed","sticky":false,"template":"","format":"standard","meta":[],"categories":[7],"tags":[41,5472,90,3034],"_links":{"self":[{"href":"https:\/\/www.infokuryr.cz\/n\/wp-json\/wp\/v2\/posts\/32178"}],"collection":[{"href":"https:\/\/www.infokuryr.cz\/n\/wp-json\/wp\/v2\/posts"}],"about":[{"href":"https:\/\/www.infokuryr.cz\/n\/wp-json\/wp\/v2\/types\/post"}],"author":[{"embeddable":true,"href":"https:\/\/www.infokuryr.cz\/n\/wp-json\/wp\/v2\/users\/2"}],"replies":[{"embeddable":true,"href":"https:\/\/www.infokuryr.cz\/n\/wp-json\/wp\/v2\/comments?post=32178"}],"version-history":[{"count":1,"href":"https:\/\/www.infokuryr.cz\/n\/wp-json\/wp\/v2\/posts\/32178\/revisions"}],"predecessor-version":[{"id":32179,"href":"https:\/\/www.infokuryr.cz\/n\/wp-json\/wp\/v2\/posts\/32178\/revisions\/32179"}],"wp:featuredmedia":[{"embeddable":true,"href":"https:\/\/www.infokuryr.cz\/n\/wp-json\/wp\/v2\/media\/31518"}],"wp:attachment":[{"href":"https:\/\/www.infokuryr.cz\/n\/wp-json\/wp\/v2\/media?parent=32178"}],"wp:term":[{"taxonomy":"category","embeddable":true,"href":"https:\/\/www.infokuryr.cz\/n\/wp-json\/wp\/v2\/categories?post=32178"},{"taxonomy":"post_tag","embeddable":true,"href":"https:\/\/www.infokuryr.cz\/n\/wp-json\/wp\/v2\/tags?post=32178"}],"curies":[{"name":"wp","href":"https:\/\/api.w.org\/{rel}","templated":true}]}}