{"id":32163,"date":"2023-07-16T01:01:37","date_gmt":"2023-07-15T23:01:37","guid":{"rendered":"http:\/\/www.infokuryr.cz\/n\/?p=32163"},"modified":"2023-07-15T15:07:59","modified_gmt":"2023-07-15T13:07:59","slug":"nocni-vlci-pravda-o-ruskych-motorkarich","status":"publish","type":"post","link":"https:\/\/www.infokuryr.cz\/n\/2023\/07\/16\/nocni-vlci-pravda-o-ruskych-motorkarich\/","title":{"rendered":"No\u010dn\u00ed vlci &#8211; Pravda o rusk\u00fdch motork\u00e1\u0159\u00edch"},"content":{"rendered":"<div id=\"fb-root\"><\/div>\n<p><strong>V z\u00e1padn\u00edch syst\u00e9mov\u00fdch m\u00e9di\u00edch se sotva objev\u00ed zpr\u00e1va o Vladimiru Putinovi, kter\u00e1 by alespo\u0148 okrajov\u011b neinformovala o jeho bl\u00edzkosti k rusk\u00e9mu motorklubu \u201eNo\u010dn\u00ed vlci\u201c.<\/strong><\/p>\n<p>\u201eVykonstruovan\u00e9 z\u00e1padn\u00ed kli\u0161\u00e9\u201c r\u00e1do ukazuje, jak Putin jezd\u00ed na motorce spole\u010dn\u011b s \u0161\u00e9fem No\u010dn\u00edch vlk\u016f.<\/p>\n<p>\u010casto se tak\u00e9 uv\u00e1d\u00ed, \u017ee \u0161\u00e9fovi No\u010dn\u00edho vlka se p\u0159ezd\u00edv\u00e1 \u201eChirurg\u201c.<\/p>\n<figure id=\"attachment_117867\" class=\"wp-caption aligncenter\" style=\"width: 607px;\" aria-describedby=\"caption-attachment-117867\"><img decoding=\"async\" loading=\"lazy\" class=\"wp-image-117867 td-animation-stack-type1-2\" src=\"https:\/\/i0.wp.com\/unser-mitteleuropa.com\/wp-content\/uploads\/2023\/07\/Nachtwoelfe-Chef.jpg?resize=461%2C1024&amp;ssl=1\" sizes=\"(max-width: 461px) 100vw, 461px\" srcset=\"https:\/\/i0.wp.com\/unser-mitteleuropa.com\/wp-content\/uploads\/2023\/07\/Nachtwoelfe-Chef.jpg?resize=461%2C1024&amp;ssl=1 461w, https:\/\/i0.wp.com\/unser-mitteleuropa.com\/wp-content\/uploads\/2023\/07\/Nachtwoelfe-Chef.jpg?resize=135%2C300&amp;ssl=1 135w, https:\/\/i0.wp.com\/unser-mitteleuropa.com\/wp-content\/uploads\/2023\/07\/Nachtwoelfe-Chef.jpg?w=576&amp;ssl=1 576w\" alt=\"\" width=\"607\" height=\"1349\" data-recalc-dims=\"1\" \/><figcaption id=\"caption-attachment-117867\" class=\"wp-caption-text\"><em>N\u00e1\u010deln\u00edk No\u010dn\u00edch vlk\u016f alias \u201eChirurg\u201c (j\u00e1\u00a0obr\u00e1zku vlevo) Obr\u00e1zek: soukrom\u00fd<\/em><\/figcaption><\/figure>\n<p>Z\u00e1padn\u00ed m\u00e9dia tak\u00e9 tvrdo\u0161\u00edjn\u011b \u201eudr\u017euj\u00ed\u201c narativ, \u017ee klub je ned\u00edlnou sou\u010d\u00e1st\u00ed kremelsk\u00e9ho re\u017eimu.<\/p>\n<p>Ve skute\u010dnosti jsou No\u010dn\u00ed vlci organizac\u00ed, jej\u00ed\u017e \u010dlenov\u00e9 poch\u00e1zej\u00ed ze v\u0161ech spole\u010densk\u00fdch vrstev a jej\u00ed\u017e srdcem je motorka.<\/p>\n<p>Tito motork\u00e1\u0159i maj\u00ed \u00fapln\u011b jinou formu soci\u00e1ln\u00ed interakce, kter\u00e1 se v\u00fdrazn\u011b li\u0161\u00ed od americk\u00fdch a z\u00e1padn\u00edch klub\u016f.\u00a0Jsou to jen ru\u0161t\u00ed motork\u00e1\u0159i.<\/p>\n<p>Krom\u011b j\u00edzdy na motorce sd\u00edl\u00ed \u010dleny tak\u00e9 l\u00e1ska k rusk\u00e9 kultu\u0159e.<\/p>\n<figure id=\"attachment_117868\" class=\"wp-caption aligncenter\" style=\"width: 827px;\" aria-describedby=\"caption-attachment-117868\"><img decoding=\"async\" loading=\"lazy\" class=\"wp-image-117868 td-animation-stack-type1-2\" src=\"https:\/\/i0.wp.com\/unser-mitteleuropa.com\/wp-content\/uploads\/2023\/07\/PP-und-Nachtwoelfe.jpg?resize=696%2C392&amp;ssl=1\" sizes=\"(max-width: 696px) 100vw, 696px\" srcset=\"https:\/\/i0.wp.com\/unser-mitteleuropa.com\/wp-content\/uploads\/2023\/07\/PP-und-Nachtwoelfe.jpg?w=720&amp;ssl=1 720w, https:\/\/i0.wp.com\/unser-mitteleuropa.com\/wp-content\/uploads\/2023\/07\/PP-und-Nachtwoelfe.jpg?resize=300%2C169&amp;ssl=1 300w\" alt=\"\" width=\"827\" height=\"466\" data-recalc-dims=\"1\" \/><figcaption id=\"caption-attachment-117868\" class=\"wp-caption-text\">P.Poppel obklopen\u00fd no\u010dn\u00edmi vlky Obr\u00e1zek : soukrom\u00fd<\/figcaption><\/figure>\n<p>Humanit\u00e1rn\u00ed projekty, stejn\u011b jako pout\u011b do kostel\u016f a kl\u00e1\u0161ter\u016f pat\u0159\u00ed k jejich aktivit\u00e1m stejn\u011b jako ka\u017edoro\u010dn\u00ed cyklofestival s tis\u00edci hosty s charitativn\u00edm z\u00e1zem\u00edm.<\/p>\n<p>Jejich slogan zn\u00ed: <strong>\u201ekde jsme my, je Rusko\u201c<\/strong>.\u00a0To v\u0161ak nesouvis\u00ed s \u017e\u00e1dn\u00fdm vlastnick\u00fdm n\u00e1rokem, ale znamen\u00e1 to, \u017ee jsou tak\u00e9 p\u0159edstaviteli a velvyslanci rusk\u00e9 kultury doma i v zahrani\u010d\u00ed.<\/p>\n<p>Zvl\u00e1\u0161t\u011b d\u016fle\u017eitou roli zde hraje p\u011bstov\u00e1n\u00ed p\u0159\u00e1telstv\u00ed mezi n\u00e1rody.<\/p>\n<p>Raku\u0161an Patrick Poppel je s Nachwolves u\u017e l\u00e9ta \u00fazce spjat a o klubu m\u016f\u017ee \u0159\u00edct jen dobr\u00e9 v\u011bci.<\/p>\n<p>Jsou to \u010destn\u00ed a n\u00e1pomocn\u00ed lid\u00e9 s velk\u00fdm srdcem.\u00a0To \u017eije i v opakuj\u00edc\u00ed se podpo\u0159e soci\u00e1ln\u00edch a charitativn\u00edch projekt\u016f.<\/p>\n<figure id=\"attachment_117869\" class=\"wp-caption aligncenter\" style=\"width: 668px;\" aria-describedby=\"caption-attachment-117869\"><img decoding=\"async\" loading=\"lazy\" class=\"wp-image-117869 td-animation-stack-type1-2\" src=\"https:\/\/i0.wp.com\/unser-mitteleuropa.com\/wp-content\/uploads\/2023\/07\/PP-und-Chirurg.jpg?resize=696%2C867&amp;ssl=1\" sizes=\"(max-width: 696px) 100vw, 696px\" srcset=\"https:\/\/i0.wp.com\/unser-mitteleuropa.com\/wp-content\/uploads\/2023\/07\/PP-und-Chirurg.jpg?w=720&amp;ssl=1 720w, https:\/\/i0.wp.com\/unser-mitteleuropa.com\/wp-content\/uploads\/2023\/07\/PP-und-Chirurg.jpg?resize=241%2C300&amp;ssl=1 241w\" alt=\"\" width=\"668\" height=\"832\" data-recalc-dims=\"1\" \/><figcaption id=\"caption-attachment-117869\" class=\"wp-caption-text\"><em>Tak\u00e9 no\u010dn\u00ed vlci na podporu celosv\u011btov\u011b zaveden\u00e9ho projektu LTAS (opus\u0165te americk\u00fd sektor) iniciovan\u00e9ho P.Popplem Obr\u00e1zek: soukrom\u00fd<\/em><\/figcaption><\/figure>\n<p>Navzdory sv\u00e9 &#8222;tuh\u00e9&#8220; struktu\u0159e, vnit\u0159n\u00edm pravidl\u016fm a fixaci na motocykly je klub v\u017edy v otev\u0159en\u00e9m dialogu se v\u0161emi, a\u0165 u\u017e jsou motork\u00e1\u0159i, \u0159\u00edd\u00ed motorku nebo ne, uv\u00e1d\u00ed Poppel.<\/p>\n<p>Klub a ide\u00e1ly klubu maj\u00ed znateln\u011b pozitivn\u00ed vliv i na outsidery.<\/p>\n<p>No\u010dn\u00ed vlci p\u0159edstavuj\u00ed hodnoty, kter\u00e9 se na Z\u00e1pad\u011b st\u00e1le v\u00edce ztr\u00e1cej\u00ed, ale v\u017edy byly a jsou d\u016fle\u017eit\u011bj\u0161\u00ed ne\u017e kdy jindy pro udr\u017een\u00ed zdrav\u00e9 spole\u010dnosti.<\/p>\n<p><em>\u00davodn\u00ed fotografie: N\u00e1\u010deln\u00edk No\u010dn\u00edch vlk\u016f a P. Poppel Obr\u00e1zek: soukrom\u00fd<\/em><\/p>\n<p><strong>P. Poppel<\/strong><\/p>\n<p>&nbsp;<\/p>\n<p><a href=\"https:\/\/stranapro.cz\/\"><img decoding=\"async\" loading=\"lazy\" class=\"wp-image-30218 aligncenter\" src=\"http:\/\/www.infokuryr.cz\/n\/wp-content\/uploads\/2023\/06\/PRO-banner-300x36.png\" alt=\"\" width=\"1350\" height=\"162\" srcset=\"https:\/\/www.infokuryr.cz\/n\/wp-content\/uploads\/2023\/06\/PRO-banner-300x36.png 300w, https:\/\/www.infokuryr.cz\/n\/wp-content\/uploads\/2023\/06\/PRO-banner-768x93.png 768w, https:\/\/www.infokuryr.cz\/n\/wp-content\/uploads\/2023\/06\/PRO-banner.png 849w\" sizes=\"(max-width: 1350px) 100vw, 1350px\" \/><\/a><\/p>\n<p>&nbsp;<\/p>\n<p>&nbsp;<\/p>\n<p>&nbsp;<\/p>\n","protected":false},"excerpt":{"rendered":"<p>V z\u00e1padn\u00edch syst\u00e9mov\u00fdch m\u00e9di\u00edch se sotva objev\u00ed zpr\u00e1va o Vladimiru Putinovi, kter\u00e1 by alespo\u0148 okrajov\u011b&#8230;<\/p>\n","protected":false},"author":2,"featured_media":32164,"comment_status":"closed","ping_status":"closed","sticky":false,"template":"","format":"standard","meta":[],"categories":[7],"tags":[1061,29,2850],"_links":{"self":[{"href":"https:\/\/www.infokuryr.cz\/n\/wp-json\/wp\/v2\/posts\/32163"}],"collection":[{"href":"https:\/\/www.infokuryr.cz\/n\/wp-json\/wp\/v2\/posts"}],"about":[{"href":"https:\/\/www.infokuryr.cz\/n\/wp-json\/wp\/v2\/types\/post"}],"author":[{"embeddable":true,"href":"https:\/\/www.infokuryr.cz\/n\/wp-json\/wp\/v2\/users\/2"}],"replies":[{"embeddable":true,"href":"https:\/\/www.infokuryr.cz\/n\/wp-json\/wp\/v2\/comments?post=32163"}],"version-history":[{"count":1,"href":"https:\/\/www.infokuryr.cz\/n\/wp-json\/wp\/v2\/posts\/32163\/revisions"}],"predecessor-version":[{"id":32165,"href":"https:\/\/www.infokuryr.cz\/n\/wp-json\/wp\/v2\/posts\/32163\/revisions\/32165"}],"wp:featuredmedia":[{"embeddable":true,"href":"https:\/\/www.infokuryr.cz\/n\/wp-json\/wp\/v2\/media\/32164"}],"wp:attachment":[{"href":"https:\/\/www.infokuryr.cz\/n\/wp-json\/wp\/v2\/media?parent=32163"}],"wp:term":[{"taxonomy":"category","embeddable":true,"href":"https:\/\/www.infokuryr.cz\/n\/wp-json\/wp\/v2\/categories?post=32163"},{"taxonomy":"post_tag","embeddable":true,"href":"https:\/\/www.infokuryr.cz\/n\/wp-json\/wp\/v2\/tags?post=32163"}],"curies":[{"name":"wp","href":"https:\/\/api.w.org\/{rel}","templated":true}]}}