{"id":32141,"date":"2023-07-15T01:18:51","date_gmt":"2023-07-14T23:18:51","guid":{"rendered":"http:\/\/www.infokuryr.cz\/n\/?p=32141"},"modified":"2023-07-14T16:08:05","modified_gmt":"2023-07-14T14:08:05","slug":"michael-svatos-cr-bude-platit-nemecku-za-americka-letadla-f-35","status":"publish","type":"post","link":"https:\/\/www.infokuryr.cz\/n\/2023\/07\/15\/michael-svatos-cr-bude-platit-nemecku-za-americka-letadla-f-35\/","title":{"rendered":"Michael Svato\u0161: \u010cR bude platit N\u011bmecku za americk\u00e1 letadla F-35!"},"content":{"rendered":"<div id=\"fb-root\"><\/div>\n<h2 class=\"post-title entry-title\">\u010cR bude platit N\u011bmecku za americk\u00e1 letadla F-35! Dal\u0161\u00ed neuv\u011b\u0159iteln\u00fd kiks \u010desk\u00e9 vl\u00e1dy! Lukrativn\u00ed pracovn\u00ed m\u00edsta pro N\u011bmce, miliardov\u00e9 dluhy pro \u010cechy! To je politika Fialy!<\/h2>\n<p>Kdy\u017e jsme v MAP 1723 v ned\u011bli 9. \u010dervence odhalili, \u017ee Izrael nakupuje 25 letadel F-35 od USA za 65 miliard CZK, kde\u017eto \u010cR nakupuje 24 letadel F-35 za 122 miliard CZK, netu\u0161ili jsme, co odhal\u00edme dnes!<\/p>\n<p>Washington a Berl\u00edn se tajn\u011b domluvily, a v\u010dera ozn\u00e1mily,\u00a0<a href=\"https:\/\/www.merkur.de\/politik\/waffen-f-fuenfunddreissig-kampfjets-deutsche-rheinmetall-neue-fabrik-weeze-produktion-teile-zr-92400732.html\">\u017ee koncern Rheinmetall vybuduje<\/a>\u00a0do roku 2025 v\u00a0<a href=\"https:\/\/cs.wikipedia.org\/wiki\/Severn%C3%AD_Por%C3%BDn%C3%AD-Vestf%C3%A1lsko\">Severn\u00edm Por\u00fdn\u00ed \u2013 Vestf\u00e1lsku<\/a>\u00a0zbrusu novou leteckou tov\u00e1rnu, ve kter\u00e9 se vyrob\u00ed 400 \u201c<em>rumpfmittelteil<\/em>\u201d F-35.\u00a0<a href=\"https:\/\/www.linguee.de\/deutsch-englisch\/uebersetzung\/rumpfmittelteil.html\">Rumpfmittelteil<\/a>\u00a0je nejd\u016fle\u017eit\u011bj\u0161\u00ed a nejslo\u017eit\u011bj\u0161\u00ed \u010d\u00e1st letadla F-35. P\u0159esn\u00fd p\u0159eklad do \u010de\u0161tiny zn\u00ed \u2013 st\u0159edn\u00ed \u010d\u00e1st trupu draku. Pro Va\u0161i p\u0159edstavu u z\u00e1padoevropsk\u00e9 st\u00edha\u010dky\u00a0<a href=\"https:\/\/cs.wikipedia.org\/wiki\/Eurofighter_Typhoon\">Eurofighter Typhoon<\/a>\u00a0m\u00e1 d\u00e9lku 6 metr\u016f.<\/p>\n<p>Ze smlouvy mezi Washingtonem a Berl\u00ednem vypl\u00fdv\u00e1, \u017ee t\u011bchto 400 rumpfmittelteil bude v N\u011bmecku vyrobeno pro Bundeswehr a \u201csp\u0159\u00e1telen\u00e9 proamerick\u00e9 n\u00e1rody v Evrop\u011b\u201d! \u010ce\u0161i budou cel\u00e1 desetilet\u00ed spl\u00e1cet \u010cernochov\u00e9 stamiliardov\u00e9 dluhy za F-35 a Ameri\u010dan\u00e9 z nich budou platit lukrativn\u00ed mzdy stovk\u00e1m nov\u00fdm z\u00e1padon\u011bmeck\u00fdm zam\u011bstnanc\u016fm v nov\u00e9 leteck\u00e9 tov\u00e1rn\u011b!<\/p>\n<p>\u010cesk\u00e9 leteck\u00e9 tov\u00e1rny zat\u00edm budou bojovat o p\u0159e\u017eit\u00ed!\u00a0Naivn\u00ed \u010desk\u00fd premi\u00e9r\u00a0<a href=\"https:\/\/www.idnes.cz\/zpravy\/zahranicni\/cesko-vietnam-vojenska-dodavka-zbrane-letadla-radary-rusko-valka.A230424_083615_zahranicni_vajo\">Fiala let\u011bl p\u0159ed p\u00e1r m\u011bs\u00edci za komunisty do Vietnamu, aby je p\u0159emluvil, zda by si nekoupili n\u011bjak\u00e1 \u010desk\u00e1 letad\u00fdlka AERO,<\/a>\u00a0proto\u017ee je nikdo nechce! Letadla byla toti\u017e p\u016fvodn\u011b vyr\u00e1b\u011bna hlavn\u011b pro Rusko. St\u00e1t za jejich v\u00fdvoj zaplatil 237 milion\u016f korun. Fiala je v\u016fbec velmi naivn\u00ed. Do letadla na svou pou\u0165 za vietnamsk\u00fdmi komunisty nalo\u017eil v\u0161emo\u017en\u00e9 \u010desk\u00e9 zbroja\u0159e,\u00a0<a href=\"https:\/\/www.reuters.com\/world\/europe\/czech-republic-looks-supply-vietnam-more-aircraft-radars-source-2023-04-24\/?fbclid=IwAR1Noq0mP_f6csy7_7oXx7Y1m-JVi4W4Arl0ZhLFVk9Gp4arViDdnpgo338\">kte\u0159\u00ed se sna\u017eili p\u0159emluvit Vietnamce<\/a>, aby si nechali z \u010cech dod\u00e1vat rusk\u00e9 zbran\u011b, jimi\u017e jsou po zuby ozbrojen\u00ed. Vietnamci se zdvo\u0159ile usm\u00edvali a \u010de\u0161t\u00ed zbroja\u0159i p\u0159iznali, \u017ee jedn\u00e1n\u00ed o prodeji obrn\u011bn\u00fdch vozidel, houfnic i raketomet\u016f se vle\u010dou.<\/p>\n<p><img decoding=\"async\" loading=\"lazy\" class=\"wp-image-5094 alignleft\" src=\"https:\/\/www.michalapetr.com\/wp-content\/uploads\/2023\/07\/b5a7d2b99bf6c536e3ab85309eea3bd7_250x0_550.390.0.0.jpg\" sizes=\"(max-width: 760px) 100vw, 760px\" srcset=\"https:\/\/www.michalapetr.com\/wp-content\/uploads\/2023\/07\/b5a7d2b99bf6c536e3ab85309eea3bd7_250x0_550.390.0.0.jpg 760w, https:\/\/www.michalapetr.com\/wp-content\/uploads\/2023\/07\/b5a7d2b99bf6c536e3ab85309eea3bd7_250x0_550.390.0.0-300x213.jpg 300w, https:\/\/www.michalapetr.com\/wp-content\/uploads\/2023\/07\/b5a7d2b99bf6c536e3ab85309eea3bd7_250x0_550.390.0.0-260x185.jpg 260w, https:\/\/www.michalapetr.com\/wp-content\/uploads\/2023\/07\/b5a7d2b99bf6c536e3ab85309eea3bd7_250x0_550.390.0.0-705x500.jpg 705w, https:\/\/www.michalapetr.com\/wp-content\/uploads\/2023\/07\/b5a7d2b99bf6c536e3ab85309eea3bd7_250x0_550.390.0.0-450x319.jpg 450w\" alt=\"\" width=\"611\" height=\"433\" \/><\/p>\n<p><a href=\"https:\/\/ura.news\/articles\/1036287083\">\u017de je Fiala naivn\u00ed se naplno provalilo u\u017e 3. \u010dervence<\/a>\u00a0a \u010desk\u00e1 m\u00e9dia o tom rad\u011bji ani neinformovala. N\u00e1m\u011bstek vietnamsk\u00e9ho ministra obrany gener\u00e1l Hoang Xuan Tien p\u0159i n\u011bkolikadenn\u00ed n\u00e1v\u0161t\u011bv\u011b Moskvy podepsal \u0159adu strategick\u00fdch smluv jako:\u00a0Smlouvu o z\u0159\u00edzen\u00ed rusk\u00e9 v\u00e1le\u010dn\u00e9 z\u00e1kladny ve Vietnamu. Smlouvu o dod\u00e1vk\u00e1ch a spole\u010dn\u00e9m v\u00fdvoji pokro\u010dil\u00fdch zbr\u00e1n\u00ed s d\u016frazem na zbran\u011b \u0159\u00edzen\u00e9 um\u011blou inteligenc\u00ed. Vietnam\u0161t\u00ed gener\u00e1lov\u00e9 a hlavn\u00ed Putin\u016fv v\u00e1le\u010dn\u00edk \u0160ojgu si p\u0159itom notovali o prora\u017een\u00ed z\u00e1padn\u00ed blok\u00e1dy Ruska v jihov\u00fdchodn\u00ed Asii, a z\u00e1padn\u00edch imperialistech, kter\u00fdm se ned\u00e1 v\u011b\u0159it. Gener\u00e1l Xuan Tien prohl\u00e1sil na z\u00e1v\u011bre\u010dn\u00e9 recepci u rusk\u00e9ho vicepremi\u00e9ra \u010cerny\u0161enka: \u201cVietnam bude za v\u0161ech podm\u00ednek spolu s Ruskem!\u201d. Vietnam samoz\u0159ejm\u011b hlasoval na p\u016fd\u011b OSN v\u017edy v rusk\u00fdch intenc\u00edch.<\/p>\n<p>Pou\u010den\u00ed z levn\u00e9ho n\u00e1kupu letadel F-35 Izraelem a mazan\u00e9ho n\u00e1kupu letadel F-35 N\u011bmeckem je jasn\u00e9. Washingtonu te\u010de do bot, a tvrd\u00e1 vyjedn\u00e1v\u00e1n\u00ed nesou ovoce. M\u00edsto do Vietnamu prod\u00e1vat \u201crusk\u00e9\u201d zbran\u011b a letadla vyr\u00e1b\u011bn\u00e1 v \u010cR m\u011bl Fiala let\u011bt do Washingtonu, a pohrozit t\u0159eba jako Netanjahu n\u00e1v\u0161t\u011bvou \u010c\u00edny. A kabiny pro F-35 by se mohly za\u010d\u00edt vyr\u00e1b\u011bt v \u010cR, a letadla by byla za hubi\u010dku! Konec konc\u016f Berl\u00edn nakoupil od\u00a0<a href=\"https:\/\/www.merkur.de\/politik\/ampel-koalition-35-kampfjet-bundeswehr-sondervermoegen-wunderwaffe-macken-hightech-91589646.html\">USA pouh\u00fdch 35 letadel F-35 za 84 milion\u016f CZK<\/a>, a jako protihodnotu si vyjednal novou tov\u00e1rnu, kde se vyrob\u00ed v p\u0159\u00ed\u0161t\u00edch letech 400 drak\u016f t\u011bchto letadel!<\/p>\n<p>P\u0159\u00ed\u010dinou n\u00e1hl\u00e9ho m\u011bknut\u00ed Washingtonu p\u0159i uzav\u00edr\u00e1n\u00ed smluv o prodeji F-35 v posledn\u00ed dob\u011b\u00a0<a href=\"https:\/\/www.bloomberg.com\/news\/articles\/2023-06-19\/macron-urges-europe-to-think-twice-before-buying-non-eu-defense\">je \u010dervnov\u00fd pokrok Macrona p\u0159i v\u00fdvoji a v\u00fdrob\u011b st\u00edha\u010dky FCAS<\/a>. Macron nov\u011b ozn\u00e1mil, \u017ee ke koalici evropsk\u00fdch zem\u00ed, N\u011bmecka, Francie a \u0160pan\u011blska, kter\u00e1 st\u00edha\u010dku vyv\u00edj\u00ed, nyn\u00ed\u00a0<a href=\"https:\/\/techxplore.com\/news\/2023-06-biggest-ever-airliner-day-paris-air.html\">p\u0159istoupila Belgie<\/a>. St\u00edha\u010dka FCAS m\u00e1 b\u00fdt p\u0159ipravena k v\u00fdrob\u011b v roce 2040, a bude zna\u010dn\u011b pokro\u010dilej\u0161\u00ed i levn\u011bj\u0161\u00ed na provoz ne\u017e sou\u010dasn\u00e9 F-35, jeho\u017e ka\u017ed\u00e1 hodina letu\u00a0<a href=\"https:\/\/www.merkur.de\/politik\/ampel-koalition-35-kampfjet-bundeswehr-sondervermoegen-wunderwaffe-macken-hightech-91589646.html\">stoj\u00ed neuv\u011b\u0159iteln\u00fdch 800 tis\u00edc CZK<\/a>. Vl\u00e1da \u010cR nyn\u00ed m\u00edsto toho, aby p\u0159etahovan\u00e9 mezi Z\u00e1padn\u00ed EU a USA o budouc\u00ed lukrativn\u00ed zbrojn\u00ed k\u0161efty s letadly vyu\u017eila, d\u011bl\u00e1 v\u0161e proto, aby \u010ce\u0161i zaplatili za letadla co nejvy\u0161\u0161\u00ed sumu, a aby \u010de\u0161t\u00ed technici a d\u011bln\u00edci nez\u00edskali \u017e\u00e1dnou dob\u0159e placenou pr\u00e1ci! Takov\u00e9 vl\u00e1d\u011b je to t\u0159eba demokraticky, ale rychle spo\u010d\u00edtat.<\/p>\n<p><a href=\"https:\/\/www.michalapetr.com\/map-1728-cr-bude-platit-nemecku-za-americka-letadla-f-35-dalsi-neuveritelny-kiks-ceske-vlady-lukrativni-pracovni-mista-pro-nemce-miliardove-dluhy-pro-cechy-to-je-politika-fialy\/\">Michael Svato\u0161<\/a><\/p>\n<p><img decoding=\"async\" loading=\"lazy\" class=\"alignnone size-full wp-image-27204\" src=\"http:\/\/www.infokuryr.cz\/n\/wp-content\/uploads\/2023\/05\/Michael_Svatos.png\" alt=\"\" width=\"180\" height=\"180\" srcset=\"https:\/\/www.infokuryr.cz\/n\/wp-content\/uploads\/2023\/05\/Michael_Svatos.png 180w, https:\/\/www.infokuryr.cz\/n\/wp-content\/uploads\/2023\/05\/Michael_Svatos-150x150.png 150w\" sizes=\"(max-width: 180px) 100vw, 180px\" \/><\/p>\n<p>&nbsp;<\/p>\n<p><a href=\"https:\/\/stranapro.cz\/\"><img decoding=\"async\" loading=\"lazy\" class=\"wp-image-30218 aligncenter\" src=\"http:\/\/www.infokuryr.cz\/n\/wp-content\/uploads\/2023\/06\/PRO-banner-300x36.png\" alt=\"\" width=\"1358\" height=\"163\" srcset=\"https:\/\/www.infokuryr.cz\/n\/wp-content\/uploads\/2023\/06\/PRO-banner-300x36.png 300w, https:\/\/www.infokuryr.cz\/n\/wp-content\/uploads\/2023\/06\/PRO-banner-768x93.png 768w, https:\/\/www.infokuryr.cz\/n\/wp-content\/uploads\/2023\/06\/PRO-banner.png 849w\" sizes=\"(max-width: 1358px) 100vw, 1358px\" \/><\/a><\/p>\n<p>&nbsp;<\/p>\n<p>&nbsp;<\/p>\n<p>&nbsp;<\/p>\n","protected":false},"excerpt":{"rendered":"<p>\u010cR bude platit N\u011bmecku za americk\u00e1 letadla F-35! Dal\u0161\u00ed neuv\u011b\u0159iteln\u00fd kiks \u010desk\u00e9 vl\u00e1dy! Lukrativn\u00ed pracovn\u00ed&#8230;<\/p>\n","protected":false},"author":2,"featured_media":18697,"comment_status":"closed","ping_status":"closed","sticky":false,"template":"","format":"standard","meta":[],"categories":[6],"tags":[1042,429,535,4402,99],"_links":{"self":[{"href":"https:\/\/www.infokuryr.cz\/n\/wp-json\/wp\/v2\/posts\/32141"}],"collection":[{"href":"https:\/\/www.infokuryr.cz\/n\/wp-json\/wp\/v2\/posts"}],"about":[{"href":"https:\/\/www.infokuryr.cz\/n\/wp-json\/wp\/v2\/types\/post"}],"author":[{"embeddable":true,"href":"https:\/\/www.infokuryr.cz\/n\/wp-json\/wp\/v2\/users\/2"}],"replies":[{"embeddable":true,"href":"https:\/\/www.infokuryr.cz\/n\/wp-json\/wp\/v2\/comments?post=32141"}],"version-history":[{"count":1,"href":"https:\/\/www.infokuryr.cz\/n\/wp-json\/wp\/v2\/posts\/32141\/revisions"}],"predecessor-version":[{"id":32142,"href":"https:\/\/www.infokuryr.cz\/n\/wp-json\/wp\/v2\/posts\/32141\/revisions\/32142"}],"wp:featuredmedia":[{"embeddable":true,"href":"https:\/\/www.infokuryr.cz\/n\/wp-json\/wp\/v2\/media\/18697"}],"wp:attachment":[{"href":"https:\/\/www.infokuryr.cz\/n\/wp-json\/wp\/v2\/media?parent=32141"}],"wp:term":[{"taxonomy":"category","embeddable":true,"href":"https:\/\/www.infokuryr.cz\/n\/wp-json\/wp\/v2\/categories?post=32141"},{"taxonomy":"post_tag","embeddable":true,"href":"https:\/\/www.infokuryr.cz\/n\/wp-json\/wp\/v2\/tags?post=32141"}],"curies":[{"name":"wp","href":"https:\/\/api.w.org\/{rel}","templated":true}]}}