{"id":32077,"date":"2023-07-14T01:13:54","date_gmt":"2023-07-13T23:13:54","guid":{"rendered":"http:\/\/www.infokuryr.cz\/n\/?p=32077"},"modified":"2023-07-13T19:23:00","modified_gmt":"2023-07-13T17:23:00","slug":"v-zaporozske-oblasti-ziskali-dukazy-pripravy-utoku-na-jadernou-elektrarnu","status":"publish","type":"post","link":"https:\/\/www.infokuryr.cz\/n\/2023\/07\/14\/v-zaporozske-oblasti-ziskali-dukazy-pripravy-utoku-na-jadernou-elektrarnu\/","title":{"rendered":"V Z\u00e1poro\u017esk\u00e9 oblasti z\u00edskali d\u016fkazy p\u0159\u00edpravy \u00fatoku na jadernou elektr\u00e1rnu"},"content":{"rendered":"<div id=\"fb-root\"><\/div>\n<div class=\"article__header\"><\/div>\n<div class=\"article__body\">\n<div class=\"article__block\" data-type=\"text\">\n<div class=\"article__text\">\n<p><strong>Voj\u00e1ci z\u00edskali nezvratn\u00e9 d\u016fkazy, \u017ee ukrajinsk\u00e1 arm\u00e1da p\u0159ipravuje raketov\u00fd \u00fatok na Z\u00e1poro\u017eskou jadernou elektr\u00e1rnu, \u0159ekl v rozhovoru pro Sputnik v\u016fdce z\u00e1poro\u017esk\u00e9ho ve\u0159ejn\u00e9ho hnut\u00ed Jsme spolu s Ruskem Vladimir Rogov.<\/strong><\/p>\n<p>V\u010dera tak\u00e9 promluvil o zadr\u017een\u00ed ukrajinsk\u00fdch diverzant\u016f vycvi\u010den\u00fdch v N\u011bmecku britsk\u00fdmi instruktory, kte\u0159\u00ed m\u011bli zam\u011b\u0159it laserem rakety na Z\u00e1poro\u017eskou jadernou elektr\u00e1rnu.<\/p>\n<p>\u201eZadr\u017een\u00ed se u v\u00fdslechu p\u0159iznali. Dnes m\u00e1me nezvratn\u00e9 d\u016fkazy p\u0159\u00edprav ukrajinsk\u00fdch voj\u00e1k\u016f na rozkaz kyjevsk\u00e9ho re\u017eimu k raketov\u00e9mu \u00fatoku na Z\u00e1poro\u017eskou jadernou elektr\u00e1rnu a n\u00e1sleduj\u00edc\u00ed obvin\u011bn\u00ed z toho Ruska. P\u0159i\u010dem\u017e na p\u0159\u00edprav\u011b provokace je zjevn\u00e1 britsk\u00e1 stopa,\u201d \u0159ekl Rogov.<\/p>\n<p>Operaci \u0159\u00eddil podle jeho slov agent SBU. V\u00fdsadek diverzn\u00ed skupiny se konal p\u0159es \u0159eku Dn\u011bpr, kterou m\u011bli p\u0159eplout.<\/p>\n<\/div>\n<div>\n<img decoding=\"async\" loading=\"lazy\" class=\"alignnone size-full wp-image-1185\" src=\"http:\/\/www.infokuryr.cz\/n\/wp-content\/uploads\/2021\/04\/kuryr-podpis.png\" alt=\"\" width=\"84\" height=\"24\" \/><\/div>\n<\/div>\n<\/div>\n<div><\/div>\n<div><\/div>\n<div><a href=\"https:\/\/stranapro.cz\/\"><img decoding=\"async\" loading=\"lazy\" class=\"wp-image-30218 aligncenter\" src=\"http:\/\/www.infokuryr.cz\/n\/wp-content\/uploads\/2023\/06\/PRO-banner-300x36.png\" alt=\"\" width=\"1350\" height=\"162\" srcset=\"https:\/\/www.infokuryr.cz\/n\/wp-content\/uploads\/2023\/06\/PRO-banner-300x36.png 300w, https:\/\/www.infokuryr.cz\/n\/wp-content\/uploads\/2023\/06\/PRO-banner-768x93.png 768w, https:\/\/www.infokuryr.cz\/n\/wp-content\/uploads\/2023\/06\/PRO-banner.png 849w\" sizes=\"(max-width: 1350px) 100vw, 1350px\" \/><\/a><\/div>\n<div><\/div>\n<div><\/div>\n<div><\/div>\n<div><\/div>\n","protected":false},"excerpt":{"rendered":"<p>Voj\u00e1ci z\u00edskali nezvratn\u00e9 d\u016fkazy, \u017ee ukrajinsk\u00e1 arm\u00e1da p\u0159ipravuje raketov\u00fd \u00fatok na Z\u00e1poro\u017eskou jadernou elektr\u00e1rnu, \u0159ekl&#8230;<\/p>\n","protected":false},"author":2,"featured_media":14905,"comment_status":"closed","ping_status":"closed","sticky":false,"template":"","format":"standard","meta":[],"categories":[7],"tags":[3139,26,2999],"_links":{"self":[{"href":"https:\/\/www.infokuryr.cz\/n\/wp-json\/wp\/v2\/posts\/32077"}],"collection":[{"href":"https:\/\/www.infokuryr.cz\/n\/wp-json\/wp\/v2\/posts"}],"about":[{"href":"https:\/\/www.infokuryr.cz\/n\/wp-json\/wp\/v2\/types\/post"}],"author":[{"embeddable":true,"href":"https:\/\/www.infokuryr.cz\/n\/wp-json\/wp\/v2\/users\/2"}],"replies":[{"embeddable":true,"href":"https:\/\/www.infokuryr.cz\/n\/wp-json\/wp\/v2\/comments?post=32077"}],"version-history":[{"count":0,"href":"https:\/\/www.infokuryr.cz\/n\/wp-json\/wp\/v2\/posts\/32077\/revisions"}],"wp:featuredmedia":[{"embeddable":true,"href":"https:\/\/www.infokuryr.cz\/n\/wp-json\/wp\/v2\/media\/14905"}],"wp:attachment":[{"href":"https:\/\/www.infokuryr.cz\/n\/wp-json\/wp\/v2\/media?parent=32077"}],"wp:term":[{"taxonomy":"category","embeddable":true,"href":"https:\/\/www.infokuryr.cz\/n\/wp-json\/wp\/v2\/categories?post=32077"},{"taxonomy":"post_tag","embeddable":true,"href":"https:\/\/www.infokuryr.cz\/n\/wp-json\/wp\/v2\/tags?post=32077"}],"curies":[{"name":"wp","href":"https:\/\/api.w.org\/{rel}","templated":true}]}}