{"id":32076,"date":"2023-07-14T01:12:30","date_gmt":"2023-07-13T23:12:30","guid":{"rendered":"http:\/\/www.infokuryr.cz\/n\/?p=32076"},"modified":"2023-07-13T19:20:33","modified_gmt":"2023-07-13T17:20:33","slug":"v-kremlu-oznacili-za-nebezpecny-krok-zaruky-bezpecnosti-pro-ukrajinu-od-g7","status":"publish","type":"post","link":"https:\/\/www.infokuryr.cz\/n\/2023\/07\/14\/v-kremlu-oznacili-za-nebezpecny-krok-zaruky-bezpecnosti-pro-ukrajinu-od-g7\/","title":{"rendered":"V Kremlu ozna\u010dili za nebezpe\u010dn\u00fd krok z\u00e1ruky bezpe\u010dnosti pro Ukrajinu od G7"},"content":{"rendered":"<div id=\"fb-root\"><\/div>\n<p><strong>Poskytnut\u00ed Ukrajin\u011b jak\u00fdchkoli z\u00e1ruk bezpe\u010dnosti je nanejv\u00fd\u0161 myln\u00e9 a velmi nebezpe\u010dn\u00e9, ohro\u017euje to bezpe\u010dnost Ruska, prohl\u00e1sil mluv\u010d\u00ed prezidenta RF Dmitrij Peskov.<\/strong><\/p>\n<p>\u201ePova\u017eujeme to za nanejv\u00fd\u0161 myln\u00e9 a potenci\u00e1ln\u011b nebezpe\u010dn\u00e9. Proto\u017ee kdy\u017e poskytuj\u00ed jak\u00e9koli z\u00e1ruky bezpe\u010dnosti Ukrajin\u011b, tyto zem\u011b fakticky ignoruj\u00ed mezin\u00e1rodn\u00ed z\u00e1sadu ned\u011blitelnosti bezpe\u010dnosti. Tedy t\u00edm, \u017ee poskytuj\u00ed z\u00e1ruky bezpe\u010dnosti Ukrajin\u011b, ohro\u017euj\u00ed bezpe\u010dnost Rusk\u00e9 federace. To nen\u00ed mo\u017en\u00e9. A m\u016f\u017ee to m\u00edt ve st\u0159edn\u011bdob\u00e9, dlouhodob\u00e9 a dokonce i v kr\u00e1tkodob\u00e9 perspektiv\u011b velmi, velmi negativn\u00ed n\u00e1sledky,\u201c \u0159ekl Peskov novin\u00e1\u0159\u016fm.<\/p>\n<p><img decoding=\"async\" loading=\"lazy\" class=\"alignnone size-full wp-image-1185\" src=\"http:\/\/www.infokuryr.cz\/n\/wp-content\/uploads\/2021\/04\/kuryr-podpis.png\" alt=\"\" width=\"84\" height=\"24\" \/><\/p>\n<p>&nbsp;<\/p>\n<p><a href=\"https:\/\/stranapro.cz\/\"><img decoding=\"async\" loading=\"lazy\" class=\"wp-image-30218 aligncenter\" src=\"http:\/\/www.infokuryr.cz\/n\/wp-content\/uploads\/2023\/06\/PRO-banner-300x36.png\" alt=\"\" width=\"1358\" height=\"163\" srcset=\"https:\/\/www.infokuryr.cz\/n\/wp-content\/uploads\/2023\/06\/PRO-banner-300x36.png 300w, https:\/\/www.infokuryr.cz\/n\/wp-content\/uploads\/2023\/06\/PRO-banner-768x93.png 768w, https:\/\/www.infokuryr.cz\/n\/wp-content\/uploads\/2023\/06\/PRO-banner.png 849w\" sizes=\"(max-width: 1358px) 100vw, 1358px\" \/><\/a><\/p>\n<p>&nbsp;<\/p>\n<p>&nbsp;<\/p>\n<p>&nbsp;<\/p>\n","protected":false},"excerpt":{"rendered":"<p>Poskytnut\u00ed Ukrajin\u011b jak\u00fdchkoli z\u00e1ruk bezpe\u010dnosti je nanejv\u00fd\u0161 myln\u00e9 a velmi nebezpe\u010dn\u00e9, ohro\u017euje to bezpe\u010dnost Ruska,&#8230;<\/p>\n","protected":false},"author":2,"featured_media":12807,"comment_status":"closed","ping_status":"closed","sticky":false,"template":"","format":"standard","meta":[],"categories":[7],"tags":[323,22,26],"_links":{"self":[{"href":"https:\/\/www.infokuryr.cz\/n\/wp-json\/wp\/v2\/posts\/32076"}],"collection":[{"href":"https:\/\/www.infokuryr.cz\/n\/wp-json\/wp\/v2\/posts"}],"about":[{"href":"https:\/\/www.infokuryr.cz\/n\/wp-json\/wp\/v2\/types\/post"}],"author":[{"embeddable":true,"href":"https:\/\/www.infokuryr.cz\/n\/wp-json\/wp\/v2\/users\/2"}],"replies":[{"embeddable":true,"href":"https:\/\/www.infokuryr.cz\/n\/wp-json\/wp\/v2\/comments?post=32076"}],"version-history":[{"count":0,"href":"https:\/\/www.infokuryr.cz\/n\/wp-json\/wp\/v2\/posts\/32076\/revisions"}],"wp:featuredmedia":[{"embeddable":true,"href":"https:\/\/www.infokuryr.cz\/n\/wp-json\/wp\/v2\/media\/12807"}],"wp:attachment":[{"href":"https:\/\/www.infokuryr.cz\/n\/wp-json\/wp\/v2\/media?parent=32076"}],"wp:term":[{"taxonomy":"category","embeddable":true,"href":"https:\/\/www.infokuryr.cz\/n\/wp-json\/wp\/v2\/categories?post=32076"},{"taxonomy":"post_tag","embeddable":true,"href":"https:\/\/www.infokuryr.cz\/n\/wp-json\/wp\/v2\/tags?post=32076"}],"curies":[{"name":"wp","href":"https:\/\/api.w.org\/{rel}","templated":true}]}}