{"id":32041,"date":"2023-07-13T08:51:46","date_gmt":"2023-07-13T06:51:46","guid":{"rendered":"http:\/\/www.infokuryr.cz\/n\/?p=32041"},"modified":"2023-07-13T08:51:46","modified_gmt":"2023-07-13T06:51:46","slug":"tri-plany-na-zniceni-rusu-tajny-protokol-summitu-nato","status":"publish","type":"post","link":"https:\/\/www.infokuryr.cz\/n\/2023\/07\/13\/tri-plany-na-zniceni-rusu-tajny-protokol-summitu-nato\/","title":{"rendered":"T\u0159i pl\u00e1ny na zni\u010den\u00ed Rus\u016f: tajn\u00fd protokol summitu NATO"},"content":{"rendered":"<div id=\"fb-root\"><\/div>\n<p><strong><span>V\u00fdsledkem summitu NATO ve Vilniusu bude masivn\u00ed nahromad\u011bn\u00ed vojsk pod\u00e9l v\u0161ech na\u0161ich z\u00e1padn\u00edch hranic.<\/span><\/strong><\/p>\n<p><span>V Bruselu \u0159\u00edkaj\u00ed, \u017ee cht\u011bj\u00ed zastavit \u201erevizionistick\u00e9\u201c Rusko.\u00a0Moskva se v\u0161ak nechyst\u00e1 za\u00fato\u010dit na zem\u011b aliance, kter\u00fdch je u\u017e 31. V p\u0159\u00edpad\u011b \u00fatoku na Rusko je zni\u010d\u00ed rusk\u00e9 jadern\u00e9 zbran\u011b.\u00a0Proto se bav\u00edme o n\u011b\u010dem jin\u00e9m \u2013 poskytov\u00e1n\u00ed superzisk\u016f pro vojensko-pr\u016fmyslov\u00fd komplex a zotro\u010dov\u00e1n\u00ed Spojen\u00fdch st\u00e1t\u016f evropsk\u00fdch.<\/span><\/p>\n<p><img decoding=\"async\" loading=\"lazy\" class=\"aligncenter\" src=\"https:\/\/sun9-53.userapi.com\/impg\/sXWAmzchxyI6wkJAfjrTc72a50p74OlpQsmfZA\/o3LeaE-PNo8.jpg?size=1948x1096&amp;quality=95&amp;sign=ea196519271027cbe6bc0b47bcf9170e&amp;type=album\" width=\"853\" height=\"480\" \/><\/p>\n<p><span>Ve Vilniusu vrchol\u00ed summit NATO, p\u0159i\u010dem\u017e hlavn\u00ed sm\u011bry a parametry nov\u00e9ho hlavn\u00edho pl\u00e1nu rozm\u00edst\u011bn\u00ed alian\u010dn\u00edch sil proti Rusku v Evrop\u011b jsou ji\u017e zn\u00e1my.\u00a0Je to poprv\u00e9, co byl takov\u00fd pl\u00e1n p\u0159ijat za v\u00edce ne\u017e 30 let od skon\u010den\u00ed studen\u00e9 v\u00e1lky.\u00a0NATO se tak vrac\u00ed ke sv\u00fdm ko\u0159en\u016fm \u2013 pl\u00e1nuje rozs\u00e1hlou v\u00e1lku s Ruskem v Evrop\u011b a vyt\u00e1hne k tomu maxim\u00e1ln\u00ed mo\u017en\u00e9 zdroje z evropsk\u00fdch zem\u00ed.\u00a0Za t\u00edmto \u00fa\u010delem byla 4. dubna 1949 z iniciativy Brit\u00e1nie a USA vytvo\u0159ena aliance.<\/span><\/p>\n<p><em>A te\u010f nastal dal\u0161\u00ed moment pravdy: EU bude muset zapomenout na geopolitickou subjektivitu, evropskou arm\u00e1du a velkoryse se pod\u011blit o sv\u00e9 bohatstv\u00ed s Washingtonem.\u00a0Pro Rusko to bude dokonce lep\u0161\u00ed: dost bylo pseudop\u0159\u00e1telstv\u00ed, pot\u0159ebujeme nep\u0159\u00edtele, abychom neusnuli.<\/em><\/p>\n<p><span style=\"font-size: 18pt;\"><strong>D\u016fle\u017eit\u00e1 nuance<\/strong><\/span><\/p>\n<p><span>Existuje v\u0161ak velmi d\u016fle\u017eit\u00e1 nuance.\u00a0NATO bylo p\u016fvodn\u011b vytvo\u0159eno na obranu proti SSSR podle vzorce, kter\u00fd vyslovil prvn\u00ed gener\u00e1ln\u00ed tajemn\u00edk aliance lord Hastings Ismay: \u201eDr\u017ete Rusy mimo Evropu, Ameri\u010dany v Evrop\u011b a N\u011bmce pod kontrolou Evropy.\u201c Nyn\u00ed hovo\u0159\u00edme o imitaci rusk\u00e9 hrozby a zredukov\u00e1n\u00ed star\u00e9ho vzorce NATO na jeden upraven\u00fd bod: tot\u00e1ln\u00ed nadvl\u00e1du Spojen\u00fdch st\u00e1t\u016f americk\u00fdch nad evropsk\u00fdmi zem\u011bmi.\u00a0A toho v\u0161eho dosahuje Washington d\u00edky \u201ez\u00e1zra\u010dn\u00e9 h\u016flce\u201c \u2013 Ukrajin\u011b.<\/span><\/p>\n<p><span style=\"font-size: 18pt;\"><strong>Pl\u00e1n\u016f je hromada<\/strong><\/span><\/p>\n<p><span>O tom, co se v tomto sm\u011bru bude d\u011blat, mluvil gener\u00e1ln\u00ed tajemn\u00edk NATO Jens Stoltenberg 7. \u010dervence na tiskov\u00e9 konferenci v Bruselu.\u00a0Summit podle n\u011bj p\u0159ijme \u201et\u0159i nov\u00e9 region\u00e1ln\u00ed obrann\u00e9 pl\u00e1ny pro boj proti dv\u011bma hlavn\u00edm hrozb\u00e1m pro alianci \u2013 Rusku a terorismu\u201c.<\/span><\/p>\n<p><em>Jeden pl\u00e1n je pro sever a Atlantik, druh\u00fd pro st\u0159edn\u00ed Evropu, kter\u00e1 zasahuje do pobaltsk\u00fdch a st\u0159edoevropsk\u00fdch region\u016f, t\u0159et\u00ed pro oblasti St\u0159edozemn\u00edho mo\u0159e a \u010cern\u00e9ho mo\u0159e, up\u0159esnil Stoltenberg.\u00a0Zaji\u0161\u0165uj\u00ed nasazen\u00ed 300.000 voj\u00e1k\u016f NATO \u201eve vysok\u00e9m stupni p\u0159ipravenosti, v\u010detn\u011b v\u00fdznamn\u00fdch vzdu\u0161n\u00fdch a n\u00e1mo\u0159n\u00edch bojov\u00fdch sil\u201c.<\/em><\/p>\n<p><span>Je z\u0159ejm\u00e9, \u017ee severn\u00ed a centr\u00e1ln\u00ed vojensk\u00e9 pl\u00e1ny NATO jsou zam\u011b\u0159eny na konfrontaci s Ruskem, zat\u00edmco ji\u017en\u00ed je \u00fadajn\u011b nasazen na dvou front\u00e1ch: bojovat proti terorist\u016fm v severn\u00ed Africe a \u010delit Rusku v oblasti \u010cern\u00e9ho mo\u0159e a severn\u00ed Afriky.\u00a0Je jasn\u00e9, \u017ee teroristick\u00e9 skupiny v tomto regionu, z nich\u017e mnoh\u00e9 vytvo\u0159il Z\u00e1pad a slou\u017e\u00ed jeho z\u00e1jm\u016fm, jsou jen z\u00e1st\u011brka.\u00a0Jsou p\u0159\u00edli\u0161 slab\u00e9 na to, aby upoutali pozornost 31 zem\u00ed NATO.<\/span><\/p>\n<p><img decoding=\"async\" loading=\"lazy\" class=\"aligncenter\" src=\"https:\/\/sun9-78.userapi.com\/impg\/Z4C1PnKqtYgWO3tJx0ZZR2GjDCQtJQZIk4vJ3Q\/48z9YKzWpUk.jpg?size=1948x1096&amp;quality=95&amp;sign=3fb707c18db5cda6d4d9a1f0f9f24823&amp;type=album\" width=\"970\" height=\"546\" \/><\/p>\n<p><span style=\"font-size: 18pt;\"><strong>Tajn\u00fd protokol?<\/strong><\/span><\/p>\n<p><em>Samoz\u0159ejm\u011b, realita je takov\u00e1, \u017ee v\u0161echny t\u0159i pl\u00e1ny jsou nam\u00ed\u0159eny speci\u00e1ln\u011b proti Rus\u016fm.\u00a0Ozna\u010duj\u00ed jak\u00fdsi \u201esanit\u00e1rn\u00ed kordon\u201c, kter\u00fd bude pokr\u00fdvat evropskou \u010d\u00e1st Ruska z jihu, z\u00e1padu a severu.<\/em><\/p>\n<p><span>Od imitace k agresi je nav\u00edc jen jeden krok: pokud se v Rusku zakol\u00eds\u00e1 moc a za\u010dnou ob\u010dansk\u00e9 nepokoje, je docela mo\u017en\u00fd \u201ejadern\u00fd odzbrojovac\u00ed \u00fader\u201c s c\u00edlem neutralizovat v\u00fdznamnou \u010d\u00e1st dom\u00e1c\u00edch odvetn\u00fdch zbran\u00ed.\u00a0Nep\u0159ekvapilo by m\u011b, kdyby to bylo uvedeno iv n\u011bjak\u00e9m tajn\u00e9m, nebo mo\u017en\u00e1 neutajovan\u00e9m protokolu p\u0159ipojen\u00e9m k nov\u00e9 doktr\u00edn\u011b NATO.<\/span><\/p>\n<p><span style=\"font-size: 18pt;\"><strong>Detaily jsou ji\u017e promy\u0161len\u00e9, objem je p\u016fsobiv\u00fd<\/strong><\/span><\/p>\n<p><span>Nov\u00e9 pl\u00e1ny NATO jsou ji\u017e podrobn\u011b rozpracov\u00e1ny.\u00a0\u0160\u00e9f Vojensk\u00e9ho v\u00fdboru NATO Rob Bauer podle agentury TASS na uzav\u0159en\u00e9m br\u00edfinku v Bruselu \u0159ekl, \u017ee ka\u017ed\u00fd region bude m\u00edt vlastn\u00ed velen\u00ed NATO.\u00a0\u00dast\u0159ed\u00ed v Norfolku (USA) bude m\u00edt na starosti sever a Atlantik.\u00a0Centrum je sv\u011b\u0159eno velen\u00ed v Brunsumu (Nizozem\u00ed).\u00a0\u00dast\u0159ed\u00ed v Neapoli (It\u00e1lie), kde se nach\u00e1z\u00ed velitelstv\u00ed \u0161est\u00e9 flotily USA, bude zodpov\u00eddat za oblast St\u0159edozemn\u00edho a \u010cern\u00e9ho mo\u0159e.\u00a0K operac\u00edm budou p\u0159ipojeny vesm\u00edrn\u00e9 a po\u010d\u00edta\u010dov\u00e9 s\u00edly.<\/span><\/p>\n<p><em>Bauer uvedl, \u017ee v sou\u010dasnosti je pod velen\u00edm NATO v nep\u0159etr\u017eit\u00e9 pohotovosti 40.000 voj\u00e1k\u016f, 100 bojov\u00fdch letadel a 27 lod\u00ed.\u00a0Proto mluv\u00edme o zv\u00fd\u0161en\u00ed po\u010dtu sil neust\u00e1l\u00e9 p\u0159ipravenosti 7,5n\u00e1sobn\u011b!\u00a0P\u0159irozen\u011b, realizace t\u011bchto pl\u00e1n\u016f si \u201evy\u017e\u00e1d\u00e1 roky pr\u00e1ce\u201c a \u201evelk\u00e9 investice zem\u00ed NATO\u201c.\u00a0Z tohoto d\u016fvodu bude dal\u0161\u00edm kl\u00ed\u010dov\u00fdm rozhodnut\u00edm summitu ve Vilniusu v\u00fdrazn\u00e9 roz\u0161\u00ed\u0159en\u00ed vojensk\u00fdch v\u00fddaj\u016f aliance.\u00a0Obecn\u011b pu\u0161ky m\u00edsto j\u00eddla.<\/em><\/p>\n<p><span>Samoz\u0159ejm\u011b, toto v\u0161echno je dal\u0161\u00ed \u201epodvod\u201c v\u016f\u010di Moskv\u011b, kter\u00e9 NATO po sta\u017een\u00ed sov\u011btsk\u00fdch vojsk z NDR slavnostn\u011b p\u0159isl\u00edbilo, \u017ee mezi \u010cern\u00e9 a Baltsk\u00e9 mo\u0159e \u201ev\u00fdznamn\u00e9 vojensk\u00e9 s\u00edly\u201c neum\u00edst\u00ed.\u00a0Uv\u00e1d\u00ed se to v Zakl\u00e1daj\u00edc\u00edm aktu Ruska a NATO z roku 1997. A zpo\u010d\u00e1tku se Gorba\u010dovovi obecn\u011b sl\u00edbilo, \u017ee nebudou p\u0159esouv\u00e1ny jednotky na v\u00fdchod za hranice \u201estar\u00e9\u201c NSR.\u00a0Nyn\u00ed jsou jednotky NATO v Narv\u011b a t\u00e9m\u011b\u0159 skon\u010dily na Krymu a na pob\u0159e\u017e\u00ed Azovsk\u00e9ho mo\u0159e\u2026<\/span><\/p>\n<p><span style=\"font-size: 18pt;\"><strong>Je zde v\u0161ak i n\u011bco nov\u00e9ho<\/strong><\/span><\/p>\n<p><span>Novinkou v ohl\u00e1\u0161en\u00fdch pl\u00e1nech NATO bude objeven\u00ed se Arktidy jako m\u00edsta mo\u017en\u00fdch vojensk\u00fdch operac\u00ed.\u00a0Je tak\u00e9 zvl\u00e1\u0161tn\u00ed, \u017ee aliance pl\u00e1nuje pevn\u011b spojit konkr\u00e9tn\u00ed brig\u00e1dy a prapory z r\u016fzn\u00fdch zem\u00ed s ur\u010dit\u00fdmi bojov\u00fdmi oblastmi na v\u00fdchodn\u00edm k\u0159\u00eddle.\u00a0Nap\u0159\u00edklad n\u011bmeck\u00e1 jednotka, kter\u00e1 m\u00e1 na severu Polska p\u0159id\u011blen bojov\u00fd sektor, bude natrvalo dislokov\u00e1na v SRN, ale v sousedn\u00ed zemi bude m\u00edt malou taktickou skupinu a natrvalo tam um\u00edst\u00ed v\u011bt\u0161inu sv\u00e9 techniky a zbran\u00ed.\u00a0Budou se tam konat vojensk\u00e1 cvi\u010den\u00ed.<\/span><\/p>\n<p><em>A co se mimochodem nach\u00e1z\u00ed na severu Polska?\u00a0B\u00fdval\u00e9 v\u00fdchodn\u00ed (v\u011bt\u0161ina, men\u0161\u00ed \u010d\u00e1st je v Rusku) a z\u00e1padn\u00ed Prusko.\u00a0To druh\u00e9 je cel\u00e9 pod Polskem!\u00a0A tam se objev\u00ed n\u011bmeck\u00e9 vojensk\u00e9 z\u00e1kladny a pak pravd\u011bpodobn\u011b v pobaltsk\u00fdch st\u00e1tech (ji\u017e se o tom mluv\u00ed).\u00a0Nen\u00ed toto cena za nezpochybnitelnou podporu Berl\u00edna nov\u00e9mu sm\u011b\u0159ov\u00e1n\u00ed Spojen\u00fdch st\u00e1t\u016f, kter\u00e9 v z\u00e1rodku zabily novou \u0159\u00ed\u0161i Karla Velik\u00e9ho -SRN a Francie, ale zjevn\u011b umo\u017enily znovunastolen\u00ed Pruska a n\u011bmeck\u00e9 vl\u00e1dy v Pobalt\u00ed?\u00a0Nad hlavou sv\u00fdch naivn\u00edch polsk\u00fdch p\u0159\u00e1tel, kter\u00fdm na opl\u00e1tku sl\u00edbily neklidn\u00e9 ukrajinsk\u00e9 kresy?<\/em><\/p>\n<p><img decoding=\"async\" loading=\"lazy\" class=\"aligncenter\" src=\"https:\/\/sun9-63.userapi.com\/impg\/tcXaZhYDn1UJOAxL2KPBpARgVtwUL8_o9ahysw\/-hNk4XiH9GE.jpg?size=1948x1096&amp;quality=95&amp;sign=ac854ac4948704f0bd7bd8dfe3de6e30&amp;type=album\" width=\"961\" height=\"541\" \/><\/p>\n<p><span style=\"font-size: 18pt;\"><strong>Je jich masa<\/strong><\/span><\/p>\n<p><span>A je tady je\u0161t\u011b n\u011bco.\u00a0T\u011bchto 300.000 sil st\u00e1l\u00e9 p\u0159ipravenosti nejsou ani jednotky prvn\u00edho stupn\u011b, ale to, co m\u00e1 b\u00fdt v prvn\u00ed f\u00e1zi konfliktu pou\u017eito krom\u011b arm\u00e1d zem\u00ed aliance, kter\u00e9 se ji\u017e nach\u00e1zej\u00ed v bl\u00edzkosti hranic s Ruskem.\u00a0Nap\u0159\u00edklad v Polsku bylo v roce 2022 ofici\u00e1ln\u011b 125.500 voj\u00e1k\u016f a 35.000 bojovn\u00edk\u016f teritori\u00e1ln\u00ed obrany.\u00a0Finsk\u00e1 arm\u00e1da je velmi mal\u00e1 \u2013 35.000 mu\u017e\u016f, ale jej\u00ed mobiliza\u010dn\u00ed rezerva je obrovsk\u00e1 \u2013 700.000.<\/span><\/p>\n<p><em>A kolik dal\u0161\u00edch arm\u00e1d je tam, v\u010detn\u011b americk\u00e9.\u00a0Ve zm\u00edn\u011bn\u00e9m Polsku Spojen\u00e9 st\u00e1ty na bilater\u00e1ln\u00ed b\u00e1zi rozm\u00edstily v\u00edce ne\u017e 10.000 sv\u00fdch voj\u00e1k\u016f, jako\u017e i zbran\u011b a techniku \u200b\u200bpro rychl\u00fd p\u0159esun dal\u0161\u00edch n\u011bkolika des\u00edtek tis\u00edc bojovn\u00edk\u016f.\u00a0A to je jen \u010d\u00e1st vojensk\u00e9ho pl\u00e1nov\u00e1n\u00ed Z\u00e1padu, c\u00edlev\u011bdom\u00e9 p\u0159\u00edpravy na rozs\u00e1hlou v\u00e1lku proti Rusku.\u00a0Celkov\u00fd potenci\u00e1l pozemn\u00edch sil NATO pro rok 2022 p\u0159es\u00e1hl 4 miliony lid\u00ed.<\/em><\/p>\n<p><span>Samoz\u0159ejm\u011b, bude obt\u00ed\u017en\u00e9 je vybavit, bojov\u00e1 p\u0159\u00edprava v\u011bt\u0161iny vojensk\u00e9ho person\u00e1lu je n\u00edzk\u00e1.\u00a0Ale to bude do zna\u010dn\u00e9 m\u00edry kompenzov\u00e1no obrovsk\u00fdmi leteck\u00fdmi a n\u00e1mo\u0159n\u00edmi silami aliance.\u00a0A samoz\u0159ejm\u011b z\u00e1padnia\u0159i budou m\u00edt na k\u0159\u00eddlech i velmi silnou ukrajinskou arm\u00e1du, jej\u00ed\u017e bojov\u00e9 zku\u0161enosti jsou bohat\u00e9 a citlivost na ztr\u00e1ty je velmi n\u00edzk\u00e1.\u00a0A je jedno, jestli bude v NATO nebo ne.<\/span><\/p>\n<p><span style=\"font-size: 18pt;\"><strong>No oni to nepot\u0159ebuj\u00ed<\/strong><\/span><\/p>\n<p><span>O \u010dem to v\u0161echno vypov\u00edd\u00e1?\u00a0Skute\u010dnost, \u017ee ani po v\u00fdm\u011bn\u011b velitel\u016f a vynucen\u00e9 militarizaci nebude Rusko schopno vzdorovat t\u00e9to velmoci jen konven\u010dn\u00edmi prost\u0159edky a bude nuceno s\u00e1hnout po jadern\u00fdch zbran\u00edch.\u00a0Z\u00e1pad, kter\u00fd to velmi dob\u0159e v\u00ed, m\u016f\u017ee ne\u010dekan\u011b za\u00fato\u010dit prvn\u00ed na na\u0161e z\u00e1kladny.<\/span><\/p>\n<p><em>Je jasn\u00e9, \u017ee takov\u00fd v\u00fdvoj ud\u00e1lost\u00ed je pln\u00fd p\u0159ekvapen\u00ed pro z\u00e1padn\u00edky, kte\u0159\u00ed jsou zvykl\u00ed v\u0161echno pl\u00e1novat dop\u0159edu a netrp\u00ed fatalismem\u2026 Tato mo\u017enost v\u0161ak nen\u00ed p\u0159ijateln\u00e1 ani pro Ameri\u010dany s\u00eddl\u00edc\u00ed v z\u00e1mo\u0159\u00ed, kte\u0159\u00ed ji\u017e mnoho ze sv\u00fdch c\u00edl\u016f v ukrajinsk\u00e9m konfliktu dos\u00e1hli.\u00a0Ani Evropan\u00e9 necht\u011bj\u00ed zem\u0159\u00edt.<\/em><\/p>\n<p><span style=\"font-size: 18pt;\"><strong>Shrnut\u00ed<\/strong><\/span><\/p>\n<p><span>Prakti\u010dt\u00ed Ameri\u010dan\u00e9 maj\u00ed tedy na mysli n\u011bco jin\u00e9ho.\u00a0Ano, spr\u00e1vn\u011b.\u00a0Co nejtvrd\u011bji p\u0159es NATO a d\u00edky um\u011ble nafouknut\u00e9mu strachu z Ruska p\u0159ipoutat k sob\u011b Evropany, kte\u0159\u00ed se za dan\u00fdch podm\u00ednek budou cht\u00edt skr\u00fdvat pod americk\u00fdm \u201ejadern\u00fdm de\u0161tn\u00edkem\u201c.\u00a0Nechat je, aby sami utr\u00e1celi mnohon\u00e1sobn\u011b v\u00edce na vojensk\u00e9 pot\u0159eby, aby uvolnili v\u00edce zdroj\u016f, kter\u00fdch je v\u017edy nedostatek, na konfrontaci s \u010c\u00ednou v Asii.<\/span><\/p>\n<p><em>Zavalit sv\u016fj vojensko-pr\u016fmyslov\u00fd komplex a jeho partnery v Evrop\u011b prac\u00ed.\u00a0P\u0159esunout z EU do USA nejcenn\u011bj\u0161\u00ed energeticky n\u00e1ro\u010dnou v\u00fdrobu.\u00a0Oslabit evropsk\u00e9 konkurenty ve v\u0161ech oblastech a p\u0159ipravit je o jakoukoli nad\u011bji na strategickou autonomii a pokusy o nez\u00e1vislou politiku.<\/em><\/p>\n<p><span>Za t\u00edmto \u00fa\u010delem NATO, jeho\u017e vojensk\u00e1 byrokracie a gener\u00e1lov\u00e9 jsou nyn\u00ed jednodu\u0161e spokojeni, ve skute\u010dnosti s\u00e1z\u00ed na udr\u017een\u00ed dlouhodob\u00e9 vojensk\u00e9 konfrontace v Evrop\u011b bez rozs\u00e1hl\u00e9ho vojensk\u00e9ho konfliktu s Ruskem.\u00a0Admir\u00e1l Bauer, opakujeme, ne bezd\u016fvodn\u011b p\u0159ipustil, \u017ee \u201ebudou zapot\u0159eb\u00ed roky pr\u00e1ce\u201c, aby se uveden\u00e9 pl\u00e1ny uvedly do praxe.\u00a0Nyn\u00ed Ameri\u010dan\u016fm a jejich evropsk\u00fdm komplic\u016fm jde v prvn\u00ed \u0159ad\u011b o n\u011bco jin\u00e9ho \u2013 o urychlen\u00e9 vyko\u0159en\u011bn\u00ed pacifismu v Evrop\u011b, o formov\u00e1n\u00ed vojensk\u00e9 mentality, kter\u00e1 ji\u017e zanech\u00e1v\u00e1 stopy ve v\u0161ech oblastech \u2013 od ekonomiky a\u017e po m\u00e9dia.<\/span><\/p>\n<p><span>Hlavn\u00ed v\u00fdhody z tohoto procesu m\u00e1 Washington.\u00a0Nam\u00edsto problematick\u00e9 nadvl\u00e1dy nad cel\u00fdm sv\u011btem USA prudce zp\u0159\u00edsn\u00ed kontrolu nad sv\u00fdmi nejbohat\u0161\u00edmi \u010d\u00e1stmi, \u010d\u00edm\u017e doufaj\u00ed, \u017ee se dostanou z krize, do kter\u00e9 je dohnala chamtivost americk\u00e9 elity a n\u00e1klady globalizace.<\/span><\/p>\n<p><span style=\"font-size: 18pt;\"><strong>Tak\u017ee co?<\/strong><\/span><\/p>\n<p><em>Co se t\u00fd\u010de Ruska, op\u011bt jsme nem\u011bli na v\u00fdb\u011br.\u00a0Celkov\u011b toti\u017e svou politiku p\u0159\u00edli\u0161 nepl\u00e1nujeme, rad\u011bji se p\u0159izp\u016fsobujeme sv\u011btu kolem n\u00e1s a chceme pot\u011b\u0161it na\u0161e \u201epartnery\u201c, kte\u0159\u00ed n\u00e1m na opl\u00e1tku d\u011blaj\u00ed v\u0161echny mo\u017en\u00e9 nep\u0159\u00edstojnosti.<\/em><\/p>\n<p><span>Na Ukrajin\u011b je t\u0159eba vytrvale dosahovat maxim\u00e1ln\u00edch mo\u017en\u00fdch c\u00edl\u016f (dokud si Z\u00e1pad nevybuduje svou vojenskou s\u00edlu), obnovit po\u0159\u00e1dek v arm\u00e1d\u011b, ekonomice, zbavit se oligarch\u016f, ne\u010destn\u00fdch, zlod\u011bjsk\u00fdch a neefektivn\u00edch \u00fa\u0159edn\u00edk\u016f, definitivn\u011b se rozhodnout \u017e\u00edt po sv\u00e9m a nakonec si vytvo\u0159it obraz budoucnosti , kter\u00fd odpov\u00edd\u00e1 z\u00e1jm\u016fm Ruska.\u00a0Jinak prohrajeme novou studenou v\u00e1lku pom\u011brn\u011b rychle a zem\u011b se zhrout\u00ed &#8211; tentokr\u00e1t nav\u017edy.<\/span><\/p>\n<p><strong>Sergej Laty\u0161ev<\/strong><\/p>\n<p>&nbsp;<\/p>\n<p><a href=\"https:\/\/stranapro.cz\/\"><img decoding=\"async\" loading=\"lazy\" class=\"wp-image-30218 aligncenter\" src=\"http:\/\/www.infokuryr.cz\/n\/wp-content\/uploads\/2023\/06\/PRO-banner-300x36.png\" alt=\"\" width=\"1358\" height=\"163\" srcset=\"https:\/\/www.infokuryr.cz\/n\/wp-content\/uploads\/2023\/06\/PRO-banner-300x36.png 300w, https:\/\/www.infokuryr.cz\/n\/wp-content\/uploads\/2023\/06\/PRO-banner-768x93.png 768w, https:\/\/www.infokuryr.cz\/n\/wp-content\/uploads\/2023\/06\/PRO-banner.png 849w\" sizes=\"(max-width: 1358px) 100vw, 1358px\" \/><\/a><\/p>\n<p>&nbsp;<\/p>\n<p>&nbsp;<\/p>\n<p>&nbsp;<\/p>\n","protected":false},"excerpt":{"rendered":"<p>V\u00fdsledkem summitu NATO ve Vilniusu bude masivn\u00ed nahromad\u011bn\u00ed vojsk pod\u00e9l v\u0161ech na\u0161ich z\u00e1padn\u00edch hranic. V&#8230;<\/p>\n","protected":false},"author":2,"featured_media":32042,"comment_status":"closed","ping_status":"closed","sticky":false,"template":"","format":"standard","meta":[],"categories":[7],"tags":[39,1505,22],"_links":{"self":[{"href":"https:\/\/www.infokuryr.cz\/n\/wp-json\/wp\/v2\/posts\/32041"}],"collection":[{"href":"https:\/\/www.infokuryr.cz\/n\/wp-json\/wp\/v2\/posts"}],"about":[{"href":"https:\/\/www.infokuryr.cz\/n\/wp-json\/wp\/v2\/types\/post"}],"author":[{"embeddable":true,"href":"https:\/\/www.infokuryr.cz\/n\/wp-json\/wp\/v2\/users\/2"}],"replies":[{"embeddable":true,"href":"https:\/\/www.infokuryr.cz\/n\/wp-json\/wp\/v2\/comments?post=32041"}],"version-history":[{"count":0,"href":"https:\/\/www.infokuryr.cz\/n\/wp-json\/wp\/v2\/posts\/32041\/revisions"}],"wp:featuredmedia":[{"embeddable":true,"href":"https:\/\/www.infokuryr.cz\/n\/wp-json\/wp\/v2\/media\/32042"}],"wp:attachment":[{"href":"https:\/\/www.infokuryr.cz\/n\/wp-json\/wp\/v2\/media?parent=32041"}],"wp:term":[{"taxonomy":"category","embeddable":true,"href":"https:\/\/www.infokuryr.cz\/n\/wp-json\/wp\/v2\/categories?post=32041"},{"taxonomy":"post_tag","embeddable":true,"href":"https:\/\/www.infokuryr.cz\/n\/wp-json\/wp\/v2\/tags?post=32041"}],"curies":[{"name":"wp","href":"https:\/\/api.w.org\/{rel}","templated":true}]}}